{"id":518901,"date":"2021-08-31T00:03:39","date_gmt":"2021-08-31T05:03:39","guid":{"rendered":"https:\/\/www.diarioimagen.net\/?p=518901"},"modified":"2021-08-31T02:10:30","modified_gmt":"2021-08-31T07:10:30","slug":"la-sep-requetemal","status":"publish","type":"post","link":"https:\/\/www.diarioimagen.net\/?p=518901","title":{"rendered":"La SEP, \u201crequetemal\u201d"},"content":{"rendered":"<h2>Espacio Electoral<\/h2>\n<h5>Eleazar Flores<\/h5>\n<p>&nbsp;<\/p>\n<p><strong>TEXTUAL-.<\/strong> \u201cAhorita es lo que estamos precisamente haciendo, va a haber un encargado de la Secretar\u00eda de Educaci\u00f3n P\u00fablica en cada estado para\u00a0 que de manera m\u00e1s cercana nos informen y as\u00ed tener ese dato\u201d.<\/p>\n<p>As\u00ed respondi\u00f3 la titular de la SEP a los medios al llegar a la antigua sede del Senado para entrevistarse con legisladores de Morena, cuando se le pregunt\u00f3 si hab\u00eda alg\u00fan corte de cu\u00e1ntas escuelas no pueden abrir.<\/p>\n<p>Justo en v\u00edsperas del inicio presencial del ciclo escolar 2021-2022, la texcocana Delfina G\u00f3mez dijo desconocer el n\u00famero de planteles que por diversas causas no podr\u00e1n recibir a los alumnos as\u00ed se les haya obligado por instrucci\u00f3n presidencial, asistir, llueva, truene o relampaguee.<\/p>\n<p>Ante lo incomprensible del anuncio que hizo de \u201cahorita es lo que estamos precisamente haciendo\u201d, es obligado preguntarle, \u00bfentonces qu\u00e9 papel est\u00e1n haciendo los delegados de la SEP que desde siempre despachan en cada entidad federativa, con una burocracia pesada, mucha de la cual la integran profesores de grupo, que inexplicablemente no est\u00e1n en las aulas?<\/p>\n<p>Eso s\u00ed, confi\u00f3 en la \u201cmuy buena participaci\u00f3n de los padres de familia y maestros para regresar a las escuelas\u201d, aunque reconoci\u00f3 que en algunas de ellas hay\u00a0 carencias, siendo a esta altura de la entrevista que no pudo precisar el n\u00famero de las mismas.<\/p>\n<p>Decir, do\u00f1a Delfina, que en cada estado \u201cva a haber un encargado para que de manera m\u00e1s cercana nos informen y as\u00ed tener ese dato\u201d, supone de entrada crear m\u00e1s burocracia, de entrada innecesaria.<\/p>\n<p>Esto, dado que la infraestructura del nivel b\u00e1sico dispone en cada entidad de direcciones generales, subdirecciones, delegaciones y supervisiones, de preescolar, primaria y secundaria, que para informaci\u00f3n de do\u00f1a Delfina, han venido trabajando dos semanas atr\u00e1s, cuando menos.<\/p>\n<p>Como ver\u00e1, la responsable de la important\u00edsima secretaria de Educaci\u00f3n P\u00fablica apenas va a mandar a sus colaboradores de confianza a cada entidad federativa, no obstante que el ciclo escolar empez\u00f3 ayer, con datos que los funcionarios federales del ramo ya tienen preparados.<\/p>\n<p>Esto no significa que todo est\u00e9 bien, por el contrario, muchos reportaron deficiencias desde las m\u00e1s elementales hasta las m\u00e1s sentidas como la escasez de agua en muchas escuelas, pero despreoc\u00fapese, tan pronto salgan las denuncias en televisi\u00f3n ya habr\u00e1 justificaciones y ojal\u00e1 tambi\u00e9n soluciones.<\/p>\n<p>Esto, porque adem\u00e1s de las carencias materiales, se suma la resistencia de los anta\u00f1o incondicionales al <em>Peje<\/em>, los de la Coordinadora Nacional de Trabajadores de la Educaci\u00f3n, que por dos d\u00edas consecutivos detuvieron el convoy presidencial en el sureste, reteniendo dentro de su veh\u00edculo por m\u00e1s de dos horas el presidente Andr\u00e9s Manuel L\u00f3pez Obrador.<\/p>\n<p>Como ver\u00e1, en materia educativa vamos \u201crequetebi\u00e9n\u201d.<\/p>\n<p><em><a href=\"mailto:elefa44@gmail.com\" target=\"_blank\" rel=\"noopener noreferrer\">elefa44@gmail.com<\/a><\/em><\/p>\n","protected":false},"excerpt":{"rendered":"<p><span style=\"color: #005497;\"><strong>Eleazar Flores<\/strong><\/span><\/p>\n","protected":false},"author":3,"featured_media":0,"comment_status":"open","ping_status":"open","sticky":false,"template":"","format":"standard","meta":{"_monsterinsights_skip_tracking":false,"_monsterinsights_sitenote_active":false,"_monsterinsights_sitenote_note":"","_monsterinsights_sitenote_category":0,"footnotes":""},"categories":[81743],"tags":[81744,81776,43674],"class_list":["post-518901","post","type-post","status-publish","format-standard","hentry","category-eleazar-flores","tag-eleazar-flores","tag-espacio-electoral","tag-opinion"],"_links":{"self":[{"href":"https:\/\/www.diarioimagen.net\/index.php?rest_route=\/wp\/v2\/posts\/518901","targetHints":{"allow":["GET"]}}],"collection":[{"href":"https:\/\/www.diarioimagen.net\/index.php?rest_route=\/wp\/v2\/posts"}],"about":[{"href":"https:\/\/www.diarioimagen.net\/index.php?rest_route=\/wp\/v2\/types\/post"}],"author":[{"embeddable":true,"href":"https:\/\/www.diarioimagen.net\/index.php?rest_route=\/wp\/v2\/users\/3"}],"replies":[{"embeddable":true,"href":"https:\/\/www.diarioimagen.net\/index.php?rest_route=%2Fwp%2Fv2%2Fcomments&post=518901"}],"version-history":[{"count":0,"href":"https:\/\/www.diarioimagen.net\/index.php?rest_route=\/wp\/v2\/posts\/518901\/revisions"}],"wp:attachment":[{"href":"https:\/\/www.diarioimagen.net\/index.php?rest_route=%2Fwp%2Fv2%2Fmedia&parent=518901"}],"wp:term":[{"taxonomy":"category","embeddable":true,"href":"https:\/\/www.diarioimagen.net\/index.php?rest_route=%2Fwp%2Fv2%2Fcategories&post=518901"},{"taxonomy":"post_tag","embeddable":true,"href":"https:\/\/www.diarioimagen.net\/index.php?rest_route=%2Fwp%2Fv2%2Ftags&post=518901"}],"curies":[{"name":"wp","href":"https:\/\/api.w.org\/{rel}","templated":true}]}}