{"id":518916,"date":"2021-08-31T00:12:25","date_gmt":"2021-08-31T05:12:25","guid":{"rendered":"https:\/\/www.diarioimagen.net\/?p=518916"},"modified":"2021-08-31T02:23:03","modified_gmt":"2021-08-31T07:23:03","slug":"hay-condiciones-de-un-sucesor-presidencial-surgido-del-legislativo","status":"publish","type":"post","link":"https:\/\/www.diarioimagen.net\/?p=518916","title":{"rendered":"\u00bfHay condiciones de un sucesor presidencial surgido del Legislativo?"},"content":{"rendered":"<h2>Tras la puerta del poder<\/h2>\n<h5>Roberto Vizca\u00edno<\/h5>\n<p>&nbsp;<\/p>\n<p>Como nunca antes, los pesos y contrapesos dentro del Congreso, el juego de equilibrios en el Senado, y sobre todo en la C\u00e1mara de Diputados, prefiguran en el Legislativo un poder real, equivalente al del Presidente de la Rep\u00fablica.<\/p>\n<p>Por primera vez este poder legislativo tiene la capacidad y una conducci\u00f3n pol\u00edtica colegiada de la oposici\u00f3n -que podr\u00eda sumar a las filas del oficialismo parlamentario no sometidas al presidencialismo omn\u00edmodo-, para someter y acotar a un mandatario avasallador ya muy disminuido, como lo es <strong>Andr\u00e9s Manuel L\u00f3pez Obrador<\/strong>.<\/p>\n<p>Esto, de entrada, abre la puerta a que tambi\u00e9n por primera vez, un candidato presidencial potente, con grandes posibilidades de triunfar, surja del Legislativo en 2024, como ocurre normalmente por ejemplo en Estados Unidos.<\/p>\n<p>Los nuevos equilibrios del poder advierten que ya se rompi\u00f3, acab\u00f3, concluy\u00f3 el m\u00e9todo tradicional pri\u00edsta de que los aspirantes presidenciales ganadores deb\u00edan construirse y surgir del gabinete del mandatario en turno.<\/p>\n<p>En este contexto es hoy impensable que pudiera surgir un candidato presidencial ganador del equipo de <strong>AMLO<\/strong>.<\/p>\n<p>No cuando los dos punteros &#8211;<strong>Marcelo Ebrard<\/strong> y <strong>Claudia Sheinbaum<\/strong>-, quedaron arrasados con el derrumbe de la L\u00ednea 12 del Metro y la monumental derrota electoral en la CDMX.<\/p>\n<p>Tampoco no de un Gabinete integrado no s\u00f3lo por personajes oscuros, sin capacidad de gesti\u00f3n, en su mayor\u00eda desconocidos todos, y m\u00e1s all\u00e1 de la tercera edad casi todos ellos -lo cual en un pa\u00eds donde el 70 por ciento de sus ciudadanos son menores de los 25-30 a\u00f1os es absolutamente at\u00edpico-, y menos a\u00fan provenientes de un Gobierno que ha causado mucho da\u00f1o a amplios sectores de la poblaci\u00f3n.<\/p>\n<p>Adem\u00e1s, este m\u00e9todo pri\u00edsta lleg\u00f3 a su fin en 2000 con el triunfo de <strong>Vicente Fox,<\/strong> que ve\u00eda de la gubernatura de Guanajuato; <strong>Felipe Calder\u00f3n<\/strong> s\u00ed surgi\u00f3 del Gabinete de <strong>Fox,<\/strong> pero <strong>Enrique Pe\u00f1a Nieto<\/strong> en 2012 ven\u00eda de la gubernatura del Estado de M\u00e9xico, y en 2018, <strong>AMLO<\/strong> lleg\u00f3 desde la oposici\u00f3n.<\/p>\n<p>En este contexto, no veo hoy a un gobernador -como en su tiempo fueron <strong>Fox <\/strong>y <strong>Pe\u00f1a Nieto<\/strong>&#8211; que pudiera construirse como aspirante firme a suceder a <strong>L\u00f3pez Obrador<\/strong>. Si Usted tiene uno, <em>porfa<\/em> d\u00edgalo.<\/p>\n<p>Hoy, insisto, todo nos est\u00e1 indicando que ahora le toca surgir al candidato presidencial ganador del Legislativo, y desde esta reflexi\u00f3n, no veo otro que pudiera ser m\u00e1s que a <strong>Ricardo Monreal.\u00a0\u00a0 <\/strong><\/p>\n<p>El zacatecano, como una bendici\u00f3n divina, fue excluido por AMLO de su lista de aspirantes presidenciales. Eso le permiti\u00f3 a<strong> Monreal <\/strong>tomar distancia del mandatario y comenzar a crearse una imagen de aspirante independiente y de opositor interno.<\/p>\n<p>La historia indica que esos aspirantes son los que ganan elecciones.<strong> Monreal <\/strong>mismo ya lo prob\u00f3 al salirse del PRI y ganar como opositor la gubernatura de Zacatecas. Y hace 3 a\u00f1os al oponerse a la decisi\u00f3n de no ser candidato a la jefatura de Gobierno de la CDMX y lograr, a contrapelo, ser senador y coordinador de la bancada mayoritaria.<\/p>\n<p>Creo yo que su candidatura presidencial podr\u00eda terminar de consolidarse en los siguientes 2 a\u00f1os, con un trabajo legislativo fuerte, inclusivo, que acote y someta realmente el voluntarismo de <strong>AMLO<\/strong>, y en los que avancen las reformas de un verdadero cambio de r\u00e9gimen, pero ya no dentro de las locuras del tabasque\u00f1o, sino que surjan de las necesidades de solucionar los problemas de M\u00e9xico.<\/p>\n<p>Sin duda, no s\u00f3lo yo veo todo lo anterior. Habr\u00e1 golpes de todo tipo, sobre todo bajos; traiciones y venganzas, <em>fake news<\/em>, campa\u00f1as, etc-etc. No digo nada que no se sepa.<\/p>\n<p>Pero de que hay un parteaguas, ni qu\u00e9 decirlo. Hoy al instalarse la 65 Legislatura inicia ese nuevo escenario de pesos y contrapesos que pr\u00e1cticamente van a dejar atr\u00e1s a <strong>L\u00f3pez Obrador<\/strong>.<\/p>\n<p><em><a href=\"mailto:rvizcainoa@gmail.com\" target=\"_blank\" rel=\"noopener noreferrer\">rvizcainoa@gmail.com<\/a><br \/>\n<a href=\"http:\/\/endirecto.mx\" target=\"_blank\" rel=\"noopener noreferrer\">www.endirecto.mx<\/a><br \/>\n<a href=\"https:\/\/twitter.com\/_rvizcaino\" target=\"_blank\" rel=\"noopener noreferrer\">@_RVizcaino<\/a><br \/>\n<a href=\"https:\/\/www.facebook.com\/rvizcainoa\" target=\"_blank\" rel=\"noopener noreferrer\">facebook.com\/rvizcainoa<\/a><\/em><\/p>\n","protected":false},"excerpt":{"rendered":"<p><span style=\"color: #005497;\"><strong>Roberto Vizca\u00edno<\/strong><\/span><br \/>\n<br \/>\nComo nunca antes, los pesos y contrapesos dentro del Congreso, el juego de equilibrios en el Senado, y sobre todo en la C\u00e1mara de Diputados, prefiguran en el Legislativo un poder real, equivalente al del Presidente de la Rep\u00fablica.<\/p>\n","protected":false},"author":3,"featured_media":0,"comment_status":"open","ping_status":"open","sticky":false,"template":"","format":"standard","meta":{"_monsterinsights_skip_tracking":false,"_monsterinsights_sitenote_active":false,"_monsterinsights_sitenote_note":"","_monsterinsights_sitenote_category":0,"footnotes":""},"categories":[136],"tags":[43674,93,94],"class_list":["post-518916","post","type-post","status-publish","format-standard","hentry","category-roberto-vizcaino-opinion","tag-opinion","tag-roberto-vizcaino","tag-tras-la-puerta-del-poder"],"_links":{"self":[{"href":"https:\/\/www.diarioimagen.net\/index.php?rest_route=\/wp\/v2\/posts\/518916","targetHints":{"allow":["GET"]}}],"collection":[{"href":"https:\/\/www.diarioimagen.net\/index.php?rest_route=\/wp\/v2\/posts"}],"about":[{"href":"https:\/\/www.diarioimagen.net\/index.php?rest_route=\/wp\/v2\/types\/post"}],"author":[{"embeddable":true,"href":"https:\/\/www.diarioimagen.net\/index.php?rest_route=\/wp\/v2\/users\/3"}],"replies":[{"embeddable":true,"href":"https:\/\/www.diarioimagen.net\/index.php?rest_route=%2Fwp%2Fv2%2Fcomments&post=518916"}],"version-history":[{"count":0,"href":"https:\/\/www.diarioimagen.net\/index.php?rest_route=\/wp\/v2\/posts\/518916\/revisions"}],"wp:attachment":[{"href":"https:\/\/www.diarioimagen.net\/index.php?rest_route=%2Fwp%2Fv2%2Fmedia&parent=518916"}],"wp:term":[{"taxonomy":"category","embeddable":true,"href":"https:\/\/www.diarioimagen.net\/index.php?rest_route=%2Fwp%2Fv2%2Fcategories&post=518916"},{"taxonomy":"post_tag","embeddable":true,"href":"https:\/\/www.diarioimagen.net\/index.php?rest_route=%2Fwp%2Fv2%2Ftags&post=518916"}],"curies":[{"name":"wp","href":"https:\/\/api.w.org\/{rel}","templated":true}]}}