{"id":518984,"date":"2021-09-01T00:03:30","date_gmt":"2021-09-01T05:03:30","guid":{"rendered":"https:\/\/www.diarioimagen.net\/?p=518984"},"modified":"2021-09-02T02:03:25","modified_gmt":"2021-09-02T07:03:25","slug":"mas-de-11-4-millones-de-alumnos-regresaron-a-las-aulas-sep","status":"publish","type":"post","link":"https:\/\/www.diarioimagen.net\/?p=518984","title":{"rendered":"M\u00e1s de 11.4 millones de alumnos regresaron a las aulas: SEP"},"content":{"rendered":"<p>&nbsp;<\/p>\n<ul>\n<li><strong><em>Reiniciaron clases presenciales en 30 entidades<\/em><\/strong><\/li>\n<\/ul>\n<p>&nbsp;<\/p>\n<div id=\"attachment_519064\" style=\"width: 470px\" class=\"wp-caption aligncenter\"><a href=\"https:\/\/www.diarioimagen.net\/?attachment_id=519064\" rel=\"attachment wp-att-519064\"><img loading=\"lazy\" decoding=\"async\" aria-describedby=\"caption-attachment-519064\" class=\"size-full wp-image-519064\" src=\"https:\/\/www.diarioimagen.net\/wp-content\/uploads\/2021\/09\/CLASES.jpg\" alt=\"\" width=\"460\" height=\"270\" \/><\/a><p id=\"caption-attachment-519064\" class=\"wp-caption-text\">M\u00e1s de 11 millones alumnos y 970 mil 617 profesores volvieron a 119 mil 497 escuelas en el pa\u00eds, este lunes, confirm\u00f3 la SEP.<\/p><\/div>\n<p>&nbsp;<\/p>\n<p>Regresaron a clases presenciales 30 de los 32 estados del pa\u00eds, en donde unos 11 millones 426 mil 026 alumnos y 970 mil 617 profesores volvieron a 119 mil 497 escuelas abiertas, inform\u00f3 la secretaria de Educaci\u00f3n, Delfina G\u00f3mez.<\/p>\n<p>En conferencia de prensa en Palacio Nacional, la titular de la SEP detall\u00f3 que s\u00f3lo Baja California Sur y Sinaloa no retornaron a las aulas debido al paso del hurac\u00e1n \u201cNora\u201d.<\/p>\n<p>\u201cLos estados que iniciaron el d\u00eda de ayer fueron 30 estados, recordar que en el caso de Baja California Sur y Sinaloa por el hurac\u00e1n \u201cNora\u201d no regresaron, sin embargo el d\u00eda de ayer por la noche me informaban que afortunadamente todo est\u00e1 trabaj\u00e1ndose bien y el fin de semana, o a m\u00e1s tarde el lunes, le informo Presidente, que ya regresen en estos estados.<\/p>\n<p>\u201cEn lo que se refiere a las cifras, les comento son preliminares: en lo que se refiere a escuelas ahora ya llevamos 119 mil 497 escuelas que ya abrieron, en docentes 970 mil 617, y en alumnos 11 millones 426 mil 026.<\/p>\n<p>\u201cEl factor que var\u00eda un poco es el de alumnos porque haciendo un corte salen alrededor de m\u00e1s de 20 millones de alumnos, sin embargo, hasta hoy queremos confirmarlo bien, porque hay peque\u00f1os que el d\u00eda de ayer no se presentaron sino hasta hoy, en esa parte que est\u00e1 en la mitad. \u00a0\u201cTodav\u00eda esta semana vamos a estar en este proceso de confirmaci\u00f3n de datos, no queremos dar datos err\u00f3neos, queremos dar datos muy precisos, y esos son los datos que se contabilizaron ni\u00f1o por ni\u00f1o y que son reales. Ya en pr\u00f3ximas horas estaremos dando y actualizando dicha informaci\u00f3n\u201d, se\u00f1al\u00f3 la secretaria de Educaci\u00f3n.<\/p>\n<p>La titular de la pol\u00edtica educativa de M\u00e9xico indic\u00f3 que entre las acciones pendientes se encuentra hacer un censo de escuela por escuela, detecci\u00f3n de abandono escolar y visitar escuelas.<\/p>\n<p>\u201c\u00bfQu\u00e9 acciones nos quedan penitentes? Efectivamente, el censo escuela por escuela. Recordemos que Veracruz es un caso especial, as\u00ed como Puebla, Hidalgo (por afectaciones del hurac\u00e1n \u201cGrace\u201d) visitar este censo escuela por escuela.<\/p>\n<p>Hay algunos municipios, en especial son 10 municipios afectados en Veracruz y que estamos realizando y ah\u00ed va participar el programa La Escuela es Nueva en ese censo junto con el gobierno de Veracruz, de Puebla y ahorita vamos a ver tambi\u00e9n las afectadas por \u201cNora\u201d.<\/p>\n<p>\u201cLa segunda es la detecci\u00f3n de abandono escolar, eso tambi\u00e9n se est\u00e1 viendo y en estos d\u00edas ya se va a poder\u00a0 definir el n\u00famero. Eso nos va a permitir si efectivamente no lleg\u00f3 porque le tocaba hoy o porque no va llegar y conocer las causas y orientarlos que lleguen y ah\u00ed va ser muy importante la participaci\u00f3n de Unicef que nos ha estado ayudando. Y la otra es la visita de las escuelas en donde estamos haciendo el monitoreo\u201d, asever\u00f3.<\/p>\n","protected":false},"excerpt":{"rendered":"<p>Regresaron a clases presenciales 30 de los 32 estados del pa\u00eds, en donde unos 11 millones 426 mil 026 alumnos y 970 mil 617 profesores volvieron a 119 mil 497 escuelas abiertas, inform\u00f3 la secretaria de Educaci\u00f3n, Delfina G\u00f3mez.<\/p>\n","protected":false},"author":3,"featured_media":519064,"comment_status":"open","ping_status":"open","sticky":false,"template":"","format":"standard","meta":{"_monsterinsights_skip_tracking":false,"_monsterinsights_sitenote_active":false,"_monsterinsights_sitenote_note":"","_monsterinsights_sitenote_category":0,"footnotes":""},"categories":[3],"tags":[19577,70299,43673,459],"class_list":["post-518984","post","type-post","status-publish","format-standard","has-post-thumbnail","hentry","category-nacional","tag-alumnos","tag-aulas","tag-nacional","tag-sep"],"_links":{"self":[{"href":"https:\/\/www.diarioimagen.net\/index.php?rest_route=\/wp\/v2\/posts\/518984","targetHints":{"allow":["GET"]}}],"collection":[{"href":"https:\/\/www.diarioimagen.net\/index.php?rest_route=\/wp\/v2\/posts"}],"about":[{"href":"https:\/\/www.diarioimagen.net\/index.php?rest_route=\/wp\/v2\/types\/post"}],"author":[{"embeddable":true,"href":"https:\/\/www.diarioimagen.net\/index.php?rest_route=\/wp\/v2\/users\/3"}],"replies":[{"embeddable":true,"href":"https:\/\/www.diarioimagen.net\/index.php?rest_route=%2Fwp%2Fv2%2Fcomments&post=518984"}],"version-history":[{"count":0,"href":"https:\/\/www.diarioimagen.net\/index.php?rest_route=\/wp\/v2\/posts\/518984\/revisions"}],"wp:featuredmedia":[{"embeddable":true,"href":"https:\/\/www.diarioimagen.net\/index.php?rest_route=\/wp\/v2\/media\/519064"}],"wp:attachment":[{"href":"https:\/\/www.diarioimagen.net\/index.php?rest_route=%2Fwp%2Fv2%2Fmedia&parent=518984"}],"wp:term":[{"taxonomy":"category","embeddable":true,"href":"https:\/\/www.diarioimagen.net\/index.php?rest_route=%2Fwp%2Fv2%2Fcategories&post=518984"},{"taxonomy":"post_tag","embeddable":true,"href":"https:\/\/www.diarioimagen.net\/index.php?rest_route=%2Fwp%2Fv2%2Ftags&post=518984"}],"curies":[{"name":"wp","href":"https:\/\/api.w.org\/{rel}","templated":true}]}}