{"id":519013,"date":"2021-09-01T00:02:44","date_gmt":"2021-09-01T05:02:44","guid":{"rendered":"https:\/\/www.diarioimagen.net\/?p=519013"},"modified":"2021-09-02T03:15:28","modified_gmt":"2021-09-02T08:15:28","slug":"voluntariamente-a-fuerzas-empleados-de-gobierno-compran-libro-a-la-mitad-del-camino","status":"publish","type":"post","link":"https:\/\/www.diarioimagen.net\/?p=519013","title":{"rendered":"Voluntariamente a fuerzas, empleados de gobierno compran libro <em>A la mitad del camino<\/em>"},"content":{"rendered":"<h2>La Retaguardia<\/h2>\n<h5>Adriana Moreno Cordero<\/h5>\n<p>&nbsp;<\/p>\n<ul>\n<li><strong><em>Adem\u00e1s, boletos para la rifa del 15 de septiembre<\/em><\/strong><\/li>\n<\/ul>\n<p>&nbsp;<\/p>\n<p>S\u00f3lo los miembros del gabinete podr\u00e1n acceder hoy en Palacio Nacional, al filo de las diez de la ma\u00f1ana al III Informe de Gobierno, aunque en realidad es el onceavo, porque con lo que le gusta al presidente <strong>Andr\u00e9s Manuel L\u00f3pez Obrador<\/strong> hacerla de candidato, pues nada m\u00e1s est\u00e1 buscando plataforma para promocionarse, por eso, en la ma\u00f1anera de ayer se dedic\u00f3 a vender su libro <em>A la mitad del camino<\/em>, con un precio de 248 pesos. Nada m\u00e1s le falt\u00f3 decir, como lo hacen aquellos vendedores que a diario recorren los vagones del Metro con sus mercanc\u00edas: \u201c\u00a1ll\u00e9velo, ll\u00e9velo, va calado, va garantizado!\u201d. Eso s\u00ed, los miembros del c\u00edrculo cercano del mandatario tienen la consigna de aplaudir mucho, no sea que su jefe se les vaya a enojar si no lo hacen.<\/p>\n<p>Con raz\u00f3n corre la versi\u00f3n en los corrillos pol\u00edticos de que \u201cvoluntariamente a fuerzas\u201d, funcionarios de las diferentes dependencias fueron obligados a comprar el m\u00e1s reciente libro de la autor\u00eda del Presidente que s\u00f3lo es puro desperdicio. Igualmente a los empleados del gobierno, seg\u00fan se sabe, esta errada cuarta transformaci\u00f3n ha obligado a comprar billetes para la est\u00e9ril rifa del pr\u00f3ximo 15 de septiembre, en la que se rifar\u00e1n dependiendo del nivel jer\u00e1rquico y van de tres a cinco \u201ccachitos\u201d. Todo es \u201ccooperacha voluntaria\u201d para \u201capoyar a la 4T\u201d.<\/p>\n<p>Lo cierto es que el texto del de Tepetit\u00e1n, es como ser\u00e1 hoy su en\u00e9simo Informe y los promocionales que se pudieron ver por la televisi\u00f3n que bajo la consigna de \u201chechos, no palabras\u201d, s\u00f3lo representan una serie de mentiras, muchas, hiladas unas con otras y que a fuerza de ser repetidas, el presidente supone que se volver\u00e1n verdad.<\/p>\n<p>Un ejemplo de lo anterior, es que falta a la verdad cuando dice que el 60 por ciento de la poblaci\u00f3n mexicana est\u00e1 vacunada. Hay que refrescarle la memoria al inquilino de Palacio Nacional; el esquema completo, es decir, las dos dosis, lo ha recibido s\u00f3lo el 36 por ciento de los mexicanos, esto, sin pasar por alto que el retorno a las clases presenciales se dio, por ocurrencia y capricho del presidente, en medio de una intensa tercera ola de Covid-19.<\/p>\n<p>No se ha recuperado el empleo, sobre todo, el de calidad; la econom\u00eda va a la baja; el dinero lo tira el tabasque\u00f1o en sus obras mejor conocidas como \u201celefantes blancos\u201d, ya sea Dos Bocas, el Tren Maya o el Aeropuerto de Santa Luc\u00eda o bien, en organizar absurdas consultas, dejando sin medicinas a los ni\u00f1os con c\u00e1ncer y otros enfermos.<\/p>\n<p>Vistos tan s\u00f3lo unos \u201cbotones\u201d de muestra de manera muy general \u00bfc\u00f3mo es posible que L\u00f3pez Obrador diga que a la mitad de este camino se podr\u00eda retirar con la conciencia tranquila\u201d. Y una verdadera l\u00e1stima es que hoy no habr\u00e1 \u201cstand-up\u201d matutino.<\/p>\n<p>A pesar de que no tendr\u00e1 un evento multitudinario como tanto le gustan al tabasque\u00f1o, con el \u201cpueblo sabio y bueno\u201d rode\u00e1ndolo y rindi\u00e9ndole pleites\u00eda, as\u00ed como diputados y senadores de su partido aplaudi\u00e9ndole, L\u00f3pez Obrador estar\u00e1 muy gustoso en ese \u201cD\u00eda del Presidente\u201d, estilo Cuarta Transformaci\u00f3n que ha construido para su disfrute.<\/p>\n<p>Y por cierto y hablando de la carrera presidencial que ha arrancado en este Tercer Informe de Gobierno, ocupado en placear a la jefa de Gobierno de la CDMX, <strong>Claudia Sheinbaum,<\/strong> y el supuesto enfrentamiento con el coordinador de Morena en el Senado de la Rep\u00fablica, Ricardo Monreal, este ratifica su deseo de ser candidato de morena \u201ca la buena\u201d<\/p>\n<p>Agreg\u00f3 el legislador zacatecano: \u201cNi quiero ser excluido ni quiero ser impuesto por nada y por nadie; quiero ganarme la confianza de mucha gente dentro de Morena y participar en el partido, en su momento y ganarme a la \u201cbuena\u201d la candidatura presidencial\u201d y con ello refrend\u00f3 su inter\u00e9s de participar en la contienda electoral del 2024 y aunque acept\u00f3 que no es el \u201cfavorito\u201d, no est\u00e1 interesado en pelearse con nadie.<\/p>\n<p>Por el contrario, su intenci\u00f3n es seguir siendo eficaz en su trabajo como operador pol\u00edtico para sacar adelante, con di\u00e1logo y consenso las reformas del presidente L\u00f3pez Obrador, hecho nada menor, pues esta es la mejor manera de probar su lealtad y capacidad para gobernar los destinos del pa\u00eds.<\/p>\n<p>La muestra ya la est\u00e1 dando pues el legislador se ha reunido con sus pares para buscar que el jueves la Ley reglamentaria de revocaci\u00f3n de mandato se apruebe con el mayor consenso, por eso se ha pronunciado a favor de reformular la pregunta que seg\u00fan la oposici\u00f3n es anticonstitucional.<\/p>\n<p>Monreal est\u00e1 totalmente comprometido con sacar una agenda legislativa que ayude al pa\u00eds. \u201cNunca me voy a pelear con nadie, pero s\u00ed voy a buscar a sectores de buena fe que quieran profundizar la v\u00eda democr\u00e1tica del pa\u00eds, que generen un proceso de cambio y que haya un proceso de reconciliaci\u00f3n en todo el pa\u00eds\u201d.<\/p>\n<p>En una entrevista de radio, el senador Monreal fue muy claro y sali\u00f3 al paso de las voces que quieren confrontarlo con el Presidente o han puesto en duda su liderazgo y asegur\u00f3 que no se confrontar\u00e1 con Olga S\u00e1nchez Cordero, al contrario, trabajar\u00e1 con ella para seguir con el proyecto transformador de la 4T.<\/p>\n<p style=\"text-align: center;\"><strong>Municiones<\/strong><\/p>\n<p>*** Por primera vez en la historia, la C\u00e1mara de Diputados estar\u00e1 conformada bajo el concepto de paridad total, con el mismo n\u00famero de integrantes hombres que de mujeres. La iniciativa denominada \u201cParidad en todo\u201d corri\u00f3 por cuenta de la consejera electoral <strong>Carla Humphrey<\/strong> y cont\u00f3 con el respaldo de sus compa\u00f1eras en el Pleno del INE <strong>Claudia Zavala<\/strong> y Adriana Favela, quienes trabajaron tambi\u00e9n en conjunto para conseguir que la igualdad de g\u00e9nero en las candidaturas para las gubernaturas llegara para quedarse.<\/p>\n<p>***\u00a0 Muy ocupada anda la jefa de Gobierno de la Ciudad de M\u00e9xico, Claudia Sheinbaum, ayer, presente en la toma de protesta de la gobernadora de Tlaxcala, <strong>Lorena Cu\u00e9llar<\/strong>, donde tambi\u00e9n se estren\u00f3 el flamante secretario de Gobernaci\u00f3n, <strong>Ad\u00e1n Augusto L\u00f3pez<\/strong>. Sin embargo, la consentida de L\u00f3pez Obrador se dio tiempo para hablar de los violentos hechos ocurridos hace dos d\u00edas a las afueras de la sede de la Asamblea Legislativa de la CDMX. Se mostr\u00f3 extra\u00f1ada, igualita que su \u201cpati\u00f1o\u201d Mart\u00ed Batres, y eso s\u00ed, dijo: \u201cNo se puede hacer de la pol\u00edtica un circo, ellos est\u00e1n llamados a una mesa de trabajo conmigo, uno a uno. La pol\u00edtica no es un circo, gobernar significa un gran esfuerzo dedicado a los ciudadanos, a los habitantes de nuestra Ciudad\u201d. El \u201cquid\u201d del asunto es que la jefa de Gobierno tiene temor de recibir a todos los alcaldes electos de la oposici\u00f3n juntos. Ella argumenta que la problem\u00e1tica es distinta, pero lo cierto es que muestra una gran resistencia a reunirse con todos juntos.<\/p>\n<p>*** Por su parte, el dirigente del PAN, <strong>Marko Cort\u00e9s<\/strong> y del PRD, <strong>Jes\u00fas Zambrano<\/strong> exigieron disculpa p\u00fablica por parte de la se\u00f1ora Sheinbaum Pardo as\u00ed como la renuncia de Mart\u00ed Batres. El perredista dijo que con estas acciones violentas, la capital de la Rep\u00fablica retrocedi\u00f3 50 a\u00f1os.<\/p>\n<p><u><a href=\"mailto:morcora@gmail.com\" target=\"_blank\" rel=\"noopener noreferrer\"><em>morcora@gmail.com<\/em><\/a><\/u><\/p>\n","protected":false},"excerpt":{"rendered":"<p><span style=\"color: #005497;\"><strong>Adriana Moreno Cordero<\/strong><\/span><\/p>\n","protected":false},"author":3,"featured_media":0,"comment_status":"open","ping_status":"open","sticky":false,"template":"","format":"standard","meta":{"_monsterinsights_skip_tracking":false,"_monsterinsights_sitenote_active":false,"_monsterinsights_sitenote_note":"","_monsterinsights_sitenote_category":0,"footnotes":""},"categories":[69370],"tags":[69369,69368,43674],"class_list":["post-519013","post","type-post","status-publish","format-standard","hentry","category-adriana-moreno-cordero","tag-adriana-moreno-cordero","tag-la-retaguardia","tag-opinion"],"_links":{"self":[{"href":"https:\/\/www.diarioimagen.net\/index.php?rest_route=\/wp\/v2\/posts\/519013","targetHints":{"allow":["GET"]}}],"collection":[{"href":"https:\/\/www.diarioimagen.net\/index.php?rest_route=\/wp\/v2\/posts"}],"about":[{"href":"https:\/\/www.diarioimagen.net\/index.php?rest_route=\/wp\/v2\/types\/post"}],"author":[{"embeddable":true,"href":"https:\/\/www.diarioimagen.net\/index.php?rest_route=\/wp\/v2\/users\/3"}],"replies":[{"embeddable":true,"href":"https:\/\/www.diarioimagen.net\/index.php?rest_route=%2Fwp%2Fv2%2Fcomments&post=519013"}],"version-history":[{"count":0,"href":"https:\/\/www.diarioimagen.net\/index.php?rest_route=\/wp\/v2\/posts\/519013\/revisions"}],"wp:attachment":[{"href":"https:\/\/www.diarioimagen.net\/index.php?rest_route=%2Fwp%2Fv2%2Fmedia&parent=519013"}],"wp:term":[{"taxonomy":"category","embeddable":true,"href":"https:\/\/www.diarioimagen.net\/index.php?rest_route=%2Fwp%2Fv2%2Fcategories&post=519013"},{"taxonomy":"post_tag","embeddable":true,"href":"https:\/\/www.diarioimagen.net\/index.php?rest_route=%2Fwp%2Fv2%2Ftags&post=519013"}],"curies":[{"name":"wp","href":"https:\/\/api.w.org\/{rel}","templated":true}]}}