{"id":519021,"date":"2021-09-01T00:08:53","date_gmt":"2021-09-01T05:08:53","guid":{"rendered":"https:\/\/www.diarioimagen.net\/?p=519021"},"modified":"2021-09-01T05:12:00","modified_gmt":"2021-09-01T10:12:00","slug":"marti-batres-rebasado","status":"publish","type":"post","link":"https:\/\/www.diarioimagen.net\/?p=519021","title":{"rendered":"Mart\u00ed Batres, \u00bfrebasado?"},"content":{"rendered":"<h2>Punto por punto<\/h2>\n<h5>Augusto Corro<\/h5>\n<p>&nbsp;<\/p>\n<p>Se pronostican tiempos dif\u00edciles entre los alcaldes de oposici\u00f3n y el gobierno capitalino de Claudia Sheinbaum.<\/p>\n<p>El \u201capagafuegos\u201d Mart\u00ed Batres a\u00fan no cumple con su cometido.<\/p>\n<p>El lunes, los citados alcaldes fueron reprimidos por la polic\u00eda cuando protestaban frente a las instalaciones de la C\u00e1mara de Diputados local.<\/p>\n<p>La historia empez\u00f3 cuando los partidos de oposici\u00f3n zarandearon a la organizaci\u00f3n pol\u00edtica Movimiento Regeneraci\u00f3n Nacional (Morena).<\/p>\n<p>Nueve de diecis\u00e9is alcald\u00edas ser\u00e1n gobernadas por representantes de la oposici\u00f3n. No ser\u00e1 f\u00e1cil para la jefa de Gobierno de la Ciudad de M\u00e9xico.<\/p>\n<p>Como medida pr\u00e1ctica y r\u00e1pida, se opt\u00f3 por llevar refuerzos y el senador con licencia, Mart\u00ed Batres, fue designado secretario de Gobierno.<\/p>\n<p>Es decir que alguien, con la experiencia del citado Mart\u00ed, ayudar\u00e1 a Claudia Sheinbaum en el complejo arte de gobernar.<\/p>\n<p>Pero result\u00f3 que los alcaldes son superiores en rapidez y creatividad que las autoridades capitalinas y su consejero o asesor.<\/p>\n<p>Los alcaldes electos por el PAN, PRD y PRI (Va por M\u00e9xico) ya lo demostraron.\u00a0 El lunes fueron reprimidos por la polic\u00eda. El gobierno capitalino no supo explicar el hecho.<\/p>\n<p>La alcaldesa L\u00eda Lim\u00f3n recibi\u00f3 un golpe que le provoc\u00f3 una herida en la nariz. Responsabiliz\u00f3 de la represi\u00f3n a la jefa de Gobierno.<\/p>\n<p>La protesta de los mencionados alcaldes es el principio de una relaci\u00f3n basada en los desencuentros.<\/p>\n<p>\u00bfY cual fue el papel que desempe\u00f1\u00f3 Mart\u00ed Batres? Ninguno. Apareci\u00f3 cuando ya se hab\u00eda realizado la represi\u00f3n. No pudo prevenir ni apagar esa fogata.<\/p>\n<p>Los alcaldes opositores acusaron al partido oficialista de querer aprobar en un periodo de leyes extraordinario, una legislaci\u00f3n que les restar\u00eda atribuciones en la Ciudad de M\u00e9xico.<\/p>\n<p>Por su parte, el flamante secretario de Gobierno asegur\u00f3 que el Ejecutivo capitalino \u201crespeta a los manifestantes de todo tipo y que jam\u00e1s agredir\u00eda a ning\u00fan manifestante de ninguna fuerza pol\u00edtica\u201d.<\/p>\n<p>Sin embargo, los hechos registrados se interpretaron de diferente manera.\u00a0 \u00bfNecesitar\u00e1 m\u00e1s refuerzos el gobierno de Claudia Sheinbaum?<\/p>\n<p>Como se\u00f1alamos l\u00edneas arriba, Morena, el partido del presidente L\u00f3pez Obrador y de la alcaldesa Claudia Sheinbaum, se desplom\u00f3 en la Ciudad de M\u00e9xico.<\/p>\n<p>Se trat\u00f3 de un resultado electoral hist\u00f3rico para los conservadores que solo dominaban dos alcald\u00edas.<\/p>\n<p>\u00bfUsted qu\u00e9 opima amable lector?<\/p>\n<p style=\"text-align: center;\"><strong>La comisi\u00f3n de la verdad<\/strong><\/p>\n<p>El presidente L\u00f3pez Obrador anunci\u00f3 que se establecer\u00e1 una comisi\u00f3n especial de la verdad para esclarecer los cr\u00edmenes cometidos desde el poder, en la s\u00e9ptima y octava d\u00e9cadas del siglo pasado, en lo que se conoci\u00f3 como guerra sucia.<\/p>\n<p>Lo anterior se llevar\u00eda a cabo para procurar la justicia, la reparaci\u00f3n del da\u00f1o, la memoria y la no repetici\u00f3n de esas atrocidades.<\/p>\n<p>Ojal\u00e1 y la mencionada comisi\u00f3n cumpla su cometido, que no se trate de una promesa m\u00e1s que sirva como distracci\u00f3n de los problemas que enfrenta el gobierno federal y que pasan los a\u00f1os y siguen sin soluci\u00f3n.<\/p>\n<p>La idea de la comisi\u00f3n especial de la verdad no debe ser un distractor m\u00e1s.<\/p>\n<p>Tambi\u00e9n es necesario pensar que ya no existen quienes gobernaban en los tiempos de la represi\u00f3n. Si se trata de juzgarlos, no se debe perder el tiempo, ya la Historia, con may\u00fascula, los tiene en el lugar que merecen.<\/p>\n<p>El presidente Gustavo D\u00edaz Ordaz ni siquiera fue molestado por los representantes de la justicia. El otro represor, Luis Echeverr\u00eda \u00c1lvarez, uno de los inmortales, morir\u00e1 de la risa que le provocaron sus enemigos al juzgarlo.<\/p>\n<p>Lo que deb\u00eda hacer el presidente L\u00f3pez Obrador es resolver el caso de la desaparici\u00f3n de los 43 normalistas de Ayotzinapa.<\/p>\n<p>Los hechos se registraron la noche del 26 y madrugada del 27 de septiembre de 2014, en Iguala, Guerrero.<\/p>\n<p>Los estudiantes fueron desaparecidos sin dejar rastro alguno, en acciones en las que estuvieron presentes elementos de la delincuencia organizada y de las fuerzas p\u00fablicas. El asunto no avanza, la justicia contin\u00faa lenta.<\/p>\n<p>\u00bfUsted qu\u00e9 opina amable lector?<\/p>\n<p><a href=\"mailto:aco2742@hotmail.com\" target=\"_blank\" rel=\"noopener noreferrer\"><em>aco2742@hotmail.com<\/em><\/a><\/p>\n","protected":false},"excerpt":{"rendered":"<p><span style=\"color: #005497;\"><strong>Augusto Corro<\/strong><\/span><\/p>\n","protected":false},"author":3,"featured_media":0,"comment_status":"open","ping_status":"open","sticky":false,"template":"","format":"standard","meta":{"_monsterinsights_skip_tracking":false,"_monsterinsights_sitenote_active":false,"_monsterinsights_sitenote_note":"","_monsterinsights_sitenote_category":0,"footnotes":""},"categories":[157],"tags":[43686,43674,11515],"class_list":["post-519021","post","type-post","status-publish","format-standard","hentry","category-augusto-corro","tag-augusto-corro","tag-opinion","tag-punto-por-punto"],"_links":{"self":[{"href":"https:\/\/www.diarioimagen.net\/index.php?rest_route=\/wp\/v2\/posts\/519021","targetHints":{"allow":["GET"]}}],"collection":[{"href":"https:\/\/www.diarioimagen.net\/index.php?rest_route=\/wp\/v2\/posts"}],"about":[{"href":"https:\/\/www.diarioimagen.net\/index.php?rest_route=\/wp\/v2\/types\/post"}],"author":[{"embeddable":true,"href":"https:\/\/www.diarioimagen.net\/index.php?rest_route=\/wp\/v2\/users\/3"}],"replies":[{"embeddable":true,"href":"https:\/\/www.diarioimagen.net\/index.php?rest_route=%2Fwp%2Fv2%2Fcomments&post=519021"}],"version-history":[{"count":0,"href":"https:\/\/www.diarioimagen.net\/index.php?rest_route=\/wp\/v2\/posts\/519021\/revisions"}],"wp:attachment":[{"href":"https:\/\/www.diarioimagen.net\/index.php?rest_route=%2Fwp%2Fv2%2Fmedia&parent=519021"}],"wp:term":[{"taxonomy":"category","embeddable":true,"href":"https:\/\/www.diarioimagen.net\/index.php?rest_route=%2Fwp%2Fv2%2Fcategories&post=519021"},{"taxonomy":"post_tag","embeddable":true,"href":"https:\/\/www.diarioimagen.net\/index.php?rest_route=%2Fwp%2Fv2%2Ftags&post=519021"}],"curies":[{"name":"wp","href":"https:\/\/api.w.org\/{rel}","templated":true}]}}