{"id":519026,"date":"2021-09-01T00:11:01","date_gmt":"2021-09-01T05:11:01","guid":{"rendered":"https:\/\/www.diarioimagen.net\/?p=519026"},"modified":"2021-09-01T05:16:22","modified_gmt":"2021-09-01T10:16:22","slug":"en-que-numero-de-informe-vamos","status":"publish","type":"post","link":"https:\/\/www.diarioimagen.net\/?p=519026","title":{"rendered":"\u00bfEn qu\u00e9 n\u00famero de informe vamos?"},"content":{"rendered":"<h2>\u00cdndice pol\u00edtico<\/h2>\n<h5>Francisco Rodr\u00edguez<\/h5>\n<p>&nbsp;<\/p>\n<ul>\n<li><strong><em>\u201cClauD\u00edaz Ordaz\u201d Sheinbaum<\/em><\/strong><\/li>\n<li><strong><em>\u00bfDel Mazo apoya al panista Vargas?<\/em><\/strong><\/li>\n<\/ul>\n<p>&nbsp;<\/p>\n<p>Los <strong>pol\u00edticos mexicanos<\/strong> son como el sol.<\/p>\n<p>Tienen la costumbre de salir en los medios <strong>tooodos los d\u00edas<\/strong>.<\/p>\n<p>Deber\u00edan ser como los <strong>cometas<\/strong>.<\/p>\n<p>Los que se aparecen <strong>de vez en vez<\/strong>.<\/p>\n<p>Los que se anuncian y son esperados.<\/p>\n<p>Con <strong>expectativas<\/strong>, incluso.<\/p>\n<p>Por eso est\u00e1n muy pero muy <strong>choteados<\/strong>.<\/p>\n<p>Tan choteados <strong>como los informes de AMLO<\/strong>.<\/p>\n<p>Ya nadie sabe <strong>en qu\u00e9 n\u00famero<\/strong> de informe vamos.<\/p>\n<p>Deber\u00eda ser el <strong>tercero<\/strong>.<\/p>\n<p>Pero quienes saben contar dicen que ya <strong>es el d\u00e9cimo segundo<\/strong>.<\/p>\n<p>O sea que <strong>ha habido m\u00e1s informes que acciones de gobierno<\/strong>.<\/p>\n<p>Ese AMLO <strong>cacarea m\u00e1s<\/strong> que los huevos que pone, en este asunto.<\/p>\n<p>Y de paso <strong>no va a ir<\/strong> al Congreso de la Uni\u00f3n.<\/p>\n<p>Va a enviar al <strong>pariente L\u00f3pez<\/strong> a entregar el mamotreto y los anexos.<\/p>\n<p>Ceremonia <strong>\u00edntima<\/strong>.<\/p>\n<p>Con los de casa.<\/p>\n<p>Sin que lo <strong>interpelen<\/strong>.<\/p>\n<p>Para eso <strong>cambiaron la ley<\/strong> los Ejecutivos federales.<\/p>\n<p>Para no presentarse y correr el riesgo de, m\u00ednimo, <strong>una mentada<\/strong>.<\/p>\n<p>O dos.<\/p>\n<p>\u00bfQu\u00e9 novedad contendr\u00e1 el discurso de presentaci\u00f3n?<\/p>\n<p><strong>Ninguna<\/strong>.<\/p>\n<p>Quienes lo escuchen sabr\u00e1n que es <strong>el mismo rollo<\/strong>.<\/p>\n<p>El de siempre.<\/p>\n<p>\u00bfQu\u00e9 novedad contendr\u00e1 el texto que glosen los legisladores?<\/p>\n<p><strong>Ninguna<\/strong>, tampoco.<\/p>\n<p><strong>Nada concreto<\/strong> hay que informar.<\/p>\n<p>As\u00ed que&#8230;<\/p>\n<p>Dicen que se acab\u00f3 el \u201c<strong>D\u00eda del Presidente\u201d<\/strong>.<\/p>\n<p>Ojal\u00e1 fuera cierto.<\/p>\n<p>En M\u00e9xico, hoy, <strong>todos los d\u00edas<\/strong>, todos, son d\u00edas del Presidente.<\/p>\n<p><strong>Habla, habla, y habla<\/strong>.<\/p>\n<p>Y ya <strong>a nadie conmueven sus palabras<\/strong>.<\/p>\n<p>\u00bfNo cree usted?<\/p>\n<p><strong>Se estren\u00f3<br \/>\nel \u201cporro\u201d Batres <\/strong><\/p>\n<p>Y <strong><em>ClauD\u00edaz Ordaz<\/em> Sheinbaum<\/strong> le ech\u00f3 a perder el <strong>show <\/strong>a AMLO<strong>. <\/strong><\/p>\n<p>Aunque, dizque porque es la <strong>consentida <\/strong>a ella s\u00ed le <strong>toleran<\/strong> todo.<\/p>\n<p>Hasta sus <strong>peores rasgos diazordacistas<\/strong>.<\/p>\n<p>Los <strong>repugnantes <\/strong>rasgos represores.<\/p>\n<p>El uso de la fuerza por sobre el di\u00e1logo.<\/p>\n<p><strong>No recibe, no dialoga, no quiere ni ver ni escuchar<\/strong>&#8230;<\/p>\n<p>&#8230; a los alcaldes que no sean de Morena.<\/p>\n<p>Incluso les quiere quitar recursos, recortarles el erario.<\/p>\n<p>\u00a1Toda una dem\u00f3crata!, me c\u00e1i.<\/p>\n<p>Y es que <strong>sigue enojada, frustrada,<\/strong> por sus derrotas del 6 de junio.<\/p>\n<p>Por eso mand\u00f3 a traer desde el Senado a un <strong>\u201cporro\u201d.<\/strong><\/p>\n<p>Para cobrar venganzas.<\/p>\n<p>\u00a1Ya <strong>asim\u00edlalo<\/strong>, Claudia!<\/p>\n<p>Te vencieron porque eres una <strong>mala r\u00e9plica<\/strong> de AMLO.<\/p>\n<p><strong>Repites<\/strong> sus palabras y moditos de p\u00e9 a p\u00e1.<\/p>\n<p>Y eso no le gusta a <strong>la bien informada clase media<\/strong> de CDMX.<\/p>\n<p>Pero, en lugar de reconsiderar tu <strong>papel de lorito<\/strong>&#8230;<\/p>\n<p>&#8230; optaste por <strong>interpretar el de gorila<\/strong>.\u00a0 Por eso pusiste a <strong>Mart\u00ed Batres<\/strong> en la Secretar\u00eda de Gobierno.<\/p>\n<p>S\u00ed, el del enfrentamiento permanente.<\/p>\n<p>El <strong>golpeador<\/strong>.<\/p>\n<p>El mismo de la <strong>leche con caca<\/strong> para los pobres.<\/p>\n<p>Porque <strong>primero los pobres<\/strong>.<\/p>\n<p>Que beban leche con doble raci\u00f3n de prote\u00edna.<\/p>\n<p>Pura <strong>simulaci\u00f3n <\/strong>de cordialidad y democracia.<\/p>\n<p>Que dizque <strong>desapareciste<\/strong> a los granaderos.<\/p>\n<p>S\u00f3lo les <strong>cambiaste el nombre<\/strong>.<\/p>\n<p>Ahora de todos modos <strong>son \u00a1granaderos!<\/strong><\/p>\n<p>Ya <strong>se estren\u00f3 Batres<\/strong>.<\/p>\n<p>\u00bfYa est\u00e1s satisfecha<\/p>\n<p><strong><em>ClauD\u00edaz Ordaz<\/em><\/strong>?<\/p>\n<p style=\"text-align: center;\"><strong>Indicios <\/strong><\/p>\n<p><strong><em>El G\u00fcerito<\/em><\/strong><strong> Manuel Velasco<\/strong> fue uno de los consentidos de AMLO. <strong>Le dio chance<\/strong> de solicitar licencia a la gubernatura de Chiapas, postularse al Senado y, ya electo, regresar a <strong>mal gobernar a la entidad<\/strong> del sureste por otros cinco minutos. Pero hete aqu\u00ed que se difunden los <strong>videos<\/strong>donde sus hermanos <strong>P\u00edo<\/strong> y al que apodan <strong><em>Martinazo<\/em><\/strong> reciben sobres con dinero de un personero del ahora senador y exgobernador. <strong>Cay\u00f3 de la gracia<\/strong>. Ahora lo acusa de los tres bloqueos que la <strong>CNTE<\/strong> le aplic\u00f3 el fin de semana. La CNTE, por supuesto, tambi\u00e9n cay\u00f3 de la gracia divina. * * * Y en el Estado de M\u00e9xico, <strong>granero de votos y recursos econ\u00f3micos del PRI<\/strong>, se practican vistoso harakiri. <strong><em>Alfredititito<\/em> del Mazo<\/strong> \u2013nieto de don Alfredo del Mazo e hijo de <em>Alfredito<\/em> del Mazo\u2014 ha dejado al garete al que presumiblemente es su partido. Y ahora estir\u00f3 el dedo y nombr\u00f3 a su <strong><em>brother<\/em> El\u00edas Rescala<\/strong> como coordinador de los pri\u00edstas en la Legislatura mexiquense, para asombro de propios y extra\u00f1os.<\/p>\n<p>Pero, todav\u00eda peor, se ha hecho el desentendido ante el pleito de <strong>Carlos Iriarte<\/strong> y <strong>Ricardo Aguilar<\/strong> contra <strong>Miguel S\u00e1mano<\/strong>. Mientras, el panista <strong>Enrique Vargas del Villar<\/strong>, les come el mandado y aprovech\u00f3 su turno en la C\u00e1mara local para darle una soberana vapuleada a Rescala. Desentendido, pareciera que el <strong><em>g\u00f3ber<\/em><\/strong> apoya en realidad al panista para que sea su sucesor. \u00bfAhora s\u00ed, <strong><em>bye bye<\/em><\/strong> PRI? * * * Y ya con esta tambi\u00e9n me despido dese\u00e1ndole, como siempre, \u00a1buenas gracias y muchos, muchos d\u00edas!<\/p>\n<p><em><u><a href=\"http:\/\/www.indicepolitico.com\" target=\"_blank\" rel=\"noopener noreferrer\">www.indicepolitico.com<\/a><\/u><u><br \/>\n<\/u><a href=\"mailto:indicepolitico@gmail.com\" target=\"_blank\" rel=\"noopener noreferrer\">indicepolitico@gmail.com<\/a><\/em><br \/>\n<em><a href=\"https:\/\/twitter.com\/indicepolitico?lang=es\" target=\"_blank\" rel=\"noopener noreferrer\">@IndicePolitico<\/a><\/em><br \/>\n<em><u><a href=\"https:\/\/twitter.com\/pacorodriguez\" target=\"_blank\" rel=\"noopener noreferrer\">@pacorodriguez<\/a><\/u><\/em><\/p>\n","protected":false},"excerpt":{"rendered":"<p><span style=\"color: #005497;\"><strong>Francisco Rodr\u00edguez<\/strong><\/span><br \/>\n<br \/>\nLos <strong>pol\u00edticos mexicanos<\/strong> son como el sol.   Tienen la costumbre de salir en los medios <strong>tooodos los d\u00edas<\/strong>.   Deber\u00edan ser como los <strong>cometas<\/strong>.<\/p>\n","protected":false},"author":3,"featured_media":0,"comment_status":"open","ping_status":"open","sticky":false,"template":"","format":"standard","meta":{"_monsterinsights_skip_tracking":false,"_monsterinsights_sitenote_active":false,"_monsterinsights_sitenote_note":"","_monsterinsights_sitenote_category":0,"footnotes":""},"categories":[549],"tags":[43689,550,43674],"class_list":["post-519026","post","type-post","status-publish","format-standard","hentry","category-francisco-rodriguez","tag-francisco-rodriguez","tag-indice-politico","tag-opinion"],"_links":{"self":[{"href":"https:\/\/www.diarioimagen.net\/index.php?rest_route=\/wp\/v2\/posts\/519026","targetHints":{"allow":["GET"]}}],"collection":[{"href":"https:\/\/www.diarioimagen.net\/index.php?rest_route=\/wp\/v2\/posts"}],"about":[{"href":"https:\/\/www.diarioimagen.net\/index.php?rest_route=\/wp\/v2\/types\/post"}],"author":[{"embeddable":true,"href":"https:\/\/www.diarioimagen.net\/index.php?rest_route=\/wp\/v2\/users\/3"}],"replies":[{"embeddable":true,"href":"https:\/\/www.diarioimagen.net\/index.php?rest_route=%2Fwp%2Fv2%2Fcomments&post=519026"}],"version-history":[{"count":0,"href":"https:\/\/www.diarioimagen.net\/index.php?rest_route=\/wp\/v2\/posts\/519026\/revisions"}],"wp:attachment":[{"href":"https:\/\/www.diarioimagen.net\/index.php?rest_route=%2Fwp%2Fv2%2Fmedia&parent=519026"}],"wp:term":[{"taxonomy":"category","embeddable":true,"href":"https:\/\/www.diarioimagen.net\/index.php?rest_route=%2Fwp%2Fv2%2Fcategories&post=519026"},{"taxonomy":"post_tag","embeddable":true,"href":"https:\/\/www.diarioimagen.net\/index.php?rest_route=%2Fwp%2Fv2%2Ftags&post=519026"}],"curies":[{"name":"wp","href":"https:\/\/api.w.org\/{rel}","templated":true}]}}