{"id":519030,"date":"2021-09-01T00:08:25","date_gmt":"2021-09-01T05:08:25","guid":{"rendered":"https:\/\/www.diarioimagen.net\/?p=519030"},"modified":"2021-09-02T03:34:23","modified_gmt":"2021-09-02T08:34:23","slug":"todo-esta-listo-para-un-nuevo-informe-triunfal-desde-el-zocalo","status":"publish","type":"post","link":"https:\/\/www.diarioimagen.net\/?p=519030","title":{"rendered":"Todo est\u00e1 listo para un nuevo informe triunfal desde el Z\u00f3calo"},"content":{"rendered":"<h2>Clase Pol\u00edtica<\/h2>\n<h5>Miguel \u00c1ngel Rivera<\/h5>\n<p>&nbsp;<\/p>\n<p>Para muchos, el 1 de septiembre representa un momento de alivio, porque ahora s\u00ed ya empieza la cuenta regresiva que terminar\u00e1 el 30 de septiembre de 2024 y para otros muchos, por el contrario, es motivo de preocupaci\u00f3n y de acelerar acciones, para no dejar obras ni cambios sin concluir.<\/p>\n<p>En el que ser\u00e1 el d\u00e9cimo o und\u00e9cimo \u2014las cuentas var\u00edan\u2014 informe al pueblo de M\u00e9xico ser\u00e1, como sus antecedentes, un recuento de \u00e9xitos y de buenos resultados. Si existen problemas y dificultades, ser\u00e1n responsabilidad de los anteriores gobiernos, corruptos, conservadores y neoliberales, que no han podido ser superados por las resistencias de los privilegiados por anteriores administraciones a los que s\u00f3lo importan sus propios intereses o de grupos de inter\u00e9s nacionales o extranjeros.<\/p>\n<p>Si nos atenemos a los comentarios del propio Presidente, su nuevo libro -el n\u00famero 19 que ha escrito y el segundo que se publica durante su gobierno-\u00a0 es un resumen de los supuestos \u00e9xitos durante su mandato y algunos apuntes acerca de lo que le falta concretar.<\/p>\n<p>De hecho, al llegar a la mitad de su gobierno -en realidad menos de la mitad, pues el actual mandato fue recortado dos meses- el primer mandatario ya se da por complacido con su trabajo.<\/p>\n<p>\u201cEstoy satisfecho con lo que hemos logrado, porque a\u00fan con la pandemia, que fue impactante porque se cay\u00f3 la econom\u00eda en el pa\u00eds, el crecimiento econ\u00f3mico, aun con esta situaci\u00f3n dif\u00edcil de remontar, no s\u00f3lo estamos saliendo adelante, ya todos los indicadores econ\u00f3micos expresan que estamos en franca recuperaci\u00f3n de la econom\u00eda\u201d, dijo el mandatario.<\/p>\n<p>Con datos que confirmar\u00e1 seguramente en su informe de esta ma\u00f1ana, L\u00f3pez Obrador destac\u00f3 que ya se est\u00e1n recuperando los empleos y que las reservas del Banco de M\u00e9xico crecieron en 20 mil millones de d\u00f3lares en el tiempo que lleva como mandatario.<\/p>\n<p>Otro motivo para presumir por parte del Presidente ser\u00e1, seguramente, el \u201c\u00e9xito\u201d en el manejo de la pandemia de Covid-19. Como antecedente, se debe tener en cuenta lo declarado por el \u201czar\u201d de la campa\u00f1a sanitaria, el subsecretario de Salud Hugo L\u00f3pez-Gatell, quien ayer mismo asegur\u00f3 que la pandemia va en descenso en 30 entidades federativas, es decir, en pr\u00e1cticamente toda la Rep\u00fablica.<\/p>\n<p>Por supuesta, ninguna referencia a las estimaciones de otras fuentes, incluido el Inegi, que indican que el n\u00famero de muertes reconocidas oficialmente (alrededor de 258) es muy inferior a las que realmente han ocurrido y, por supuesto, superan los 60 mil decesos que el propio L\u00f3pez-Gatell hab\u00eda establecido como l\u00edmite para una situaci\u00f3n desastrosa.<\/p>\n<p>\u201cNo hubo ingobernabilidad, se mantuvo la paz social, no tuvimos una crisis de consumo; vamos saliendo de la crisis que propici\u00f3 la pandemia\u201d, dijo el presidente en su conferencia ma\u00f1anera y, seguramente, lo ratificar\u00e1 hoy.<\/p>\n<p>El informe oficial, por escrito, ser\u00e1 entregado por el reci\u00e9n designado secretario de Gobernaci\u00f3n, Ad\u00e1n Augusto L\u00f3pez Hern\u00e1ndez, quien tendr\u00e1 su primer acto p\u00fablico relevante. Hace un a\u00f1o, esa tarea la cumpli\u00f3 la entonces titular del despacho, Olga S\u00e1nchez Cordero, quien ahora estar\u00e1 del otro lado, como presidenta del Senado, al lado del presidente de la C\u00e1mara de Diputados y del Congreso de la Uni\u00f3n, Sergio Carlos Guti\u00e9rrez Luna, abogado de profesi\u00f3n que anteriormente era el representante del partido del presidente L\u00f3pez Obrador ante el Instituto Nacional Electoral (INE).<\/p>\n<p>Con todo y su optimismo, resulta dif\u00edcil creer que el jefe del Ejecutivo se siente satisfecho, pues al anunciar su libro tambi\u00e9n dio indicios de que se mantiene listo para mantenerse en campa\u00f1a el resto de su mandato.<\/p>\n<p>Record\u00f3, por ejemplo, su inter\u00e9s porque se realice la consulta popular para la revocaci\u00f3n de mandato, programada en principio para marzo de 2022, aunque no hay ley reglamentaria, por lo que ser\u00e1 uno de los primeros asuntos a tratar en el periodo ordinario de sesiones del Congreso que hoy se inicia.<\/p>\n<p>Para conocer el mensaje en su totalidad no hace falta esperar mucho. La ceremonia en Palacio Nacional, en el llamado Recinto de Ju\u00e1rez, est\u00e1 programada para las 10 horas y ser\u00e1 transmitida, por supuesto, en red nacional mediante las redes de televisi\u00f3n y radio del Estado.<\/p>\n<p style=\"text-align: center;\"><strong>\u201cSe los dije, se los dije\u201d, puede presumir la oposici\u00f3n<\/strong><\/p>\n<p>Uno de los temas m\u00e1s importantes para el gobierno de la llamada Cuarta Transformaci\u00f3n en materia de defensa de los intereses de los trabajadores ha sido la regulaci\u00f3n de las empresas de subcontrataci\u00f3n, conocido como \u201coutsorcing\u201d.<\/p>\n<p>Para ello se legisl\u00f3 con intensidad, pero al avanzar los plazos para que las empresas registraran a sus trabajadores ante la Secretar\u00eda del Trabajo y el Instituto Mexicano del Seguro Social (IMSS) se puso en evidencia que los plazos concedidos no eran suficientes.<\/p>\n<p>Para dar mayor oportunidad a las empresas, los legisladores federales convocaron a un periodo extraordinario, para ampliar el plazo. Al contrario de lo ocurrido en otros casos que la 4T considera igualmente urgentes, la oposici\u00f3n no puso ninguna resistencia. Por el contrario, los opositores recomendaron a Morena y r\u00e9moras ampliar el plazo para el registro hasta el \u00faltimo d\u00eda del a\u00f1o.<\/p>\n<p>Como acostumbran, los legisladores morenos y asociados se ajustaron a las l\u00edneas marcadas por el Ejecutivo y se negaron a conceder un d\u00eda m\u00e1s despu\u00e9s del 31 de agosto.<\/p>\n<p>Como lo advirti\u00f3 la oposici\u00f3n, el periodo ampliado termin\u00f3 ayer y todav\u00eda hay muchas empresas en falta.<\/p>\n<p>Oficialmente no se han dado a conocer las cifras definitivas, pero desde antes surgieron las voces de advertencia.\u00a0 Por ejemplo, el pasado d\u00eda 22 de julio, la Coparmex public\u00f3 un estudio titulado <strong><em>Reforma en materia de subcontrataci\u00f3n: 3.1 millones de trabajadores en la incertidumbre<\/em><\/strong>, en el cual pidi\u00f3 \u201chomologar los plazos otorgados a la iniciativa privada al 01 de enero de 2022, con la finalidad de estar en posibilidad por parte de las empresas para llevar a cabo la transici\u00f3n con sus empleados y\/o contratos de servicios especializados con sus proveedores y as\u00ed cumplir cabalmente con la normatividad vigente.<\/p>\n<p>\u201cAdem\u00e1s, esto puede brindar a las autoridades el tiempo para hacer aquellos ajustes operativos y tecnol\u00f3gicos para la implementaci\u00f3n total de la reforma, ante las claras deficiencias que al d\u00eda de hoy han quedado patentes para la obtenci\u00f3n de las Constancias de Aviso de Registro ante el Registro de Prestadores de Servicios Especializados u Obras Especializadas (REPSE)\u201d.<\/p>\n<p>Como se aprecia, las llamadas de advertencia no fueron atendidas y ahora se plantea el dilema de conceder, a posteriori, una nueva pr\u00f3rroga, dejar que se apliquen las multas previstas a numerosas empresas o permitir que los conflictos evolucionen hasta que los juicios de amparo lleguen a su t\u00e9rmino y tal vez lleguen a la Suprema Corte junto con otros conflictos contra normas impuestas por la llamada Cuarta Transformaci\u00f3n.<\/p>\n<p>Esto porque, como lo mencion\u00f3 la Coparmex, algunas empresas ya tramitaron amparos para no ser multadas, pues consideran que no incurrieron en ning\u00fan incumplimiento y por tanto no deben ser sancionadas.<\/p>\n<p style=\"text-align: center;\"><strong>\u00a0Sigue pendiente el dictamen acerca<br \/>\ndel desplome en la L\u00ednea 12 del Metro<\/strong><\/p>\n<p>La jefa de Gobierno de la Ciudad de M\u00e9xico y precandidata presidencial de Morena, Claudia Sheinbaum Pardo, inform\u00f3 que esta semana, el Comit\u00e9 T\u00e9cnico Asesor para el Refuerzo y Rehabilitaci\u00f3n de la L\u00ednea 12 del Metro iniciar\u00e1 los trabajos de reconstrucci\u00f3n.<\/p>\n<p>\u201cInicia ya topograf\u00edas y muchos otros estudios que se tienen que hacer para iniciar ya la reconstrucci\u00f3n de la L\u00ednea 12, de una manera en que quede totalmente segura para los usuarios\u201d, a\u00f1adi\u00f3 la mandataria en videoconferencia.<\/p>\n<p>La mandataria explic\u00f3 que todas las empresas que participaron en la construcci\u00f3n de la L\u00ednea 12 han decidido hacerlo en el proceso de refuerzo y rehabilitaci\u00f3n, tanto la que hizo la parte met\u00e1lica como la del t\u00fanel. \u201cComo quien puso la red electromec\u00e1nica, como los que suministraron los trenes\u201d.<\/p>\n<p>Todo muy bien, pero est\u00e1n pendientes los dict\u00e1menes de la empresa noruega DNV, contratada especialmente para dictaminar a qu\u00e9 se debi\u00f3 el accidente, as\u00ed como de la Fiscal\u00eda General capitalina que deber\u00e1 decidir si se debe proceder penalmente contra quien resulte responsable de las fallas detectadas.<\/p>\n<p>De no ser as\u00ed, se dar\u00e1 motivo a especulaciones acerca de protecci\u00f3n a posibles culpables, pues \u00bfc\u00f3mo se puede planear la reconstrucci\u00f3n si no se sabe qu\u00e9 fall\u00f3?<\/p>\n<p><a href=\"mailto:riparcangel@hotmail.com\" target=\"_blank\" rel=\"noopener noreferrer\"><em>riparcangel@hotmail.com<\/em><\/a><\/p>\n","protected":false},"excerpt":{"rendered":"<p><span style=\"color: #005497;\"><strong>Miguel \u00c1ngel Rivera<\/strong><\/span<\/span><\/p>\n","protected":false},"author":3,"featured_media":0,"comment_status":"open","ping_status":"open","sticky":false,"template":"","format":"standard","meta":{"_monsterinsights_skip_tracking":false,"_monsterinsights_sitenote_active":false,"_monsterinsights_sitenote_note":"","_monsterinsights_sitenote_category":0,"footnotes":""},"categories":[84119],"tags":[84120,84121,43674],"class_list":["post-519030","post","type-post","status-publish","format-standard","hentry","category-miguel-angel-rivera","tag-clase-politica","tag-miguel-angel-rivera","tag-opinion"],"_links":{"self":[{"href":"https:\/\/www.diarioimagen.net\/index.php?rest_route=\/wp\/v2\/posts\/519030","targetHints":{"allow":["GET"]}}],"collection":[{"href":"https:\/\/www.diarioimagen.net\/index.php?rest_route=\/wp\/v2\/posts"}],"about":[{"href":"https:\/\/www.diarioimagen.net\/index.php?rest_route=\/wp\/v2\/types\/post"}],"author":[{"embeddable":true,"href":"https:\/\/www.diarioimagen.net\/index.php?rest_route=\/wp\/v2\/users\/3"}],"replies":[{"embeddable":true,"href":"https:\/\/www.diarioimagen.net\/index.php?rest_route=%2Fwp%2Fv2%2Fcomments&post=519030"}],"version-history":[{"count":0,"href":"https:\/\/www.diarioimagen.net\/index.php?rest_route=\/wp\/v2\/posts\/519030\/revisions"}],"wp:attachment":[{"href":"https:\/\/www.diarioimagen.net\/index.php?rest_route=%2Fwp%2Fv2%2Fmedia&parent=519030"}],"wp:term":[{"taxonomy":"category","embeddable":true,"href":"https:\/\/www.diarioimagen.net\/index.php?rest_route=%2Fwp%2Fv2%2Fcategories&post=519030"},{"taxonomy":"post_tag","embeddable":true,"href":"https:\/\/www.diarioimagen.net\/index.php?rest_route=%2Fwp%2Fv2%2Ftags&post=519030"}],"curies":[{"name":"wp","href":"https:\/\/api.w.org\/{rel}","templated":true}]}}