{"id":519122,"date":"2021-09-02T00:05:17","date_gmt":"2021-09-02T05:05:17","guid":{"rendered":"https:\/\/www.diarioimagen.net\/?p=519122"},"modified":"2021-09-03T08:39:58","modified_gmt":"2021-09-03T13:39:58","slug":"convoca-uaem-a-integrarse-a-equipos-representativos-y-a-la-practica-deportiva","status":"publish","type":"post","link":"https:\/\/www.diarioimagen.net\/?p=519122","title":{"rendered":"Convoca UAEM a integrarse a equipos representativos y a la pr\u00e1ctica deportiva"},"content":{"rendered":"<p><em>\u00a0<\/em><\/p>\n<ul>\n<li><strong><em>Para integrar los equipos deportivos de la Aut\u00f3noma mexiquense, las y los universitarios interesados de los niveles medio superior y superior podr\u00e1n registrarse antes del pr\u00f3ximo 13 de septiembre<\/em><\/strong><\/li>\n<\/ul>\n<p>&nbsp;<\/p>\n<p><a href=\"https:\/\/www.diarioimagen.net\/?attachment_id=519210\" rel=\"attachment wp-att-519210\"><img loading=\"lazy\" decoding=\"async\" class=\"aligncenter size-full wp-image-519210\" src=\"https:\/\/www.diarioimagen.net\/wp-content\/uploads\/2021\/09\/uaem-1.jpg\" alt=\"\" width=\"460\" height=\"460\" \/><\/a><\/p>\n<p>&nbsp;<\/p>\n<p><strong>Toluca, Estado de M\u00e9xico.-<\/strong> La Universidad Aut\u00f3noma del Estado de M\u00e9xico (UAEM), a trav\u00e9s de la Direcci\u00f3n de Actividades Deportivas, convoca a la comunidad estudiantil, as\u00ed como personal acad\u00e9mico y administrativo, a integrarse a su programa #Activaci\u00f3n UAEM\u00e9x o formar parte de alguno de sus equipos representativos.<\/p>\n<p>Para integrar los equipos deportivos de la Aut\u00f3noma mexiquense, las y los universitarios interesados de los niveles medio superior y superior podr\u00e1n registrarse antes del pr\u00f3ximo 13 de septiembre en la liga: <a href=\"https:\/\/tinyurl.com\/DeportesUAEMex\" target=\"_blank\" rel=\"noopener\">https:\/\/tinyurl.com\/DeportesUAEMex<\/a>.<\/p>\n<p>Las disciplinas en las que podr\u00e1n incorporarse son: judo, karate do, lucha universitaria, esgrima, tae kwon do, as\u00ed como al Contingente C\u00edvico y Deportivo Universitario.<\/p>\n<p>Tambi\u00e9n en deportes de pelota como, basquetbol, handball, beisbol, softbol, voleibol de sala, voleibol de playa, frontenis, tenis, tenis de mesa, tocho bandera; asimismo, atletismo, ciclismo, gimnasia aer\u00f3bica, levantamiento de pesas, triatl\u00f3n y spinning. Adem\u00e1s de b\u00e1dminton, tiro con arco, ajedrez y nataci\u00f3n.<\/p>\n<p>En tanto, docentes, personal administrativo, as\u00ed como la comunidad estudiantil interesada, puede inscribirse en el programa institucional denominado jueves de #Activaci\u00f3nUAEM\u00e9x, mediante el cual pueden participar en la actividad recreativa de entrenamiento funcional.<\/p>\n<p>El entrenamiento es presencial, al interior del Sal\u00f3n de Ballet de la Unidad Deportiva \u201cLic. Adolfo L\u00f3pez Mateos\u201d, con un cupo limitado de 25 personas, para lo cual se toman todas las medidas sanitarias como ventilaci\u00f3n, aplicaci\u00f3n de gel antibacterial y la toma de temperatura, adem\u00e1s del uso obligatorio de cubrebocas durante toda la pr\u00e1ctica.<\/p>\n<p>El enlace para la inscripci\u00f3n se encuentra publicado en la p\u00e1gina de Facebook de la Direcci\u00f3n de Cultura F\u00edsica y Deporte de la UAEM.<\/p>\n","protected":false},"excerpt":{"rendered":"<p>La Universidad Aut\u00f3noma del Estado de M\u00e9xico (UAEM), a trav\u00e9s de la Direcci\u00f3n de Actividades Deportivas, convoca a la comunidad estudiantil, as\u00ed como personal acad\u00e9mico y administrativo, a integrarse a su programa #Activaci\u00f3n UAEM\u00e9x o formar parte de alguno de sus equipos representativos.\u00a0<\/p>\n","protected":false},"author":3,"featured_media":519212,"comment_status":"open","ping_status":"open","sticky":false,"template":"","format":"standard","meta":{"_monsterinsights_skip_tracking":false,"_monsterinsights_sitenote_active":false,"_monsterinsights_sitenote_note":"","_monsterinsights_sitenote_category":0,"footnotes":""},"categories":[5],"tags":[43675,452,1491],"class_list":["post-519122","post","type-post","status-publish","format-standard","has-post-thumbnail","hentry","category-estado-de-mexico","tag-estado-de-mexico","tag-toluca","tag-uaem"],"_links":{"self":[{"href":"https:\/\/www.diarioimagen.net\/index.php?rest_route=\/wp\/v2\/posts\/519122","targetHints":{"allow":["GET"]}}],"collection":[{"href":"https:\/\/www.diarioimagen.net\/index.php?rest_route=\/wp\/v2\/posts"}],"about":[{"href":"https:\/\/www.diarioimagen.net\/index.php?rest_route=\/wp\/v2\/types\/post"}],"author":[{"embeddable":true,"href":"https:\/\/www.diarioimagen.net\/index.php?rest_route=\/wp\/v2\/users\/3"}],"replies":[{"embeddable":true,"href":"https:\/\/www.diarioimagen.net\/index.php?rest_route=%2Fwp%2Fv2%2Fcomments&post=519122"}],"version-history":[{"count":0,"href":"https:\/\/www.diarioimagen.net\/index.php?rest_route=\/wp\/v2\/posts\/519122\/revisions"}],"wp:featuredmedia":[{"embeddable":true,"href":"https:\/\/www.diarioimagen.net\/index.php?rest_route=\/wp\/v2\/media\/519212"}],"wp:attachment":[{"href":"https:\/\/www.diarioimagen.net\/index.php?rest_route=%2Fwp%2Fv2%2Fmedia&parent=519122"}],"wp:term":[{"taxonomy":"category","embeddable":true,"href":"https:\/\/www.diarioimagen.net\/index.php?rest_route=%2Fwp%2Fv2%2Fcategories&post=519122"},{"taxonomy":"post_tag","embeddable":true,"href":"https:\/\/www.diarioimagen.net\/index.php?rest_route=%2Fwp%2Fv2%2Ftags&post=519122"}],"curies":[{"name":"wp","href":"https:\/\/api.w.org\/{rel}","templated":true}]}}