{"id":519148,"date":"2021-09-02T00:04:28","date_gmt":"2021-09-02T05:04:28","guid":{"rendered":"https:\/\/www.diarioimagen.net\/?p=519148"},"modified":"2021-09-02T06:11:06","modified_gmt":"2021-09-02T11:11:06","slug":"realizan-jornada-asistencial-israel-abraza-a-rosa-mistica","status":"publish","type":"post","link":"https:\/\/www.diarioimagen.net\/?p=519148","title":{"rendered":"Realizan jornada asistencial \u201cIsrael Abraza a Rosa M\u00edstica\u201d"},"content":{"rendered":"<p>&nbsp;<\/p>\n<p><a href=\"https:\/\/www.diarioimagen.net\/?attachment_id=519239\" rel=\"attachment wp-att-519239\"><img loading=\"lazy\" decoding=\"async\" class=\"aligncenter size-full wp-image-519239\" src=\"https:\/\/www.diarioimagen.net\/wp-content\/uploads\/2021\/09\/israel.jpg\" alt=\"\" width=\"460\" height=\"345\" \/><\/a><\/p>\n<p>&nbsp;<\/p>\n<p><strong>Huixquilucan, Estado de M\u00e9xico<\/strong><strong>.-<\/strong> Como parte del hermanamiento que mantienen los gobiernos de Israel y Huixquilucan desde 2016, se llev\u00f3 a cabo la jornada \u201cIsrael abraza a Rosa M\u00edstica\u201d en el complejo m\u00e9dico del mismo nombre de este municipio, con el fin de llevar asistencia social y brindar ayuda humanitaria, tras los efectos econ\u00f3micos que dej\u00f3 la pandemia de covid-19, a los beneficiarios de este espacio.<\/p>\n<p>Al encabezar junto con el Embajador de Israel en M\u00e9xico, Zvi Itzhak Tal, la presidenta del Sistema Municipal DIF, Romina Contreras, resalt\u00f3 la generosidad que el pueblo israel\u00ed siempre ha tenido con Huixquilucan.<\/p>\n","protected":false},"excerpt":{"rendered":"<p>Como parte del hermanamiento que mantienen los gobiernos de Israel y Huixquilucan desde 2016, se llev\u00f3 a cabo la jornada \u201cIsrael abraza a Rosa M\u00edstica\u201d en el complejo m\u00e9dico del mismo nombre de este municipio, con el fin de llevar asistencia social y brindar ayuda humanitaria, tras los efectos econ\u00f3micos que dej\u00f3 la pandemia de covid-19, a los beneficiarios de este espacio.<\/p>\n","protected":false},"author":3,"featured_media":519239,"comment_status":"open","ping_status":"open","sticky":false,"template":"","format":"standard","meta":{"_monsterinsights_skip_tracking":false,"_monsterinsights_sitenote_active":false,"_monsterinsights_sitenote_note":"","_monsterinsights_sitenote_category":0,"footnotes":""},"categories":[5],"tags":[43675,1097,10578],"class_list":["post-519148","post","type-post","status-publish","format-standard","has-post-thumbnail","hentry","category-estado-de-mexico","tag-estado-de-mexico","tag-huixquilucan","tag-sistema-municipal-dif"],"_links":{"self":[{"href":"https:\/\/www.diarioimagen.net\/index.php?rest_route=\/wp\/v2\/posts\/519148","targetHints":{"allow":["GET"]}}],"collection":[{"href":"https:\/\/www.diarioimagen.net\/index.php?rest_route=\/wp\/v2\/posts"}],"about":[{"href":"https:\/\/www.diarioimagen.net\/index.php?rest_route=\/wp\/v2\/types\/post"}],"author":[{"embeddable":true,"href":"https:\/\/www.diarioimagen.net\/index.php?rest_route=\/wp\/v2\/users\/3"}],"replies":[{"embeddable":true,"href":"https:\/\/www.diarioimagen.net\/index.php?rest_route=%2Fwp%2Fv2%2Fcomments&post=519148"}],"version-history":[{"count":0,"href":"https:\/\/www.diarioimagen.net\/index.php?rest_route=\/wp\/v2\/posts\/519148\/revisions"}],"wp:featuredmedia":[{"embeddable":true,"href":"https:\/\/www.diarioimagen.net\/index.php?rest_route=\/wp\/v2\/media\/519239"}],"wp:attachment":[{"href":"https:\/\/www.diarioimagen.net\/index.php?rest_route=%2Fwp%2Fv2%2Fmedia&parent=519148"}],"wp:term":[{"taxonomy":"category","embeddable":true,"href":"https:\/\/www.diarioimagen.net\/index.php?rest_route=%2Fwp%2Fv2%2Fcategories&post=519148"},{"taxonomy":"post_tag","embeddable":true,"href":"https:\/\/www.diarioimagen.net\/index.php?rest_route=%2Fwp%2Fv2%2Ftags&post=519148"}],"curies":[{"name":"wp","href":"https:\/\/api.w.org\/{rel}","templated":true}]}}