{"id":519166,"date":"2021-09-02T00:03:46","date_gmt":"2021-09-02T05:03:46","guid":{"rendered":"https:\/\/www.diarioimagen.net\/?p=519166"},"modified":"2021-09-02T03:26:54","modified_gmt":"2021-09-02T08:26:54","slug":"a-la-mitad-de-las-mananeras","status":"publish","type":"post","link":"https:\/\/www.diarioimagen.net\/?p=519166","title":{"rendered":"A la mitad\u2026 de las ma\u00f1aneras"},"content":{"rendered":"<h2>Espacio Electoral<\/h2>\n<h5>Eleazar Flores<strong>\u00a0<\/strong><\/h5>\n<p><strong>\u00a0<\/strong><\/p>\n<p><strong>REALMENTE SON M\u00c1S-.<\/strong> Para un \u201ccabeceador\u201d de notas debi\u00f3 ser ayer un trabajo dif\u00edcil, pues muy poco de lo que el presidente Andr\u00e9s Manuel L\u00f3pez Obrador dijo en los 55 minutos de su tercer informe fue nuevo\u2026 bueno s\u00ed.<\/p>\n<p>La actualizaci\u00f3n de algunas cifras -discrepantes hasta eso-, de lo que dicen los floreros, perd\u00f3n, los secretarios del gabinete en relaci\u00f3n a lo ayer le\u00eddo, pero esto \u00faltimo viene siendo lo de todos los d\u00edas.<\/p>\n<p>Respecto a las MA\u00d1ANERAS, realmente ya son m\u00e1s si recordamos que -sin la menor urbanidad pol\u00edtica-, el padre de la Cuarta Transformaci\u00f3n en su calidad de candidato triunfador a la Presidencia de la Rep\u00fablica, empez\u00f3 a dar sus conferencias all\u00e1 en la colonia Roma, con reporteros a pie, pues ni sillas se colocaron para sentarse.<\/p>\n<p>Pero yendo a la lectura del tercer informe constitucional \u2014no obstante los de diciembre, julio y antes de las elecciones, vamos en el onceavo\u2014, en honor a la verdad nada nuevo se dijo, pues eso de condenar a los reg\u00edmenes neoliberales, lucha contra la corrupci\u00f3n y dem\u00e1s, \u201cya lo sab\u00eda\u201d, dice la canci\u00f3n.<\/p>\n<p>La casi estatizaci\u00f3n del sector el\u00e9ctrico, cuyos recibos bimestrales de luz van en aumento -con pruebas en la mano-, el incremento de la producci\u00f3n de petr\u00f3leo sin llegar a las metas que se propuso al inicio del sexenio y el r\u00e9cord hist\u00f3rico en las remesas, trabajo de nuestros sufridos paisanos \u201cbraceros\u201d, no del gobierno.<\/p>\n<p><strong>INTOCABLES-.<\/strong> Tema de refil\u00f3n en el informe de ayer fueron las agresiones que por cuarto d\u00eda consecutivo sufren migrantes centroamericanos en el sureste de nuestro pa\u00eds, concretamente en Chiapas, con benepl\u00e1cito declarativo del subsecretario de Derechos Humanos, Alejandro Encinas.<\/p>\n<p>Otros temas intocables fueron los frustrados intentos de la CNTE sure\u00f1a para platicar con el Presidente de la Rep\u00fablica el pasado fin de semana, ni siquiera por el hecho de mantener al tabasque\u00f1o dentro de su veh\u00edculo por aproximadamente unas dos horas.<\/p>\n<p>Tampoco hubo referencia de los altos \u00edndices de muertes en Michoac\u00e1n, Guanajuato o Fresnillo, de Monreal, en el estado de Zacatecas.<\/p>\n<p>Del aspecto educativo ni hablar, pues las cifras se manejan con mexicana alegr\u00eda -al fin mes patrio-, ya que el mandatario dio unas, la secretaria de Educaci\u00f3n P\u00fablica, Delfina G\u00f3mez, otras, as\u00ed que la realidad la conoceremos otro d\u00eda.<\/p>\n<p>Para muchos, incluidos los medios de comunicaci\u00f3n, al fin pas\u00f3 la fecha de este informe en donde la \u00fanica gobernadora presente en el evento fue la jefa de Gobierno de la Ciudad de M\u00e9xico, Claudia Scheinbaum, teniendo como vecina a la se\u00f1ora Beatriz Guti\u00e9rrez Muller de L\u00f3pez Obrador.<\/p>\n<p>El hecho ya lo comentar\u00e1n los analistas pol\u00edticos a partir de hoy.<\/p>\n<p><em><a href=\"mailto:elefa44@gmail.com\" target=\"_blank\" rel=\"noopener noreferrer\">elefa44@gmail.com<\/a><\/em><\/p>\n","protected":false},"excerpt":{"rendered":"<p><span style=\"color: #005497;\"><strong>Eleazar Flores<\/strong><\/span><\/p>\n","protected":false},"author":3,"featured_media":0,"comment_status":"open","ping_status":"open","sticky":false,"template":"","format":"standard","meta":{"_monsterinsights_skip_tracking":false,"_monsterinsights_sitenote_active":false,"_monsterinsights_sitenote_note":"","_monsterinsights_sitenote_category":0,"footnotes":""},"categories":[81743],"tags":[81744,81776,43674],"class_list":["post-519166","post","type-post","status-publish","format-standard","hentry","category-eleazar-flores","tag-eleazar-flores","tag-espacio-electoral","tag-opinion"],"_links":{"self":[{"href":"https:\/\/www.diarioimagen.net\/index.php?rest_route=\/wp\/v2\/posts\/519166","targetHints":{"allow":["GET"]}}],"collection":[{"href":"https:\/\/www.diarioimagen.net\/index.php?rest_route=\/wp\/v2\/posts"}],"about":[{"href":"https:\/\/www.diarioimagen.net\/index.php?rest_route=\/wp\/v2\/types\/post"}],"author":[{"embeddable":true,"href":"https:\/\/www.diarioimagen.net\/index.php?rest_route=\/wp\/v2\/users\/3"}],"replies":[{"embeddable":true,"href":"https:\/\/www.diarioimagen.net\/index.php?rest_route=%2Fwp%2Fv2%2Fcomments&post=519166"}],"version-history":[{"count":0,"href":"https:\/\/www.diarioimagen.net\/index.php?rest_route=\/wp\/v2\/posts\/519166\/revisions"}],"wp:attachment":[{"href":"https:\/\/www.diarioimagen.net\/index.php?rest_route=%2Fwp%2Fv2%2Fmedia&parent=519166"}],"wp:term":[{"taxonomy":"category","embeddable":true,"href":"https:\/\/www.diarioimagen.net\/index.php?rest_route=%2Fwp%2Fv2%2Fcategories&post=519166"},{"taxonomy":"post_tag","embeddable":true,"href":"https:\/\/www.diarioimagen.net\/index.php?rest_route=%2Fwp%2Fv2%2Ftags&post=519166"}],"curies":[{"name":"wp","href":"https:\/\/api.w.org\/{rel}","templated":true}]}}