{"id":519286,"date":"2021-09-03T00:01:10","date_gmt":"2021-09-03T05:01:10","guid":{"rendered":"https:\/\/www.diarioimagen.net\/?p=519286"},"modified":"2021-09-03T08:35:00","modified_gmt":"2021-09-03T13:35:00","slug":"ponen-en-marcha-en-tlalnepantla-el-programa-municipal-me-muevo-segura","status":"publish","type":"post","link":"https:\/\/www.diarioimagen.net\/?p=519286","title":{"rendered":"Ponen en marcha en Tlalnepantla el programa municipal \u201cMe muevo segura\u201d"},"content":{"rendered":"<p>&nbsp;<\/p>\n<ul>\n<li><strong><em>Inauguran \u201cCentro naranja\u201d de atenci\u00f3n a mujeres<\/em><\/strong><\/li>\n<\/ul>\n<p>&nbsp;<\/p>\n<div id=\"attachment_519389\" style=\"width: 470px\" class=\"wp-caption aligncenter\"><a href=\"https:\/\/www.diarioimagen.net\/?attachment_id=519389\" rel=\"attachment wp-att-519389\"><img loading=\"lazy\" decoding=\"async\" aria-describedby=\"caption-attachment-519389\" class=\"size-full wp-image-519389\" src=\"https:\/\/www.diarioimagen.net\/wp-content\/uploads\/2021\/09\/tlalne.jpg\" alt=\"\" width=\"460\" height=\"270\" \/><\/a><p id=\"caption-attachment-519389\" class=\"wp-caption-text\">Fue puesto en marcha en Tlalneopantla el programa municipal \u2018Me muevo segura\u2019 e inauguraron el \u2018Centro naranja de atenci\u00f3n a mujeres, sus hijas e hijos en situaci\u00f3n de violencia\u2019.<\/p><\/div>\n<p>&nbsp;<\/p>\n<p><strong>Tlalnepantla, Estado de M\u00e9xico<\/strong>.- Autoridades municipales y estatales pusieron en marcha el programa municipal \u2018Me muevo segura\u2019 e inauguraron el \u2018Centro naranja de atenci\u00f3n a mujeres, sus hijas e hijos en situaci\u00f3n de violencia\u2019 en Tlalnepantla Oriente, como parte de las acciones conjuntas para combatir la violencia de g\u00e9nero.<\/p>\n<p>Karem Santa Cruz Breton, titular del Instituto Municipal para las Mujeres y la Equidad de G\u00e9nero inform\u00f3 que con recursos otorgados por la Secretar\u00eda de las Mujeres del Estado de M\u00e9xico, se instalar\u00e1n 35 m\u00f3dulos de videovigilancia en puntos donde se han detectado un mayor \u00edndice de violencia contra mujeres.<\/p>\n<p>Los m\u00f3dulos, 17 en la parte poniente del municipio y 18 en la regi\u00f3n oriente, contar\u00e1n cada uno con una c\u00e1mara con movimiento de 360 grados, tres c\u00e1maras fijas, bot\u00f3n de alerta, micr\u00f3fono y estar\u00e1n conectados los centros de emergencia C4 y C2 respectivamente.<\/p>\n<p>La Direcci\u00f3n de Servicios y Mantenimiento Urbano mejorar\u00e1 el alumbrado p\u00fablico y podar\u00e1 \u00e1rboles para una mejor visibilidad. La Coordinaci\u00f3n Municipal de Cultura de Paz realizar\u00e1 murales para visibilizar los tipos y alcance de la violencia y se contar\u00e1 con una unidad m\u00f3vil que visitar\u00e1 las comunidades m\u00e1s alejadas para brindar atenci\u00f3n jur\u00eddica y psicol\u00f3gica, pl\u00e1ticas, conferencias y difusi\u00f3n de servicios.<\/p>\n<p>El Centro Naranja de la Secretar\u00eda de las Mujeres del Gobierno del Estado se constituy\u00f3 en un espacio que el Gobierno de Tlalnepantla recuper\u00f3 con perspectiva de g\u00e9nero en la colonia La Laguna, en el que se brindar\u00e1 atenci\u00f3n jur\u00eddica y psicol\u00f3gica gratuita a ciudadanas en situaci\u00f3n de violencia en un horario de 9:00 a 18:00 horas.<\/p>\n<p>Yuritzi Casta\u00f1eda Ulloa, Directora General de Atenci\u00f3n y Prevenci\u00f3n de la Violencia de la Secretar\u00eda de las Mujeres detall\u00f3 que la inauguraci\u00f3n de este espacio y la implementaci\u00f3n del programa \u2018Me Muevo Segura\u2019 es el reflejo del trabajo realizado de manera conjunta para construir un municipio sin violencia.<\/p>\n<p>Estuvieron presentes en el evento Jezabel Delgado Flores, Primera S\u00edndico, representantes de las distintas \u00e1reas de la administraci\u00f3n municipal, Adriana Hinojosa Cespedes, Coordinadora de Pol\u00edticas P\u00fablicas de la Fiscal\u00eda General de Justicia del Estado de M\u00e9xico, entre otros.<\/p>\n","protected":false},"excerpt":{"rendered":"<p>Autoridades municipales y estatales pusieron en marcha el programa municipal \u2018Me muevo segura\u2019 e inauguraron el \u2018Centro naranja de atenci\u00f3n a mujeres, sus hijas e hijos en situaci\u00f3n de violencia\u2019 en Tlalnepantla Oriente, como parte de las acciones conjuntas para combatir la violencia de g\u00e9nero.<\/p>\n","protected":false},"author":3,"featured_media":519389,"comment_status":"open","ping_status":"open","sticky":false,"template":"","format":"standard","meta":{"_monsterinsights_skip_tracking":false,"_monsterinsights_sitenote_active":false,"_monsterinsights_sitenote_note":"","_monsterinsights_sitenote_category":0,"footnotes":""},"categories":[5],"tags":[43675,169,14425],"class_list":["post-519286","post","type-post","status-publish","format-standard","has-post-thumbnail","hentry","category-estado-de-mexico","tag-estado-de-mexico","tag-tlalnepantla","tag-violencia-de-genero"],"_links":{"self":[{"href":"https:\/\/www.diarioimagen.net\/index.php?rest_route=\/wp\/v2\/posts\/519286","targetHints":{"allow":["GET"]}}],"collection":[{"href":"https:\/\/www.diarioimagen.net\/index.php?rest_route=\/wp\/v2\/posts"}],"about":[{"href":"https:\/\/www.diarioimagen.net\/index.php?rest_route=\/wp\/v2\/types\/post"}],"author":[{"embeddable":true,"href":"https:\/\/www.diarioimagen.net\/index.php?rest_route=\/wp\/v2\/users\/3"}],"replies":[{"embeddable":true,"href":"https:\/\/www.diarioimagen.net\/index.php?rest_route=%2Fwp%2Fv2%2Fcomments&post=519286"}],"version-history":[{"count":0,"href":"https:\/\/www.diarioimagen.net\/index.php?rest_route=\/wp\/v2\/posts\/519286\/revisions"}],"wp:featuredmedia":[{"embeddable":true,"href":"https:\/\/www.diarioimagen.net\/index.php?rest_route=\/wp\/v2\/media\/519389"}],"wp:attachment":[{"href":"https:\/\/www.diarioimagen.net\/index.php?rest_route=%2Fwp%2Fv2%2Fmedia&parent=519286"}],"wp:term":[{"taxonomy":"category","embeddable":true,"href":"https:\/\/www.diarioimagen.net\/index.php?rest_route=%2Fwp%2Fv2%2Fcategories&post=519286"},{"taxonomy":"post_tag","embeddable":true,"href":"https:\/\/www.diarioimagen.net\/index.php?rest_route=%2Fwp%2Fv2%2Ftags&post=519286"}],"curies":[{"name":"wp","href":"https:\/\/api.w.org\/{rel}","templated":true}]}}