{"id":519289,"date":"2021-09-03T00:02:18","date_gmt":"2021-09-03T05:02:18","guid":{"rendered":"https:\/\/www.diarioimagen.net\/?p=519289"},"modified":"2021-09-03T08:36:28","modified_gmt":"2021-09-03T13:36:28","slug":"proceso-para-que-izcalli-regrese-a-cuautitlan-impuestos-recaudados-de-san-mateo-ixtacalco","status":"publish","type":"post","link":"https:\/\/www.diarioimagen.net\/?p=519289","title":{"rendered":"Proceso para que Izcalli regrese a Cuautitl\u00e1n impuestos recaudados de San Mateo Ixtacalco"},"content":{"rendered":"<p>&nbsp;<\/p>\n<ul>\n<li><strong><em>Balance de los logros de Ariel Ju\u00e1rez<\/em><\/strong><\/li>\n<\/ul>\n<p>&nbsp;<\/p>\n<div id=\"attachment_519393\" style=\"width: 470px\" class=\"wp-caption aligncenter\"><a href=\"https:\/\/www.diarioimagen.net\/?attachment_id=519393\" rel=\"attachment wp-att-519393\"><img loading=\"lazy\" decoding=\"async\" aria-describedby=\"caption-attachment-519393\" class=\"size-full wp-image-519393\" src=\"https:\/\/www.diarioimagen.net\/wp-content\/uploads\/2021\/09\/cuautitlan-1.jpg\" alt=\"\" width=\"460\" height=\"270\" \/><\/a><p id=\"caption-attachment-519393\" class=\"wp-caption-text\">Ariel Ju\u00e1rez, ahora ex alcalde, hizo un breve balance de los logros y obras que realiz\u00f3 durante su gesti\u00f3n en Cuautitl\u00e1n.<\/p><\/div>\n<p>&nbsp;<\/p>\n<p><strong>Cuautitl\u00e1n, Estado de M\u00e9xico.-<\/strong> El diputado local electo por el distrito 19, Ariel Ju\u00e1rez Rodr\u00edguez inform\u00f3 que el tema del Pueblo de San Mateo Ixtacalco y sus ejidos La Capilla y El Sabino es un asunto ya concluido en el Congreso del Estado de M\u00e9xico, en el que se hizo justicia a una petici\u00f3n de sus habitantes que data de hace muchas d\u00e9cadas. En conferencia de prensa, el ahora ex alcalde hizo un breve balance de los logros y obras que realiz\u00f3 durante su gesti\u00f3n, la cual termina para asumir a partir del 5 de septiembre, el cargo de diputado local en la LXI Legislatura del Congreso del Estado de M\u00e9xico.<\/p>\n<p>Acompa\u00f1ado por el Presidente Municipal Sustituto, Cuauht\u00e9moc Mas\u00f3n Orta y de la Secretaria del Ayuntamiento Teresa Ru\u00edz P\u00e9rez, el diputado local electo Ariel Ju\u00e1rez recalc\u00f3 que ya est\u00e1 en marcha un proceso resarcitorio que obligar\u00e1 al municipio de Izcalli regresar al ayuntamiento de Cuautitl\u00e1n la recaudaci\u00f3n de impuestos que cobr\u00f3 indebidamente durante d\u00e9cadas a los habitantes de San Mateo Ixtacalco.<\/p>\n<p>\u201cEn lugar de que est\u00e9n promoviendo que se d\u00e9 marcha atr\u00e1s a la reunificaci\u00f3n de San Mateo, los actores pol\u00edticos deber\u00edan preocuparse en c\u00f3mo pagaran estos recursos a Cuautitl\u00e1n que aunque datan de varias d\u00e9cadas, la Ley s\u00f3lo permite cobrarles 5 a\u00f1os que si dicen representa el 10 por ciento de su presupuesto anual, resulta una buena cantidad que bien le hace falta a los cuautitlanenses\u201d; enfatiz\u00f3.<\/p>\n<p>Por otro lado, Ariel Ju\u00e1rez dijo que como resultado de la buena administraci\u00f3n de los recursos municipales y la transparencia en la rendici\u00f3n de cuentas, entrega un municipio con finanzas sanas, que permitir\u00e1 incluso al gobierno entrante emprender nuevas obras, en beneficio de los habitantes de Cuautitl\u00e1n.<\/p>\n<p>A su vez, el Presidente Municipal Sustituto, Cuauht\u00e9moc Mas\u00f3n Orta enfatiz\u00f3 que el trabajo emprendido durante la presente administraci\u00f3n, representa un gran compromiso que asume con responsabilidad y entrega, reiterando que el trabajo diario se realizar\u00e1 de la mano con los ciudadanos procurando en todo momento el bienestar de la gente llevando el desarrollo y crecimiento a todas las comunidades, haciendo un Cuautitl\u00e1n un lugar digno desde donde se impulse la transformaci\u00f3n de nuestro pa\u00eds.<\/p>\n<p>Finalmente, la Secretaria del Ayuntamiento Teresa Ruiz P\u00e9rez afirm\u00f3 que la pol\u00edtica interna en el ayuntamiento seguir\u00e1 bas\u00e1ndose en la buena relaci\u00f3n institucional que prevalece con todas las fuerzas partidistas representadas en el cabildo; por lo que conf\u00eda en que la unidad ser\u00e1 la pauta para consolidar la transformaci\u00f3n de Cuautitl\u00e1n.<\/p>\n","protected":false},"excerpt":{"rendered":"<p>El diputado local electo por el distrito 19, Ariel Ju\u00e1rez Rodr\u00edguez inform\u00f3 que el tema del Pueblo de San Mateo Ixtacalco y sus ejidos La Capilla y El Sabino es un asunto ya concluido en el Congreso del Estado de M\u00e9xico, en el que se hizo justicia a una petici\u00f3n de sus habitantes que data de hace muchas d\u00e9cadas. En conferencia de prensa, el ahora ex alcalde hizo un breve balance de los logros y obras que realiz\u00f3 durante su gesti\u00f3n, la cual termina para asumir a partir del 5 de septiembre, el cargo de diputado local en la LXI Legislatura del Congreso del Estado de M\u00e9xico.<\/p>\n","protected":false},"author":3,"featured_media":519393,"comment_status":"open","ping_status":"open","sticky":false,"template":"","format":"standard","meta":{"_monsterinsights_skip_tracking":false,"_monsterinsights_sitenote_active":false,"_monsterinsights_sitenote_note":"","_monsterinsights_sitenote_category":0,"footnotes":""},"categories":[5],"tags":[681,43675,93570],"class_list":["post-519289","post","type-post","status-publish","format-standard","has-post-thumbnail","hentry","category-estado-de-mexico","tag-cuautitlan","tag-estado-de-mexico","tag-san-mateo-ixtacalco"],"_links":{"self":[{"href":"https:\/\/www.diarioimagen.net\/index.php?rest_route=\/wp\/v2\/posts\/519289","targetHints":{"allow":["GET"]}}],"collection":[{"href":"https:\/\/www.diarioimagen.net\/index.php?rest_route=\/wp\/v2\/posts"}],"about":[{"href":"https:\/\/www.diarioimagen.net\/index.php?rest_route=\/wp\/v2\/types\/post"}],"author":[{"embeddable":true,"href":"https:\/\/www.diarioimagen.net\/index.php?rest_route=\/wp\/v2\/users\/3"}],"replies":[{"embeddable":true,"href":"https:\/\/www.diarioimagen.net\/index.php?rest_route=%2Fwp%2Fv2%2Fcomments&post=519289"}],"version-history":[{"count":0,"href":"https:\/\/www.diarioimagen.net\/index.php?rest_route=\/wp\/v2\/posts\/519289\/revisions"}],"wp:featuredmedia":[{"embeddable":true,"href":"https:\/\/www.diarioimagen.net\/index.php?rest_route=\/wp\/v2\/media\/519393"}],"wp:attachment":[{"href":"https:\/\/www.diarioimagen.net\/index.php?rest_route=%2Fwp%2Fv2%2Fmedia&parent=519289"}],"wp:term":[{"taxonomy":"category","embeddable":true,"href":"https:\/\/www.diarioimagen.net\/index.php?rest_route=%2Fwp%2Fv2%2Fcategories&post=519289"},{"taxonomy":"post_tag","embeddable":true,"href":"https:\/\/www.diarioimagen.net\/index.php?rest_route=%2Fwp%2Fv2%2Ftags&post=519289"}],"curies":[{"name":"wp","href":"https:\/\/api.w.org\/{rel}","templated":true}]}}