{"id":519291,"date":"2021-09-03T00:03:45","date_gmt":"2021-09-03T05:03:45","guid":{"rendered":"https:\/\/www.diarioimagen.net\/?p=519291"},"modified":"2021-09-03T08:38:23","modified_gmt":"2021-09-03T13:38:23","slug":"huixquilucan-tiene-bases-de-un-gobierno-a-la-altura-de-su-gente-vargas-del-villar","status":"publish","type":"post","link":"https:\/\/www.diarioimagen.net\/?p=519291","title":{"rendered":"Huixquilucan tiene bases de un gobierno a la altura de su gente: Vargas del Villar"},"content":{"rendered":"<p>&nbsp;<\/p>\n<ul>\n<li><strong><em>Solicita licencia a su encargo como alcalde<\/em><\/strong><\/li>\n<\/ul>\n<p>&nbsp;<\/p>\n<div id=\"attachment_519395\" style=\"width: 470px\" class=\"wp-caption aligncenter\"><a href=\"https:\/\/www.diarioimagen.net\/?attachment_id=519395\" rel=\"attachment wp-att-519395\"><img loading=\"lazy\" decoding=\"async\" aria-describedby=\"caption-attachment-519395\" class=\"size-full wp-image-519395\" src=\"https:\/\/www.diarioimagen.net\/wp-content\/uploads\/2021\/09\/huix-1.jpg\" alt=\"\" width=\"460\" height=\"270\" \/><\/a><p id=\"caption-attachment-519395\" class=\"wp-caption-text\">Enrique Vargas del Villar encabez\u00f3 la sexag\u00e9sima quinta sesi\u00f3n ordinaria de Cabildo, en la que solicit\u00f3 licencia a su encargo como presidente municipal, con efectos a partir de este 3 de septiembre.<\/p><\/div>\n<p>&nbsp;<\/p>\n<p><strong>Huixquilucan, Estado de M\u00e9xico.-<\/strong> \u201cMe voy con la frente en alto, no le fall\u00e9 a Huixquilucan, no le fall\u00e9 a la gente que crey\u00f3 en mi\u201d, asever\u00f3 Enrique Vargas del Villar, al encabezar la sexag\u00e9sima quinta sesi\u00f3n ordinaria de Cabildo, en la que solicit\u00f3 licencia a su encargo como presidente municipal, con efectos a partir del pr\u00f3ximo 3 de septiembre.<\/p>\n<p>Ante los integrantes del cuerpo edilicio, Vargas del Villar recalc\u00f3 que en las dos administraciones que encabez\u00f3, se sentaron las bases de un gobierno municipal a la altura de Huixquilucan, para poder seguir siendo el municipio mejor calificado del estado de M\u00e9xico y entre los mejores del pa\u00eds.<\/p>\n<p>Record\u00f3, que tras recibir un gobierno en quiebra, con 26 patrullas, 6 camiones de basura y sin poder cobrar predial, hoy Huixquilucan es un referente a nivel estatal y nacional, ya que adem\u00e1s de tener finanzas sanas, se tiene el mejor sistema de salud municipal en el Complejo Rosa M\u00edstica, as\u00ed como m\u00e1s de 2 mil millones de d\u00f3lares en inversi\u00f3n privada y predios que cotizan en 85 mil pesos el metro cuadrado.<\/p>\n<p>\u201cSomos el mejor equipo, somos el mejor gobierno, hemos demostrado lo que es la buena gobernanza, lo que es un gobierno ciudadano, un gobierno de estar atento las 24 horas del d\u00eda los 7 d\u00edas de la semana\u201d, insisti\u00f3 Vargas del Villar, quien tambi\u00e9n agradeci\u00f3 a cada uno de los servidores p\u00fablicos que le acompa\u00f1aron durante su gesti\u00f3n desde el 2016.<\/p>\n<p>Las distintas fuerzas pol\u00edticas al interior del cuerpo edilicio, reconocieron el liderazgo de Vargas del Villar y los resultados obtenidos en seguridad p\u00fablica, obras y servicios p\u00fablicos, salud, desarrollo social y econ\u00f3mico, adem\u00e1s del trato digno que en todo momento recibieron las y los huixquiluquenses de todos los rincones del municipio, sin distinci\u00f3n alguna por edad o condici\u00f3n social.<\/p>\n<p>Durante esta sexag\u00e9sima quinta sesi\u00f3n ordinaria de Cabildo, tambi\u00e9n solicit\u00f3 licencia a su cargo como tercer regidor, Luis Narciso Fierro Cima, as\u00ed como el secretario del Ayuntamiento Pablo Fern\u00e1ndez de Cevallos Gonz\u00e1lez y la sexta regidora Mar\u00eda Eugenia Torres P\u00e9rez Tejada. El pleno del Cabildo aprob\u00f3 el nombramiento de Abel Huitr\u00f3n de Velasco como secretario del Ayuntamiento, en tanto que Norma Tapia Pichardo rindi\u00f3 protesta como sexta regidora.<\/p>\n<p>Mar\u00eda Eugenia Torres P\u00e9rez Tejada, ser\u00e1 presidenta municipal por ministerio de Ley, a partir del pr\u00f3ximo 3 de septiembre despu\u00e9s de las 18:00 horas, que inicia la licencia de Enrique Vargas del Villar.<\/p>\n","protected":false},"excerpt":{"rendered":"<p>\u201cMe voy con la frente en alto, no le fall\u00e9 a Huixquilucan, no le fall\u00e9 a la gente que crey\u00f3 en mi\u201d, asever\u00f3 Enrique Vargas del Villar, al encabezar la sexag\u00e9sima quinta sesi\u00f3n ordinaria de Cabildo, en la que solicit\u00f3 licencia a su encargo como presidente municipal, con efectos a partir del pr\u00f3ximo 3 de septiembre.<\/p>\n","protected":false},"author":3,"featured_media":519395,"comment_status":"open","ping_status":"open","sticky":false,"template":"","format":"standard","meta":{"_monsterinsights_skip_tracking":false,"_monsterinsights_sitenote_active":false,"_monsterinsights_sitenote_note":"","_monsterinsights_sitenote_category":0,"footnotes":""},"categories":[5],"tags":[47218,43675,93571,1097],"class_list":["post-519291","post","type-post","status-publish","format-standard","has-post-thumbnail","hentry","category-estado-de-mexico","tag-enrique-vargas-del-villar","tag-estado-de-mexico","tag-falle","tag-huixquilucan"],"_links":{"self":[{"href":"https:\/\/www.diarioimagen.net\/index.php?rest_route=\/wp\/v2\/posts\/519291","targetHints":{"allow":["GET"]}}],"collection":[{"href":"https:\/\/www.diarioimagen.net\/index.php?rest_route=\/wp\/v2\/posts"}],"about":[{"href":"https:\/\/www.diarioimagen.net\/index.php?rest_route=\/wp\/v2\/types\/post"}],"author":[{"embeddable":true,"href":"https:\/\/www.diarioimagen.net\/index.php?rest_route=\/wp\/v2\/users\/3"}],"replies":[{"embeddable":true,"href":"https:\/\/www.diarioimagen.net\/index.php?rest_route=%2Fwp%2Fv2%2Fcomments&post=519291"}],"version-history":[{"count":0,"href":"https:\/\/www.diarioimagen.net\/index.php?rest_route=\/wp\/v2\/posts\/519291\/revisions"}],"wp:featuredmedia":[{"embeddable":true,"href":"https:\/\/www.diarioimagen.net\/index.php?rest_route=\/wp\/v2\/media\/519395"}],"wp:attachment":[{"href":"https:\/\/www.diarioimagen.net\/index.php?rest_route=%2Fwp%2Fv2%2Fmedia&parent=519291"}],"wp:term":[{"taxonomy":"category","embeddable":true,"href":"https:\/\/www.diarioimagen.net\/index.php?rest_route=%2Fwp%2Fv2%2Fcategories&post=519291"},{"taxonomy":"post_tag","embeddable":true,"href":"https:\/\/www.diarioimagen.net\/index.php?rest_route=%2Fwp%2Fv2%2Ftags&post=519291"}],"curies":[{"name":"wp","href":"https:\/\/api.w.org\/{rel}","templated":true}]}}