{"id":519302,"date":"2021-09-03T00:02:49","date_gmt":"2021-09-03T05:02:49","guid":{"rendered":"https:\/\/www.diarioimagen.net\/?p=519302"},"modified":"2021-09-03T03:42:38","modified_gmt":"2021-09-03T08:42:38","slug":"jesus-ramirez-cuevas-el-siempre-patino-de-andres-manuel-lopez-obrador","status":"publish","type":"post","link":"https:\/\/www.diarioimagen.net\/?p=519302","title":{"rendered":"Jes\u00fas Ram\u00edrez Cuevas, el siempre \u201cpati\u00f1o\u201d de Andr\u00e9s Manuel L\u00f3pez Obrador"},"content":{"rendered":"<h2>La Retaguardia<\/h2>\n<h5>Adriana Moreno Cordero<em>\u00a0<\/em><\/h5>\n<p><em>\u00a0<\/em><\/p>\n<ul>\n<li><strong><em>Julio Scherer se fue para seguir siendo amigo del Presidente<\/em><\/strong><\/li>\n<\/ul>\n<p>&nbsp;<\/p>\n<p>Al siempre eficiente vocero de Palacio Nacional, <strong>Jes\u00fas Ram\u00edrez Cuevas<\/strong>, no le ha importado, ni le importar\u00e1, ser el \u201cpati\u00f1o\u201d y hasta el buf\u00f3n del presidente <strong>Andr\u00e9s Manuel L\u00f3pez Obrador<\/strong>; esa historia es bien sabida porque con tal de permanecer en Palacio Nacional y no someterse a la furia de su jefe, Ram\u00edrez Cuevas est\u00e1 dispuesto siempre a hacer lo que sea y eso lo demuestra pr\u00e1cticamente en todas las ma\u00f1aneras; ah\u00ed est\u00e1 como ejemplo que a diario se apresura a \u201csembrar\u201d preguntas entre los \u201creporteros\u201d afines a Palacio Nacional -eso s\u00ed, las redacta tan mal- y armar el \u201cshow\u201d que le pidan, como cuando puso canciones de Juan Gabriel, Marco Antonio Mu\u00f1iz y aquella conocida cumbia de \u201cLos Caminos de la Vida\u201d, todas, solicitadas por el mism\u00edsimo Presidente para, seg\u00fan \u00e9l, darse a entender.<\/p>\n<p>No hace nada bien su trabajo, Ram\u00edrez Cuevas, pero eso s\u00ed, le pone mucho coraz\u00f3n. As\u00ed, en esa misma t\u00f3nica, el d\u00eda del III informe presidencial y ante los rumores casi confirmados de que <strong>Julio Scherer Ibarra<\/strong> dejar\u00eda de ser el consejero jur\u00eddico de la Presidencia de la Rep\u00fablica, no tuvo empacho alguno -y c\u00f3mo lo iba a tener si era orden directa de su jefe-, en decir que se trataba de rumores publicados en los medios neoliberales.<\/p>\n<p>Lo cierto es que Scherer Ibarra present\u00f3 su renuncia al cargo m\u00e1s importante de su carrera, seg\u00fan dijo \u00e9l mismo, el 30 de agosto, s\u00f3lo que para no quitarle reflectores a L\u00f3pez Obrador, opt\u00f3 por seguirla haciendo de miembro del gabinete lopezobradorista, hasta que ayer, en medio de la ma\u00f1anera, \u00e9l mismo ley\u00f3 su renuncia, en la que por cierto, entre l\u00edneas, dej\u00f3 ver que \u201clas complejidades de la amistad\u201d, tiene impl\u00edcitas las diferencias de opini\u00f3n y c\u00f3mo \u00e9stas pueden llevar a ciertos enfrentamientos.<\/p>\n<p>Se supone que la de Julio Scherer, era una de las pocas voces que escuchaba el siempre vehemente tabasque\u00f1o, pero al parecer no fue lo suficiente. Se sab\u00eda que el ahora ex Consejero Jur\u00eddico de la Presidencia, tuvo pleitos con varios de los cercanos al tabasque\u00f1o que nunca pudo zanjar, as\u00ed que mejor opt\u00f3 por poner distancia para as\u00ed, seguir siendo amigo del Presidente. \u00bfSer\u00e1? De inmediato, <strong>Mar\u00eda Estela R\u00edos Gonz\u00e1lez<\/strong> asumi\u00f3 como la nueva Consejera Jur\u00eddica.<\/p>\n<p>En otro tema muy importante, al momento de escribir estas l\u00edneas, nueve horas llevaban en el Senado negociando el cambio de la pregunta sobre la tan llevada y tra\u00edda revocaci\u00f3n de mandato y pintaba para atorarse m\u00e1s otro buen n\u00famero de horas. Con raz\u00f3n no hubo per\u00edodo extraordinario como quer\u00edan los de Morena para sacar adelante tan dif\u00edcil tema.<\/p>\n<p>Y es que los pendientes eran muchos y giraban en torno a revisar Leyes Reglamentarias, Presupuesto y el \u201cquid\u201d del asunto era la pregunta pues la mayor\u00eda de la bancada morenista que no estaba dispuesta a negociar se empe\u00f1aba en pintar el asunto como una ratificaci\u00f3n de mandato, para complacer ni m\u00e1s ni menos que a su jefe, el Presidente, al tiempo que la oposici\u00f3n asum\u00eda su primera prueba de fuego y ten\u00eda la obligaci\u00f3n de compactarse como Bloque.<\/p>\n<p>Por su parte, el coordinador de la bancada de Morena en la C\u00e1mara alta, <strong>Ricardo Monreal<\/strong> se hab\u00eda hecho a s\u00ed mismo la promesa de que este tema iba a salir adelante a como diera lugar, pero lo cierto es que se volv\u00eda cada vez m\u00e1s laber\u00edntico porque si no hab\u00eda acuerdo, entonces la Suprema Corte de Justicia de la Naci\u00f3n tendr\u00eda la \u00faltima palabra porque pr\u00e1cticamente en cualquier momento, \u00e9sta podr\u00eda declarar inconstitucionalidad.<\/p>\n<p>De hecho, el legislador zacatecano siempre se ha inclinado porque los grupos parlamentarios consensuaran y vaya que durante muchas horas estuvo cabildeando a la voz que \u201caunque sea tarde\u201d, saldr\u00eda la revocaci\u00f3n de mandato. En el Senado de la Rep\u00fablica, las horas, h\u00famedas y dif\u00edciles, siguieron transcurriendo.<\/p>\n<p style=\"text-align: center;\"><strong>Municiones<\/strong><\/p>\n<p>*** La elecci\u00f3n de <strong>Reyes Rodr\u00edguez Mondrag\u00f3n<\/strong>, como presidente del Tribunal Electoral del Poder Judicial de la Federaci\u00f3n, se dice es una buena noticia para el gobernador de Tamaulipas, <strong>Francisco Javier Garc\u00eda Cabeza de Vaca<\/strong>; pues el elegido fue nombrado magistrado de la Sala Superior gracias al impulso que brind\u00f3 a su carrera el calderonista <strong>Roberto Gil Zuarth<\/strong>, quien dirige ahora -seg\u00fan se sabe-, tras bambalinas, la defensa del mandatario norte\u00f1o. La designaci\u00f3n en el \u00f3rgano judicial se presenta en el mejor momento para este par de ex senadores panistas toda vez que la gubernatura tamaulipeca se pone en juego ya en 2022.<\/p>\n<p>*** Y respecto a este \u00faltimo tema, se sabe que por lo menos en el partido oficial, ya tienen la carta que los abanderar\u00e1 para las elecciones en dicho estado. Ahora bien, el hecho de que Rodr\u00edguez Mondrag\u00f3n haya sido elegido presidente del TEPJF, de alguna manera representa tambi\u00e9n un rev\u00e9s ni m\u00e1s ni menos que para el presidente L\u00f3pez Obrador, ya que, como se recordar\u00e1, en uno de sus gustad\u00edsimos \u201cstand-up\u201d ma\u00f1anero, mostr\u00f3 un <em>twitt<\/em> falso en el que se supone que el nuevo magistrado presidente del Tribunal Electoral lo insultaba y con eso de que la v\u00edspera de su en\u00e9simo III Informe de Gobierno, muy orgulloso el de Tepetit\u00e1n dec\u00eda que en M\u00e9xico hasta se insultaba al presidente, pues a lo mejor hasta se sinti\u00f3 bien con la <em>fake news<\/em> que sobre Reyes Rodr\u00edguez, fabric\u00f3.<\/p>\n<p>*** Por su parte, el magistrado Reyes Rodr\u00edguez, hizo un oportuno llamado a fortalecer la\u00a0 autonom\u00eda y la independencia de ese \u00f3rgano y a alejarse de cualquier presi\u00f3n externa y esto es algo que deber\u00eda leer muy, pero muy bien el inquilino de Palacio Nacional. Concretamente, Reyes Rodr\u00edguez dijo: \u201cEsta es la hora de apagar cualquier atisbo de influencias externas o presiones de poderes f\u00e1cticos, para fortalecer la credibilidad y confiabilidad de sus decisiones\u201d.<\/p>\n<p>*** Pues nada, que la delegada electa en Alvaro Obreg\u00f3n, <strong>L\u00eda Lim\u00f3n<\/strong>, se reuni\u00f3 sola y en privado con la jefa de Gobierno de la Ciudad de M\u00e9xico, Claudia Sheinbaum. Cada una de las mujeres, muy diplom\u00e1ticamente, marc\u00f3 su respectiva distancia y se supone que se trat\u00f3 de un encuentro \u201ccordial\u201d, como se dice de manera oficial, pero g\u00e9lida y la alcaldesa en Alvaro Obreg\u00f3n dijo saliendo de la reuni\u00f3n: \u201cNo venimos por una disculpa, venimos por un di\u00e1logo constructivo, venimos por di\u00e1logos que puedan dar buenos frutos en beneficio de los ciudadanos\u201d. A\u00f1adi\u00f3 que la agresi\u00f3n de la que fue objeto a las afueras de la Asamblea Legislativa, hab\u00eda quedado atr\u00e1s, sin embargo, L\u00eda Lim\u00f3n debi\u00f3 explicar si eso significaba que los alcaldes electos agredidos, estar\u00edan dispuestos a retirar la demanda que interpusieron ante la Fiscal\u00eda. \u00bfVan a fumar la \u201cpipa de la paz\u201d con la se\u00f1ora Sheinbaum y sobre todo, con su esbirro <strong>Mart\u00ed Batres<\/strong>? Tambi\u00e9n de forma separada, se reunieron con la jefa de Gobierno, el alcalde de Benito Ju\u00e1rez, <strong>Santiago Taboada<\/strong>, conocido ya en el Antiguo Palacio del Ayuntamiento; <strong>Margarita Salda\u00f1a<\/strong>, de Azcapotzalco y <strong>Giovanni Guti\u00e9rrez<\/strong>, de Coyoac\u00e1n.<\/p>\n<p><u><a href=\"mailto:morcora@gmail.com\" target=\"_blank\" rel=\"noopener noreferrer\"><em>morcora@gmail.com<\/em><\/a><\/u><\/p>\n","protected":false},"excerpt":{"rendered":"<p><span style=\"color: #005497;\"><strong>Adriana Moreno Cordero<\/strong><\/span><\/p>\n","protected":false},"author":3,"featured_media":0,"comment_status":"open","ping_status":"open","sticky":false,"template":"","format":"standard","meta":{"_monsterinsights_skip_tracking":false,"_monsterinsights_sitenote_active":false,"_monsterinsights_sitenote_note":"","_monsterinsights_sitenote_category":0,"footnotes":""},"categories":[69370],"tags":[69369,69368,43674],"class_list":["post-519302","post","type-post","status-publish","format-standard","hentry","category-adriana-moreno-cordero","tag-adriana-moreno-cordero","tag-la-retaguardia","tag-opinion"],"_links":{"self":[{"href":"https:\/\/www.diarioimagen.net\/index.php?rest_route=\/wp\/v2\/posts\/519302","targetHints":{"allow":["GET"]}}],"collection":[{"href":"https:\/\/www.diarioimagen.net\/index.php?rest_route=\/wp\/v2\/posts"}],"about":[{"href":"https:\/\/www.diarioimagen.net\/index.php?rest_route=\/wp\/v2\/types\/post"}],"author":[{"embeddable":true,"href":"https:\/\/www.diarioimagen.net\/index.php?rest_route=\/wp\/v2\/users\/3"}],"replies":[{"embeddable":true,"href":"https:\/\/www.diarioimagen.net\/index.php?rest_route=%2Fwp%2Fv2%2Fcomments&post=519302"}],"version-history":[{"count":0,"href":"https:\/\/www.diarioimagen.net\/index.php?rest_route=\/wp\/v2\/posts\/519302\/revisions"}],"wp:attachment":[{"href":"https:\/\/www.diarioimagen.net\/index.php?rest_route=%2Fwp%2Fv2%2Fmedia&parent=519302"}],"wp:term":[{"taxonomy":"category","embeddable":true,"href":"https:\/\/www.diarioimagen.net\/index.php?rest_route=%2Fwp%2Fv2%2Fcategories&post=519302"},{"taxonomy":"post_tag","embeddable":true,"href":"https:\/\/www.diarioimagen.net\/index.php?rest_route=%2Fwp%2Fv2%2Ftags&post=519302"}],"curies":[{"name":"wp","href":"https:\/\/api.w.org\/{rel}","templated":true}]}}