{"id":519312,"date":"2021-09-03T00:08:19","date_gmt":"2021-09-03T05:08:19","guid":{"rendered":"https:\/\/www.diarioimagen.net\/?p=519312"},"modified":"2021-09-03T03:50:52","modified_gmt":"2021-09-03T08:50:52","slug":"los-enredos-de-la-oposicion","status":"publish","type":"post","link":"https:\/\/www.diarioimagen.net\/?p=519312","title":{"rendered":"Los enredos de la oposici\u00f3n"},"content":{"rendered":"<h2>Punto por punto<\/h2>\n<h5>Augusto Corro<\/h5>\n<p>&nbsp;<\/p>\n<p>En el Partido Acci\u00f3n Nacional (PAN) crecen las pugnas pol\u00edticas por el poder. En estas fechas se recrudeci\u00f3 el conflicto de la elecci\u00f3n de su l\u00edder que se efectuar\u00e1 el pr\u00f3ximo mes de octubre.<\/p>\n<p>El actual dirigente, Marko Cort\u00e9s, buscar\u00e1 ser reelecto. Todo lo tiene preparado.<\/p>\n<p>Los partidos de oposici\u00f3n, entre ellos Acci\u00f3n Nacional perdieron la br\u00fajula tras la aplastante derrota en las elecciones presidenciales de 2018.<\/p>\n<p>En la misma condici\u00f3n quedaron el Partido Revolucionario Institucional (PRI) y el Partido de la Revoluci\u00f3n Democr\u00e1tica (PRD).<\/p>\n<p>A pesar de que la organizaci\u00f3n pol\u00edtica Movimiento Regeneraci\u00f3n Nacional (Morena) obtuvo un triunfo arrollador, tambi\u00e9n perdi\u00f3 el rumbo.<\/p>\n<p>La sobrevivencia del partido guinda obedece al liderazgo moral del presidente L\u00f3pez Obrador.<\/p>\n<p>Morena dormida en sus laureles se siente c\u00f3moda con los partidos opositores que con sus pol\u00edticas err\u00e1ticas la mantienen sin tantos sobresaltos.<\/p>\n<p>Salvo el papel de la alianza Va por M\u00e9xico en la capital, que gan\u00f3 m\u00e1s de la mitad de las alcald\u00edas, el papel de la oposici\u00f3n es gris.<\/p>\n<p>Esa victoria alent\u00f3 al PAN, PRI y PRD y posiblemente esta coalici\u00f3n contin\u00fae para las elecciones presidenciales del 2024.<\/p>\n<p>Mientras las organizaciones pol\u00edticas buscar\u00e1n fortalecerse para la lucha. En Acci\u00f3n Nacional su l\u00edder Marko Cort\u00e9s ya se adelant\u00f3. Busca la reelecci\u00f3n.<\/p>\n<p>El papel del dirigente panista se concret\u00f3 a impugnar la pol\u00edtica obrerista sin resultados. Se inclin\u00f3 m\u00e1s por el esc\u00e1ndalo. No le funcion\u00f3.<\/p>\n<p>Por ejemplo, acus\u00f3 a AMLO ante la Organizaci\u00f3n de los Estados Americanos (OEA) por su intervenci\u00f3n en el proceso electoral.<\/p>\n<p>En d\u00edas recientes, el propio Marko Cort\u00e9s decidi\u00f3 defender a su colega Ricardo Anaya acusado de recibir apoyos millonarios para la aprobaci\u00f3n de la reforma energ\u00e9tica.<\/p>\n<p>Anaya, un singular perseguido pol\u00edtico, se encuentra en Texas, Estados Unidos, desde el mes de julio.<\/p>\n<p>En la vida interna de Acci\u00f3n Nacional los grupos se encuentran profundamente divididos. Lo que en un tiempo fue un partido de unidad y armon\u00eda, hoy sus dirigentes prefieren el divisionismo.<\/p>\n<p>Uno de los principales representantes, el a\u00fan gobernador de Chihuahua, Javier Corral, dijo que el PAN como tal ya no existe y que el PRI tambi\u00e9n se acab\u00f3. Adem\u00e1s, lo que queda del PRD es puro PRI.<\/p>\n<p>A\u00f1adi\u00f3 que el PAN \u201cest\u00e1 en proceso de putrefacci\u00f3n\u201d.<\/p>\n<p>Otra vertiente de las pugnas en Acci\u00f3n Nacional lleva al matrimonio Felipe Calder\u00f3n y Margarita Zavala. Los esposos coquetean con el partido en el que hicieron sus carreras pol\u00edticas.<\/p>\n<p>En su ambici\u00f3n, el ex presidente quiso adue\u00f1arse del partido; pero fracas\u00f3. Ni siquiera pudo conseguir una diputaci\u00f3n para Margarita Zavala.<\/p>\n<p>La exprimera dama, ante el desprecio de su partido, renunci\u00f3 y se lanz\u00f3 como candidata independiente en busca de la silla presidencial. No pudo.<\/p>\n<p>En su desesperaci\u00f3n, el matrimonio Calder\u00f3n-Zavala decidieron tener su propio partido pol\u00edtico y otro poco y lo consiguen.<\/p>\n<p>Esa nueva organizaci\u00f3n se llamar\u00eda M\u00e9xico Libre.<\/p>\n<p>Las autoridades evitaron su registro debido a maniobras irregulares en la adquisici\u00f3n de apoyos para el citado instituto pol\u00edtico.<\/p>\n<p>Margarita no se dio por vencida y en las elecciones intermedias logr\u00f3 la anhelada curul en la C\u00e1mara de Diputados, bajo la sombra de Acci\u00f3n Nacional.<\/p>\n<p>Ser\u00e1 importante saber hasta d\u00f3nde llegar\u00e1 la influencia de los esposos Calder\u00f3n-Zavala en su reciclada relaci\u00f3n con el panismo.<\/p>\n<p>En Acci\u00f3n Nacional se agitar\u00e1n las aguas en los momentos en que se defina la situaci\u00f3n de Ricardo Anaya, quien quiere competir nuevamente en las elecciones presidenciales de 2024.<\/p>\n<p>Apoyar\u00e1n los blanquiazules al pr\u00f3fugo de la justicia. \u00bfEl panista representar\u00e1 a la oposici\u00f3n con sus partidos aliados en v\u00edas de desaparici\u00f3n?<\/p>\n<p>En fin, la ambici\u00f3n de Marko Cort\u00e9s salta a la vista y pronto se sabr\u00e1 se continuar\u00e1 como l\u00edder nacional del PAN.<\/p>\n<p>Si repite en el cargo, los dirigentes de Morena estar\u00e1n agradecidos por tener en la oposici\u00f3n a un l\u00edder como Marko Cort\u00e9s, que les permite vivir sin angustias, ni sobresaltos.<\/p>\n<p>\u00bfUsted qu\u00e9 opina amable lector?<\/p>\n<p><a href=\"mailto:aco2742@hotmail.com\" target=\"_blank\" rel=\"noopener noreferrer\"><em>aco2742@hotmail.com<\/em><\/a><\/p>\n","protected":false},"excerpt":{"rendered":"<p><span style=\"color: #005497;\"><strong>Augusto Corro<\/strong><\/span><\/p>\n","protected":false},"author":3,"featured_media":0,"comment_status":"open","ping_status":"open","sticky":false,"template":"","format":"standard","meta":{"_monsterinsights_skip_tracking":false,"_monsterinsights_sitenote_active":false,"_monsterinsights_sitenote_note":"","_monsterinsights_sitenote_category":0,"footnotes":""},"categories":[157],"tags":[43686,11515],"class_list":["post-519312","post","type-post","status-publish","format-standard","hentry","category-augusto-corro","tag-augusto-corro","tag-punto-por-punto"],"_links":{"self":[{"href":"https:\/\/www.diarioimagen.net\/index.php?rest_route=\/wp\/v2\/posts\/519312","targetHints":{"allow":["GET"]}}],"collection":[{"href":"https:\/\/www.diarioimagen.net\/index.php?rest_route=\/wp\/v2\/posts"}],"about":[{"href":"https:\/\/www.diarioimagen.net\/index.php?rest_route=\/wp\/v2\/types\/post"}],"author":[{"embeddable":true,"href":"https:\/\/www.diarioimagen.net\/index.php?rest_route=\/wp\/v2\/users\/3"}],"replies":[{"embeddable":true,"href":"https:\/\/www.diarioimagen.net\/index.php?rest_route=%2Fwp%2Fv2%2Fcomments&post=519312"}],"version-history":[{"count":0,"href":"https:\/\/www.diarioimagen.net\/index.php?rest_route=\/wp\/v2\/posts\/519312\/revisions"}],"wp:attachment":[{"href":"https:\/\/www.diarioimagen.net\/index.php?rest_route=%2Fwp%2Fv2%2Fmedia&parent=519312"}],"wp:term":[{"taxonomy":"category","embeddable":true,"href":"https:\/\/www.diarioimagen.net\/index.php?rest_route=%2Fwp%2Fv2%2Fcategories&post=519312"},{"taxonomy":"post_tag","embeddable":true,"href":"https:\/\/www.diarioimagen.net\/index.php?rest_route=%2Fwp%2Fv2%2Ftags&post=519312"}],"curies":[{"name":"wp","href":"https:\/\/api.w.org\/{rel}","templated":true}]}}