{"id":519317,"date":"2021-09-03T00:11:06","date_gmt":"2021-09-03T05:11:06","guid":{"rendered":"https:\/\/www.diarioimagen.net\/?p=519317"},"modified":"2021-09-03T03:59:11","modified_gmt":"2021-09-03T08:59:11","slug":"y-seguira-el-cacicazgo-de-romero-deschamps","status":"publish","type":"post","link":"https:\/\/www.diarioimagen.net\/?p=519317","title":{"rendered":"Y seguir\u00e1 el cacicazgo de Romero Deschamps\u00a0"},"content":{"rendered":"<h2>\u00cdndice pol\u00edtico<\/h2>\n<h5>Francisco Rodr\u00edguez<\/h5>\n<p><em>\u00a0<\/em><\/p>\n<ul>\n<li><strong><em>\u00bf\u201cRumores publicados\u201d o falaz comunicaci\u00f3n?<\/em><\/strong><\/li>\n<li><strong><em>Dif\u00edcilmente Monreal reconquistar\u00e1 a AMLO\u00a0<\/em><\/strong><\/li>\n<\/ul>\n<p>&nbsp;<\/p>\n<p>\u00bfUna\u00a0<strong>huel<\/strong>ga en Petr\u00f3leos Mexicanos?<\/p>\n<p>El ambiente est\u00e1 que arde.<\/p>\n<p>Porque faltan 27 d\u00edas para que\u00a0<strong>Pemex y el sindicato, que todav\u00eda es de Carlos Romero Deschamps,<\/strong>\u00a0firmen el contrato colectivo de trabajo que regir\u00e1 hasta 2023.<\/p>\n<p>Ya lo pospusieron dos meses.<\/p>\n<p>Y ah\u00ed el ambiente entre ambas posiciones sigue\u00a0<strong>a punto de estallar<\/strong>.<\/p>\n<p>Como los\u00a0<strong>pozos, ductos y las plataformas<\/strong>\u00a0que, acusan lo romeristas, porque carecen de mantenimiento.<\/p>\n<p>AMLO y su\u00a0<em>roommate<\/em>,\u00a0<strong>Octavio, el otro Romero<\/strong>, no se deciden a dar el paso porque no quieren entregar dicho contrato a los pupilos de Deschamps:\u00a0<strong>Manuel Lim\u00f3n<\/strong>\u00a0y\u00a0<strong>Daniel Aguado<\/strong>.<\/p>\n<p>Siguen ah\u00ed, al frente del organismo gremial,\u00a0<strong>cuidando los intereses<\/strong>\u00a0de quien se resist\u00eda y resist\u00eda a renunciar.<\/p>\n<p>Por eso los\u00a0<strong>truchimane<\/strong>s de la 4T le dan vueltas y m\u00e1s vueltas al asunto.\u00a0 Por las reacciones que Lim\u00f3n y Aguado pudieran desencadenar.<\/p>\n<p>Ya hasta filtraron que\u00a0<strong>la temible UIF<\/strong>\u00a0\u2014bueno, temible\u00a0<strong>s\u00f3lo a veces<\/strong>\u2014 les estar\u00eda pisando los talones y hurgando en los entresijos.<\/p>\n<p>Pero no los ablandaron.<\/p>\n<p>Los sindicalistas enviaron sendas comunicaciones a\u00a0<strong>Santiago Niet<\/strong>o y hasta al fiscal de consigna\u00a0<strong>Alejandro Gertz<\/strong>, pero \u00e9stos no les han respondido.<\/p>\n<p>Y ante esa falta de comunicaci\u00f3n, \u00a1zaz!, que\u00a0<strong>encienden la mecha<\/strong>\u00a0con un desplegado en el que pintan la desgracia de la empresa \u201cproductiva\u201d del Estado.<\/p>\n<p>Y c\u00f3mo es que a los trabajadores les afecta.<\/p>\n<p>Lim\u00f3n y Aguado\u00a0<strong>retan a AMLO<\/strong>.<\/p>\n<p>Y este sigue dando vueltas al asunto.<\/p>\n<p>Si no quieren entregar el contrato a los romeristas, el \u201ccaudillo\u201d y su director general de Pemex tienen que buscar que los\u00a0<strong>trabajadores voten una nueva dirigencia<\/strong>.<\/p>\n<p>Pero el par de tabasque\u00f1os encumbrados\u00a0<strong>no encuentran<\/strong>\u00a0a quien es que los trabajadores deben votar.<\/p>\n<p>Faltan 27 d\u00edas.<\/p>\n<p>Tic tac tic tac tic&#8230;<\/p>\n<p style=\"text-align: center;\"><strong>Ahora me explico la incomunicaci\u00f3n\u00a0<\/strong><\/p>\n<p>Este mi\u00e9rcoles\u00a0<strong>no hubo<\/strong>\u00a0la gustada y divertida secci\u00f3n de las\u00a0<strong><em>marraneras<\/em><\/strong>\u00a0\u201cQui\u00e9n es Qui\u00e9n en las mentiras de la semana\u201d&#8230; o algo as\u00ed me parece que se llama.<\/p>\n<p>Nos perdimos la\u00a0<strong>peripat\u00e9tica actuaci\u00f3n<\/strong>\u00a0de la titubeante se\u00f1orita que se encarga de\u00a0<strong>confundir con mentira<\/strong>\u00a0\u201clo que es verdad, pero se exagera\u201d.<\/p>\n<p>S\u00ed hubo, empero,\u00a0<strong>tremendo golpe p\u00fablico<\/strong>\u00a0a los medios de comunicaci\u00f3n.<\/p>\n<p>A los portales de la\u00a0<em>web,<\/em>\u00a0lo mismo que a revistas, diarios, radiodifusoras y televisoras.<\/p>\n<p>Y es que ante las versiones de la\u00a0<strong>renuncia de Julio Scherer Ibarra<\/strong>\u00a0a la Consejer\u00eda Jur\u00eddica del Ejecutivo Federal que\u00a0<strong>comenzaron a correr la tarde del martes<\/strong>&#8230;&#8230; y ante la presencia de \u00e9ste en la ceremonia del mensaje de AMLO por su en\u00e9simo Informe,\u00a0<strong>el vocero del Presidente<\/strong>\u00a0<strong>solt\u00f3 el madrazo<\/strong>: \u201cson rumores publicados en la prensa\u201d.<\/p>\n<p>Y no, no fueron rumores.<\/p>\n<p>La\u00a0<strong>verdad<\/strong>\u00a0es que Scherer\u00a0<strong>s\u00ed hab\u00eda renunciado<\/strong>\u00a0desde la tarde del martes.<\/p>\n<p>Y lo hab\u00eda comentado con su familia.<\/p>\n<p>Y como sus familiares son\u00a0<strong>accionistas del semanario<\/strong>\u00a0que fund\u00f3 su padre&#8230;<\/p>\n<p>&#8230; pues lo\u00a0<strong>publicaron en su portal<\/strong>.<\/p>\n<p>Tal fue la\u00a0<strong>original<\/strong>\u00a0fuente de informaci\u00f3n.\u00a0 Por la\u00a0<strong>credibilidad de<\/strong>\u00a0<strong><em>Proceso<\/em><\/strong>.<\/p>\n<p>Pero el vocero, quien antes\u00a0<strong>cuidaba a los gatos de Carlos Monsiv\u00e1is<\/strong>, o no le avisaron o, como siempre, ni lo tomaron en cuenta.<\/p>\n<p>La comunicaci\u00f3n presidencial no pod\u00eda estar en peores manos.<\/p>\n<p>No bastan las marraneras.<\/p>\n<p>Faltan\u00a0<strong>contextos<\/strong>, falta\u00a0<strong>arropamiento<\/strong>\u00a0a los dichos y hasta a los\u00a0<strong>dicharachos<\/strong>\u00a0de AMLO.<\/p>\n<p>Y, lo peor, hay\u00a0<strong>carencia de honestidad<\/strong>\u00a0en el resentido vocero.<\/p>\n<p>S\u00ed la hubiese, el pr\u00f3ximo mi\u00e9rcoles\u00a0<strong>\u00e9l deber\u00eda aparecer<\/strong>\u00a0con grandes letras en el \u201cQui\u00e9n es qui\u00e9n de las mentiras de la semana\u201d.<\/p>\n<p>\u00bfNo cree usted?<\/p>\n<p style=\"text-align: center;\"><strong>Indicios\u00a0<\/strong><\/p>\n<p>Como un se\u00f1or dej\u00f3\u00a0<strong>Julio Scherer Ibarra<\/strong>\u00a0el cargo p\u00fablico. La deferencia que el \u201ccaudillo\u201d tuvo hacia \u00e9l tambi\u00e9n es notable. * * * No creo que sea con ep\u00edtetos en contra de los opositores que\u00a0<strong>Ricardo Monreal<\/strong>\u00a0recupere la buena voluntad del titular del Ejecutivo Federal. Hombre terco y de rencores, L\u00f3pez Obrador nunca da marcha atr\u00e1s en esos y otros asuntos. * * * Agradezco a\u00a0<strong>Viridiana Villegas, de Grupo Planet<\/strong>a, el env\u00edo del ejemplar\u00a0<em>A la mitad del camino<\/em>\u00a0firmado por Andr\u00e9s Manuel L\u00f3pez Obrador. * * * Con dedicatoria al tamaulipeco\u00a0 <strong>Francisco Javier Garc\u00eda Cabeza de Vaca<\/strong>\u00a0los diputados aprobaron en la madrugada de ayer una nueva Ley Federal de Juicio Pol\u00edtico y Declaraci\u00f3n de Procedencia. Como todas, la ley no es retroactiva que si no&#8230; * * * Por hoy es todo, \u00a1feliz fin de semana! y, como siempre, \u00a1buenas gracias y muchos, muchos d\u00edas!<\/p>\n<p><em><u><a href=\"http:\/\/www.indicepolitico.com\" target=\"_blank\" rel=\"noopener noreferrer\">www.indicepolitico.com<\/a><\/u><u><br \/>\n<\/u><a href=\"mailto:indicepolitico@gmail.com\" target=\"_blank\" rel=\"noopener noreferrer\">indicepolitico@gmail.com<\/a><\/em><br \/>\n<em><a href=\"https:\/\/twitter.com\/indicepolitico?lang=es\" target=\"_blank\" rel=\"noopener noreferrer\">@IndicePolitico<\/a><\/em><br \/>\n<em><u><a href=\"https:\/\/twitter.com\/pacorodriguez\" target=\"_blank\" rel=\"noopener noreferrer\">@pacorodriguez<\/a><\/u><\/em><\/p>\n","protected":false},"excerpt":{"rendered":"<p><span style=\"color: #005497;\"><strong>Francisco Rodr\u00edguez<\/strong><\/span><br \/>\n<br \/>\n\u00bfUna <strong>huel<\/strong>ga en Petr\u00f3leos Mexicanos?   El ambiente est\u00e1 que arde.<\/p>\n","protected":false},"author":3,"featured_media":0,"comment_status":"open","ping_status":"open","sticky":false,"template":"","format":"standard","meta":{"_monsterinsights_skip_tracking":false,"_monsterinsights_sitenote_active":false,"_monsterinsights_sitenote_note":"","_monsterinsights_sitenote_category":0,"footnotes":""},"categories":[549],"tags":[43689,550,43674],"class_list":["post-519317","post","type-post","status-publish","format-standard","hentry","category-francisco-rodriguez","tag-francisco-rodriguez","tag-indice-politico","tag-opinion"],"_links":{"self":[{"href":"https:\/\/www.diarioimagen.net\/index.php?rest_route=\/wp\/v2\/posts\/519317","targetHints":{"allow":["GET"]}}],"collection":[{"href":"https:\/\/www.diarioimagen.net\/index.php?rest_route=\/wp\/v2\/posts"}],"about":[{"href":"https:\/\/www.diarioimagen.net\/index.php?rest_route=\/wp\/v2\/types\/post"}],"author":[{"embeddable":true,"href":"https:\/\/www.diarioimagen.net\/index.php?rest_route=\/wp\/v2\/users\/3"}],"replies":[{"embeddable":true,"href":"https:\/\/www.diarioimagen.net\/index.php?rest_route=%2Fwp%2Fv2%2Fcomments&post=519317"}],"version-history":[{"count":0,"href":"https:\/\/www.diarioimagen.net\/index.php?rest_route=\/wp\/v2\/posts\/519317\/revisions"}],"wp:attachment":[{"href":"https:\/\/www.diarioimagen.net\/index.php?rest_route=%2Fwp%2Fv2%2Fmedia&parent=519317"}],"wp:term":[{"taxonomy":"category","embeddable":true,"href":"https:\/\/www.diarioimagen.net\/index.php?rest_route=%2Fwp%2Fv2%2Fcategories&post=519317"},{"taxonomy":"post_tag","embeddable":true,"href":"https:\/\/www.diarioimagen.net\/index.php?rest_route=%2Fwp%2Fv2%2Ftags&post=519317"}],"curies":[{"name":"wp","href":"https:\/\/api.w.org\/{rel}","templated":true}]}}