{"id":519322,"date":"2021-09-03T00:08:15","date_gmt":"2021-09-03T05:08:15","guid":{"rendered":"https:\/\/www.diarioimagen.net\/?p=519322"},"modified":"2021-09-03T04:02:55","modified_gmt":"2021-09-03T09:02:55","slug":"dijo-scherer-que-no-deja-litigios-pero-el-presidente-tiene-otros-datos","status":"publish","type":"post","link":"https:\/\/www.diarioimagen.net\/?p=519322","title":{"rendered":"Dijo Scherer que no deja litigios, pero el Presidente tiene \u201cotros datos\u201d"},"content":{"rendered":"<h2>Clase Pol\u00edtica<\/h2>\n<h5>Miguel \u00c1ngel Rivera<\/h5>\n<p>&nbsp;<\/p>\n<p>Al despedirse del presidente Andr\u00e9s Manuel L\u00f3pez Obrador, luego de que se confirm\u00f3 su renuncia, el ahora ex titular de la Consejer\u00eda Jur\u00eddica de la Presidencia de la Rep\u00fablica, Julio Scherer Ibarra se declar\u00f3 satisfecho con el trabajo realizado y destac\u00f3 que no deja litigios en curso que pudieran poner en riesgo la continuidad de las principales obras de este gobierno.<\/p>\n<p>Esa es la visi\u00f3n del abogado, pero hay muchas opiniones en contrario, pues muchas de las reformas promovidas por el gobierno federal y aprobadas con toda celeridad y, sin cambios, por los legisladores del partido oficial y sus aliados, han sido combatidas por legisladores de oposici\u00f3n, por organismos aut\u00f3nomos y por particulares afectados. Los juicios de amparo y las demandas de inconstitucionalidad est\u00e1n en espera del dictamen de la Suprema Corte de Justicia.<\/p>\n<p>Pero si los antecedentes no fueran suficientes, como se ha convertido en costumbre durante los tres primeros a\u00f1os de la llamada Cuarta Transformaci\u00f3n, de inmediato surgen \u201cotros datos\u201d desde Palacio Nacional que dejan dudas acerca de lo afirmado por el ex consejero jur\u00eddico de la Presidencia.<\/p>\n<p>Por ejemplo, la agencia <strong><em>apro<\/em><\/strong>, filial de la revista <strong><em>Proceso<\/em><\/strong>, fundada por Julio Scherer Garc\u00eda, padre del ahora ex funcionario, incluye en su despacho de ayer una nota titulada \u201c<strong><em>AMLO reconoce que a\u00fan hay pendientes 17 juicios de amparo por la cancelaci\u00f3n del NAIM\u201d<\/em><\/strong><em>.<\/em> El sumario dice: <em>En su Tercer Informe (AMLO) se\u00f1ala que en los \u00faltimos nueve meses se presentaron 79 juicios de amparo en contra de la cancelaci\u00f3n de la obra aeroportuaria y se atendieron 21 juicios, de los cuales se resolvieron cuatro.<\/em><\/p>\n<p>En el cuerpo de la nota se aclara que la informaci\u00f3n aparece en el texto del Tercer Informe de Gobierno entregado a la C\u00e1mara de Diputados por el reci\u00e9n nombrado secretario de Gobernaci\u00f3n, Ad\u00e1n Augusto L\u00f3pez Hern\u00e1ndez, en representaci\u00f3n del presidente L\u00f3pez Obrador.<\/p>\n<p>La cancelaci\u00f3n del aeropuerto en la zona de Texcoco fue la primera gran acci\u00f3n del gobierno de la llamada Cuarta Transformaci\u00f3n. De hecho, se anunci\u00f3 antes de que L\u00f3pez Obrador tomara posesi\u00f3n y tambi\u00e9n gener\u00f3 las primeras y fuertes reacciones en contra, como lo confirma el hecho de que todav\u00eda est\u00e1n pendientes las mencionadas 17 demandas.<\/p>\n<p>Otra de las cruzadas que ha emprendido el actual gobierno federal es la contrarreforma energ\u00e9tica, que tiene como aspecto central reforzar las dos m\u00e1s grandes empresas nacionales, Petr\u00f3leos Mexicanos (Pemex) y la Comisi\u00f3n Federal de Electricidad (CFE) que, al decir del primer mandatario y sus colaboradores, han sido afectadas por un proceso de privatizaci\u00f3n llevado a cabo por los anteriores gobiernos conservadores y neoliberales, lo cual se ha llegado a considerar como una traici\u00f3n a la patria.<\/p>\n<p>Lejos de las proclamas de los seguidores de la 4T, los intentos de rescate han sido combatidos con firmeza porque contravienen la Constituci\u00f3n General de la Rep\u00fablica y compromisos adquiridos por M\u00e9xico en acuerdos internacionales como el Tratado de Libre Comercio con Canad\u00e1 y los Estados Unidos (T-MEC).<\/p>\n<p>Adem\u00e1s, los pretendidos cambios -que en gran parte est\u00e1n detenidos por amparos concedidos por jueces y tribunales federales- han sido duramente combatidos por defensores del medio ambiente que se oponen a la quema de combustibles f\u00f3siles para la generaci\u00f3n de electricidad y que por lo mismo califican desde ahora como \u201celefante blanco\u201d una de las grandes obras de la actual administraci\u00f3n, la refiner\u00eda de Dos Bocas.<\/p>\n<p>Otro de los conflictos jur\u00eddicos que tiene que enfrentar la llamada Cuarta Transformaci\u00f3n es la creaci\u00f3n y operaci\u00f3n de la Guardia Nacional, impugnada desde su nacimiento, as\u00ed como las muy vinculadas reformas en materia de seguridad, por considerar que atentan contra los derechos humanos.<\/p>\n<p>Est\u00e1n pendientes las resoluciones de la Suprema Corte en esa materia, mismas que se dimensionar\u00e1n en caso de que se apruebe la reforma para que la Guardia Nacional dependa directa y totalmente de la Secretar\u00eda de la Defensa.<\/p>\n<p>Es muy extendida la oposici\u00f3n de diversas corrientes sociales a lo que se conoce como un proceso de militarizaci\u00f3n de la vida nacional. Esto adem\u00e1s de que contradice una de las principales ofertas de campa\u00f1a del ahora presidente L\u00f3pez Obrador: devolver a las fuerzas armadas a sus cuarteles.<\/p>\n<p>Con la confirmada renuncia de Scherer Ibarra se ha recordado que otra de las principales tareas que tuvo encomendadas fue la de contribuir a la reforma del Poder Judicial Federal, que ya se aprob\u00f3 a partir de un proyecto personal del actual presidente de la Suprema Corte de Justicia, Arturo Zald\u00edvar Lelo de Larrea.<\/p>\n<p>En esta materia, el principal punto de controversia es un art\u00edculo transitorio, aprobado de \u00faltima hora por Morena y asociados, que ampl\u00eda dos a\u00f1os el mandato del presidente de la Corte y de algunos de los integrantes del Consejo de la Judicatura, en contra de lo que dispone la Constituci\u00f3n.<\/p>\n<p>El embrollo ha quedado bajo la responsabilidad de la Suprema Corte. Ya su presidente, el mencionado ministro Zald\u00edvar, dijo que no acepta la ampliaci\u00f3n de su mandato, pero falta el dictamen del pleno del m\u00e1ximo tribunal, que debe entrar al fondo del asunto.<\/p>\n<p>Estos son s\u00f3lo algunos de los temas m\u00e1s relevantes de los conflictos que debe atender la Consejer\u00eda Jur\u00eddica de la Presidencia de la Rep\u00fablica, pues hay otros m\u00e1s que resultar\u00eda excesivo repasar.<\/p>\n<p>Esa es la tarea pendiente para la nueva titular de esa dependencia presidencial, Mar\u00eda Estela R\u00edos Gonz\u00e1lez, quien ya trabaj\u00f3 en esa misma \u00e1rea con L\u00f3pez Obrador, cuando era jefe de Gobierno del entonces Distrito Federal.<\/p>\n<p style=\"text-align: center;\"><strong>El ganador del qui\u00e9n es qui\u00e9n en las<br \/>\nmentiras de la semana: Jes\u00fas Ram\u00edrez<\/strong><\/p>\n<p>Ayer comentamos en este espacio que la renuncia de Scherer Ibarra dar\u00eda motivo para que en la pr\u00f3xima emisi\u00f3n del segmento <strong>Qui\u00e9n es Qui\u00e9n en las Mentiras<\/strong> <strong>de la Semana, <\/strong>se presentara como culpable a alg\u00fan reconocido medio de informaci\u00f3n.<\/p>\n<p>En particular se\u00f1alamos que el caso ser\u00eda especialmente dif\u00edcil para la encargada de ese espacio, Ana Elizabeth Garc\u00eda Vilchis, pues entre los medios que difundieron la versi\u00f3n de la renuncia, antes de que fuera confirmada por la Presidencia, fue la agencia <strong><em>apro<\/em> <\/strong>de <strong><em>Proceso<\/em><\/strong>, la casa editorial de la familia Scherer Ibarra.<\/p>\n<p>Al confirmarse la salida de Julio Scherer Ibarra, la situaci\u00f3n se torn\u00f3 m\u00e1s dif\u00edcil para Garc\u00eda Vilchis, pues fue su jefe inmediato, el vocero presidencial, Jes\u00fas Ram\u00edrez Cuevas, qued\u00f3 como mentiroso, al asegurar que se trataba s\u00f3lo de rumores.<\/p>\n<p>O tal vez peor para ese funcionario, pues tal vez evidenci\u00f3 que no tiene absoluta confianza de parte de su jefe, el Presidente de la Rep\u00fablica, y que por eso no estaba enterado.<\/p>\n<p>Aunque haya sido exhibido, Ram\u00edrez Cuevas tiene el consuelo -dicen los rumores palaciegos- de que sali\u00f3 del equipo una persona que no era de su agrado.<\/p>\n<p style=\"text-align: center;\"><strong>La lucha por el poder afecta a chicos y grandes<\/strong><\/p>\n<p>Durante mucho tiempo, el PAN present\u00f3 como uno de sus motivos de orgullo ser el \u00fanico partido con procedimientos democr\u00e1ticos para elegir a sus dirigentes y candidatos. Pero eso tambi\u00e9n genera conflictos internos.<\/p>\n<p>Tanto Vicente Fox como Felipe Calder\u00f3n enfrentaron conflictos por la conducci\u00f3n del partido y se justiticaba porque el partido estaba en el poder.<\/p>\n<p>Ahora lo que sorprende es que, a pesar de este disminuido, el PAN todav\u00eda. provoca disputas internas.<\/p>\n<p>El actual presidente nacional, Marko Cort\u00e9s, pidi\u00f3 licencia para dejar el cargo porque pretende reelegirse, pero asegura que pretende competir en igualdad de circunstancias.<\/p>\n<p>A pesar de esas promesas, otro de los principales aspirantes a conducir al partido, el gobernador saliente de Quer\u00e9taro, Francisco Dom\u00ednguez Servi\u00e9n, renunci\u00f3 a competir por considerar que no existen las condiciones democr\u00e1ticas que, por vocaci\u00f3n y convicci\u00f3n, deber\u00edan animar la vida interna de su partido.<\/p>\n<p>En una carta que comparti\u00f3 en sus redes sociales, el mandatario se\u00f1al\u00f3 que los panistas necesitan un partido unido, abierto, transparente, limpio y democr\u00e1tico.<\/p>\n<p>Los que s\u00ed aceptaron las condicione fueron Adriana D\u00e1vila Fern\u00e1ndez y Gerardo Priego Tapia, quienes junto con Marko Cort\u00e9s, se registraron ante la Comisi\u00f3n Organizadora Nacional de la Elecci\u00f3n, encabezada por Gonzalo Altamirano<strong>.<\/strong> Cada aspirante recibi\u00f3, en formato electr\u00f3nico, copia del Listado Nominal Preliminar de afiliados para que puedan recolectar firmas de apoyo.<\/p>\n<p><a href=\"mailto:riparcangel@hotmail.com\" target=\"_blank\" rel=\"noopener noreferrer\"><em>riparcangel@hotmail.com<\/em><\/a><\/p>\n","protected":false},"excerpt":{"rendered":"<p><span style=\"color: #005497;\"><strong>Miguel \u00c1ngel Rivera<\/strong><\/span<\/span><\/p>\n","protected":false},"author":3,"featured_media":0,"comment_status":"open","ping_status":"open","sticky":false,"template":"","format":"standard","meta":{"_monsterinsights_skip_tracking":false,"_monsterinsights_sitenote_active":false,"_monsterinsights_sitenote_note":"","_monsterinsights_sitenote_category":0,"footnotes":""},"categories":[84119],"tags":[84120,84121,43674],"class_list":["post-519322","post","type-post","status-publish","format-standard","hentry","category-miguel-angel-rivera","tag-clase-politica","tag-miguel-angel-rivera","tag-opinion"],"_links":{"self":[{"href":"https:\/\/www.diarioimagen.net\/index.php?rest_route=\/wp\/v2\/posts\/519322","targetHints":{"allow":["GET"]}}],"collection":[{"href":"https:\/\/www.diarioimagen.net\/index.php?rest_route=\/wp\/v2\/posts"}],"about":[{"href":"https:\/\/www.diarioimagen.net\/index.php?rest_route=\/wp\/v2\/types\/post"}],"author":[{"embeddable":true,"href":"https:\/\/www.diarioimagen.net\/index.php?rest_route=\/wp\/v2\/users\/3"}],"replies":[{"embeddable":true,"href":"https:\/\/www.diarioimagen.net\/index.php?rest_route=%2Fwp%2Fv2%2Fcomments&post=519322"}],"version-history":[{"count":0,"href":"https:\/\/www.diarioimagen.net\/index.php?rest_route=\/wp\/v2\/posts\/519322\/revisions"}],"wp:attachment":[{"href":"https:\/\/www.diarioimagen.net\/index.php?rest_route=%2Fwp%2Fv2%2Fmedia&parent=519322"}],"wp:term":[{"taxonomy":"category","embeddable":true,"href":"https:\/\/www.diarioimagen.net\/index.php?rest_route=%2Fwp%2Fv2%2Fcategories&post=519322"},{"taxonomy":"post_tag","embeddable":true,"href":"https:\/\/www.diarioimagen.net\/index.php?rest_route=%2Fwp%2Fv2%2Ftags&post=519322"}],"curies":[{"name":"wp","href":"https:\/\/api.w.org\/{rel}","templated":true}]}}