{"id":519414,"date":"2021-09-06T00:02:29","date_gmt":"2021-09-06T05:02:29","guid":{"rendered":"https:\/\/www.diarioimagen.net\/?p=519414"},"modified":"2021-09-06T07:37:00","modified_gmt":"2021-09-06T12:37:00","slug":"jovenes-de-cuautitlan-reciben-primera-dosis-de-la-vacuna-contra-coronavirus","status":"publish","type":"post","link":"https:\/\/www.diarioimagen.net\/?p=519414","title":{"rendered":"J\u00f3venes de Cuautitl\u00e1n reciben primera dosis de la vacuna contra coronavirus"},"content":{"rendered":"<p>&nbsp;<\/p>\n<ul>\n<li><strong><em>En las instalaciones de la FES, de la UNAM<\/em><\/strong><\/li>\n<\/ul>\n<p>&nbsp;<\/p>\n<div id=\"attachment_519551\" style=\"width: 470px\" class=\"wp-caption aligncenter\"><a href=\"https:\/\/www.diarioimagen.net\/?attachment_id=519551\" rel=\"attachment wp-att-519551\"><img loading=\"lazy\" decoding=\"async\" aria-describedby=\"caption-attachment-519551\" class=\"size-full wp-image-519551\" src=\"https:\/\/www.diarioimagen.net\/wp-content\/uploads\/2021\/09\/cuautitlan-2.jpg\" alt=\"\" width=\"460\" height=\"270\" \/><\/a><p id=\"caption-attachment-519551\" class=\"wp-caption-text\">Se aplica la primera dosis a los j\u00f3venes de Cuautitl\u00e1n, de 18 a 29 a\u00f1os de edad, como parte del esquema de salud del gobierno federal.<\/p><\/div>\n<p>&nbsp;<\/p>\n<p><strong>Cuautitl\u00e1n, Estado de M\u00e9xico<\/strong>.- En el marco de la Jornada Nacional de Vacunaci\u00f3n contra la Covid-19, del viernes 3 al lunes 6 del septiembre, se aplica la primera dosis a los vecinos de Cuautitl\u00e1n, de 18 a 29 a\u00f1os de edad, como parte del esquema de salud del gobierno federal que se viene realizando a toda la poblaci\u00f3n desde el mes de marzo en el municipio.<\/p>\n<p>Las personas que acudir\u00e1n lo podr\u00e1n hacer a partir de las 09:00 a las 17:00 horas en las instalaciones de la Facultad de Estudios Superiores UNAM Cuautitl\u00e1n, Campo 4, as\u00ed como los alumnos inscritos en esta facultad, ya se presentando la credencial o el comprobante de inscripci\u00f3n o historial acad\u00e9mico y cumpliendo los requisitos de vacunaci\u00f3n, informaron las autoridades escolares.<\/p>\n<p>Con el objetivo de dar movilidad y agilizar el tiempo de estancia, las personas deber\u00e1n acudir de acuerdo a la inicial del apellido paterno: de la A a la E, deber\u00e1n asistir el viernes 3; de la F a la K, el s\u00e1bado 4; de la letra L a la Q, el domingo 5 y de la letra R a la Z el lunes 6.<\/p>\n<p>Es importante recordar que las personas interesadas deben acudir con su formulario de vacunaci\u00f3n con c\u00f3digo QR, impreso del sitio: mivacuna .salud.gob.mx; identificaci\u00f3n oficial, CURP y comprobante de domicilio para verificar la residencia en el municipio.<\/p>\n<p>En esta jornada se invita a todos los j\u00f3venes que deseen ir disfrazados al concurso para premiar al mejor disfraz, por lo que deber\u00e1n tomarse una fotograf\u00eda y enviarla al n\u00famero de WhatsApp: 555506-9119 con el hashtag #SinMiedoaLaReacci\u00f3n, las tres fotos con m\u00e1s like, ser\u00e1n las ganadoras de un premio que ser\u00e1 publicado el 7 de septiembre en la p\u00e1gina oficial del ayuntamiento https:\/\/www.facebook.com\/HAyuntamientoCuautitlan<\/p>\n<p>En esta sede de la FES Cuautitl\u00e1n Campo 4, se cuenta con la opci\u00f3n de vacunaci\u00f3n en veh\u00edculo sobre la avenida Jes\u00fas Jim\u00e9nez Gallardo y vacunaci\u00f3n a pie, por la entrada peatonal sobre la carretera Cuautitl\u00e1n-Teoloyucan, para una mayor facilidad.<\/p>\n","protected":false},"excerpt":{"rendered":"<p>En el marco de la Jornada Nacional de Vacunaci\u00f3n contra la Covid-19, del viernes 3 al lunes 6 del septiembre, se aplica la primera dosis a los vecinos de Cuautitl\u00e1n, de 18 a 29 a\u00f1os de edad, como parte del esquema de salud del gobierno federal que se viene realizando a toda la poblaci\u00f3n desde el mes de marzo en el municipio.<\/p>\n","protected":false},"author":3,"featured_media":519551,"comment_status":"open","ping_status":"open","sticky":false,"template":"","format":"standard","meta":{"_monsterinsights_skip_tracking":false,"_monsterinsights_sitenote_active":false,"_monsterinsights_sitenote_note":"","_monsterinsights_sitenote_category":0,"footnotes":""},"categories":[5],"tags":[681,43675,4713],"class_list":["post-519414","post","type-post","status-publish","format-standard","has-post-thumbnail","hentry","category-estado-de-mexico","tag-cuautitlan","tag-estado-de-mexico","tag-vacuna"],"_links":{"self":[{"href":"https:\/\/www.diarioimagen.net\/index.php?rest_route=\/wp\/v2\/posts\/519414","targetHints":{"allow":["GET"]}}],"collection":[{"href":"https:\/\/www.diarioimagen.net\/index.php?rest_route=\/wp\/v2\/posts"}],"about":[{"href":"https:\/\/www.diarioimagen.net\/index.php?rest_route=\/wp\/v2\/types\/post"}],"author":[{"embeddable":true,"href":"https:\/\/www.diarioimagen.net\/index.php?rest_route=\/wp\/v2\/users\/3"}],"replies":[{"embeddable":true,"href":"https:\/\/www.diarioimagen.net\/index.php?rest_route=%2Fwp%2Fv2%2Fcomments&post=519414"}],"version-history":[{"count":0,"href":"https:\/\/www.diarioimagen.net\/index.php?rest_route=\/wp\/v2\/posts\/519414\/revisions"}],"wp:featuredmedia":[{"embeddable":true,"href":"https:\/\/www.diarioimagen.net\/index.php?rest_route=\/wp\/v2\/media\/519551"}],"wp:attachment":[{"href":"https:\/\/www.diarioimagen.net\/index.php?rest_route=%2Fwp%2Fv2%2Fmedia&parent=519414"}],"wp:term":[{"taxonomy":"category","embeddable":true,"href":"https:\/\/www.diarioimagen.net\/index.php?rest_route=%2Fwp%2Fv2%2Fcategories&post=519414"},{"taxonomy":"post_tag","embeddable":true,"href":"https:\/\/www.diarioimagen.net\/index.php?rest_route=%2Fwp%2Fv2%2Ftags&post=519414"}],"curies":[{"name":"wp","href":"https:\/\/api.w.org\/{rel}","templated":true}]}}