{"id":519416,"date":"2021-09-06T00:03:51","date_gmt":"2021-09-06T05:03:51","guid":{"rendered":"https:\/\/www.diarioimagen.net\/?p=519416"},"modified":"2021-09-06T07:36:02","modified_gmt":"2021-09-06T12:36:02","slug":"asumio-david-parra-sanchez-como-diputado-local","status":"publish","type":"post","link":"https:\/\/www.diarioimagen.net\/?p=519416","title":{"rendered":"Asumi\u00f3 David Parra S\u00e1nchez como diputado local"},"content":{"rendered":"<p><strong>\u00a0<\/strong><\/p>\n<p><a href=\"https:\/\/www.diarioimagen.net\/?attachment_id=519549\" rel=\"attachment wp-att-519549\"><img loading=\"lazy\" decoding=\"async\" class=\"aligncenter size-full wp-image-519549\" src=\"https:\/\/www.diarioimagen.net\/wp-content\/uploads\/2021\/09\/naucalpan-1.jpg\" alt=\"\" width=\"460\" height=\"270\" \/><\/a><\/p>\n<p>&nbsp;<\/p>\n<p><strong>Naucalpan, Estado de M\u00e9xico.-<\/strong> David Parra S\u00e1nchez, rindi\u00f3 protesta como diputado miembro de la 61 legislatura del estado de M\u00e9xico, en la sesi\u00f3n deliberante del 4 de septiembre del 2021 de manera oficial y legal ante el pleno del congreso mexiquense en su junta de instalaci\u00f3n.<\/p>\n<p>La presidenta electa de la mesa directiva, la panista Ingrid Schemelensky al hacer lo propio y posteriormente en el acto republicano, tom\u00f3 protesta a las diputadas y diputados electos. En tanto, Parra S\u00e1nchez reiter\u00f3 en entrevista que ahora ya como diputado en funciones, buscar\u00e1 aportar iniciativas de ley con alto sentido humano y para quienes m\u00e1s lo necesitan.<\/p>\n<p>Asimismo, dej\u00f3 claro el participar de cerca con la ciudadan\u00eda de su distrito electoral que representa, pero tambi\u00e9n de la entidad mexiquense, atendiendo sus peticiones de manera directa.<\/p>\n","protected":false},"excerpt":{"rendered":"<p>David Parra S\u00e1nchez, rindi\u00f3 protesta como diputado miembro de la 61 legislatura del estado de M\u00e9xico, en la sesi\u00f3n deliberante del 4 de septiembre del 2021de manera oficial y legal ante el pleno del congreso mexiquense en su junta de instalaci\u00f3n.<\/p>\n","protected":false},"author":3,"featured_media":519549,"comment_status":"open","ping_status":"open","sticky":false,"template":"","format":"standard","meta":{"_monsterinsights_skip_tracking":false,"_monsterinsights_sitenote_active":false,"_monsterinsights_sitenote_note":"","_monsterinsights_sitenote_category":0,"footnotes":""},"categories":[5],"tags":[29035,11821,43675,970],"class_list":["post-519416","post","type-post","status-publish","format-standard","has-post-thumbnail","hentry","category-estado-de-mexico","tag-david-parra-sanchez","tag-diputado","tag-estado-de-mexico","tag-naucalpan"],"_links":{"self":[{"href":"https:\/\/www.diarioimagen.net\/index.php?rest_route=\/wp\/v2\/posts\/519416","targetHints":{"allow":["GET"]}}],"collection":[{"href":"https:\/\/www.diarioimagen.net\/index.php?rest_route=\/wp\/v2\/posts"}],"about":[{"href":"https:\/\/www.diarioimagen.net\/index.php?rest_route=\/wp\/v2\/types\/post"}],"author":[{"embeddable":true,"href":"https:\/\/www.diarioimagen.net\/index.php?rest_route=\/wp\/v2\/users\/3"}],"replies":[{"embeddable":true,"href":"https:\/\/www.diarioimagen.net\/index.php?rest_route=%2Fwp%2Fv2%2Fcomments&post=519416"}],"version-history":[{"count":0,"href":"https:\/\/www.diarioimagen.net\/index.php?rest_route=\/wp\/v2\/posts\/519416\/revisions"}],"wp:featuredmedia":[{"embeddable":true,"href":"https:\/\/www.diarioimagen.net\/index.php?rest_route=\/wp\/v2\/media\/519549"}],"wp:attachment":[{"href":"https:\/\/www.diarioimagen.net\/index.php?rest_route=%2Fwp%2Fv2%2Fmedia&parent=519416"}],"wp:term":[{"taxonomy":"category","embeddable":true,"href":"https:\/\/www.diarioimagen.net\/index.php?rest_route=%2Fwp%2Fv2%2Fcategories&post=519416"},{"taxonomy":"post_tag","embeddable":true,"href":"https:\/\/www.diarioimagen.net\/index.php?rest_route=%2Fwp%2Fv2%2Ftags&post=519416"}],"curies":[{"name":"wp","href":"https:\/\/api.w.org\/{rel}","templated":true}]}}