{"id":519457,"date":"2021-09-06T00:02:25","date_gmt":"2021-09-06T05:02:25","guid":{"rendered":"https:\/\/www.diarioimagen.net\/?p=519457"},"modified":"2021-09-06T04:16:38","modified_gmt":"2021-09-06T09:16:38","slug":"le-sacan-sus-trapitos-al-sol-a-delfina-gomez","status":"publish","type":"post","link":"https:\/\/www.diarioimagen.net\/?p=519457","title":{"rendered":"Le sacan sus <em>trapitos al sol<\/em> a Delfina G\u00f3mez"},"content":{"rendered":"<h2>La Retaguardia<\/h2>\n<h5>Adriana Moreno Cordero<em>\u00a0<\/em><\/h5>\n<p><em>\u00a0<\/em><\/p>\n<ul>\n<li><em>\u00a0<\/em><strong><em>Revocaci\u00f3n de Mandato, cabildeo de Monreal, rev\u00e9s para Mario Delgado<\/em><\/strong><\/li>\n<\/ul>\n<p>&nbsp;<\/p>\n<p>Cuando nadie lo esperaba y luego de 15 horas de negociaci\u00f3n, sali\u00f3 adelante la Revocaci\u00f3n de Mandato y lo mejor, no prosperaron los intentos de los senadores de Morena, la mayor\u00eda, para que este ejercicio se convirtiera c\u00ednicamente en una ratificaci\u00f3n de mandato, porque la diferencia entre una y otra es sustancial.<\/p>\n<p>As\u00ed, el dirigente nacional del partido oficial, <strong>Mario Mart\u00edn Delgado<\/strong>, se qued\u00f3 con un rotundo rev\u00e9s, ya que \u00e9l ven\u00eda pugnando porque el presidente <strong>Andr\u00e9s Manuel L\u00f3pez Obrador<\/strong> hiciera una especie de promoci\u00f3n, por no decir campa\u00f1a, con eso de que le gusta tanto al inquilino del Palacio Nacional andar en esas danzas, como no iba a complacerlo el l\u00edder de su partido.<\/p>\n<p>La pregunta era el \u201cquid\u201d del asunto y trababa las negociaciones en las que se empe\u00f1\u00f3 el coordinador de la bancada morenista, <strong>Ricardo Monreal Avila<\/strong>, y vaya que pas\u00f3 trabajos.<\/p>\n<p>Por otro lado, ya se consignaba en este espacio en anterior entrega, que la flamante y a la vez vapuleada secretaria de Educaci\u00f3n P\u00fablica, <strong>Delfina G\u00f3mez<\/strong>, lleg\u00f3 con el pie izquierdo a dicha dependencia; en medio de la pandemia y sin tener la m\u00e1s remota idea de c\u00f3mo conducir la educaci\u00f3n en nuestro pa\u00eds, menos a\u00fan en una coyuntura tan dif\u00edcil y especial.<\/p>\n<p>Y a\u00fan pendientes de que los rebrotes dela Covid-19 se incrementen por el inicio de clases presenciales, sin vacunas para los menores, la se\u00f1ora G\u00f3mez ya tiene encima otro problema con el que no es capaz de lidiar, es decir, en el peor momento le sacaron a la titular de la SEP \u201csus trapitos al sol\u201d y no, no fue que Delfina G\u00f3mez haya quedado embelesada con la voz de L\u00f3pez Obrador -como lo convers\u00f3 ella misma cuando era candidata de Morena al gobierno del Estado de M\u00e9xico-, se convirti\u00f3 en una de las operadoras del tabasque\u00f1o, ahora dicen que muy al estilo de <strong>Eva Cadena,<\/strong> quien, como se recordar\u00e1, tambi\u00e9n se dedicaba a sacar recursos de una manera muy burda como fuera, para la campa\u00f1a del de Tepetit\u00e1n.<\/p>\n<p>Pues bien, cuando era presidenta municipal de Texcoco la hoy flamante responsable de la educaci\u00f3n en el pa\u00eds, los trabajadores del DIF Texcoco aceptaron \u201cvoluntariamente a fuerzas\u201d entregar el 10 por ciento de su salario para la organizaci\u00f3n \u201cGrupo de Acci\u00f3n Pol\u00edtica\u201d, dirigida por el senador <strong>Higinio Mart\u00ednez<\/strong>. A ver si ahora que el legislador morenista ha hecho p\u00fablicas sus aspiraciones para contender por la gubernatura mexiquense en el 2023, no sale \u201craspado\u201d con este asunto.<\/p>\n<p>Ahora, la maestra G\u00f3mez tiene algo m\u00e1s que un pie en el ojo del hurac\u00e1n, luego de que hace unas semanas, el presidente L\u00f3pez Obrador le enmendara la plana en p\u00fablico, porque ahora diputados panistas demandaron su renuncia\u00a0 con el fin de que se lleven a cabo las investigaciones por la probable configuraci\u00f3n de un delito electoral. \u201cLas cartas credenciales de la actual secretaria de Educaci\u00f3n quedan manchadas. En una titularidad donde el ejemplo y la educaci\u00f3n es clave, no puede permanecer una persona que ha realizado un acto tan deleznable como quitar una parte de sueldo de los trabajadores para llevar a cabo financiamientos partidistas\u201d, dijo el diputado panista <strong>H\u00e9ctor Sa\u00fal T\u00e9llez<\/strong>.<\/p>\n<p>Bueno, y si alguna duda quedara sobre la forma en que esta errada y llamada Cuarta Transformaci\u00f3n se allega de recursos, ah\u00ed est\u00e1 como magno \u201cbot\u00f3n\u201d de muestra c\u00f3mo fueron obligados trabajadores del gobierno federal a comprar el m\u00e1s reciente libro de L\u00f3pez Obrador, as\u00ed como billetes para la no menos magna rifa del ya pr\u00f3ximo 15 de septiembre, siempre con la acostumbrada amenaza de que si no lo hac\u00edan, se tomar\u00edan represalias.<\/p>\n<p style=\"text-align: center;\"><strong>Municiones<\/strong><\/p>\n<p>*** En pol\u00edtica, al ingenuo, o ingenua, se le dice de otra forma que deja una sensaci\u00f3n de malestar y eso le pas\u00f3 ni m\u00e1s ni menos que al senador panista, <strong>Julen Rementer\u00eda del Puerto<\/strong> y eso es una verdadera l\u00e1stima, porque tan bien que iba como legislador de oposici\u00f3n, que ni \u00e9l mismo supo a qu\u00e9 horas se meti\u00f3 en este l\u00edo. Bueno, s\u00ed supo y quiso componer su error, pero hasta sus propios compa\u00f1eros de partido renegaron de \u00e9l. Y es que no puede ser que luego de la reuni\u00f3n con el partido ultraderechista VOX en el Senado de la Rep\u00fablica, saliera con aquello de que el encuentro fue a t\u00edtulo personal. Ahora s\u00ed que como le dijo su compa\u00f1ero de esca\u00f1o, <strong>Gustavo Enrique Madero<\/strong>, Rementer\u00eda del Puerto la peeende\u2026reg\u00f3 y eso va en detrimento de una carrera pol\u00edtica que ven\u00eda desarrollando m\u00e1s o menos en buenos t\u00e9rminos, dirigida a contender por su partido, el PAN, a lo mejor en alianza con el PRI y el PRD por la gubernatura de Veracruz, en 2024, sobre todo que el actual mandatario estatal, <strong>Cuitl\u00e1huac Garc\u00eda<\/strong>, de plano no da una y su \u00fanico logro ha sido que en los ba\u00f1os de las gasolineras no se cobre, porque aparte est\u00e1 que por instrucciones de su jefe, L\u00f3pez Obrador, el gobernador veracruzano, de la manera m\u00e1s arbitraria, le haya negado a la menor <strong>Zulma Gonz\u00e1lez<\/strong>, su pleno derecho a vacunarse contra la Covid-19, siendo que el Poder Judicial ya dio a conocer el mandato de que se cumpla con esta acci\u00f3n. El senador Rementer\u00eda est\u00e1 obligado a reflexionar y hacer una autocr\u00edtica de este error.<\/p>\n<p>*** En el mismo tema, una de las cosas de las muchas que dijo <strong>Santiago Abascal<\/strong>, l\u00edder del partido ultraderechista VOX, si result\u00f3 ser cierta -quiz\u00e1s la \u00fanica-, es que desde aquel hecho desafortunado, el \u201cculiacanazo\u201d, operativo frustrado en el que fue capturado e inmediatamente liberado<strong> Ovidio Guzm\u00e1n<\/strong>, esta errada y llamada Cuarta Transformaci\u00f3n, empezando por quien la encabeza, protege al narcotr\u00e1fico.<\/p>\n<p>*** El presidente de la Junta de Coordinaci\u00f3n Pol\u00edtica del Senado, Ricardo Monreal, se reuni\u00f3 hace dos d\u00edas con el secretario de Gobernaci\u00f3n, <strong>Ad\u00e1n Augusto L\u00f3pez,<\/strong> para revisar la agenda legislativa. A trav\u00e9s de su cuenta de Twitter, Monreal \u00c1vila destac\u00f3 la importancia de mantener una comunicaci\u00f3n e interlocuci\u00f3n eficaz y de coordinaci\u00f3n entre ambos poderes. \u201cFue un reencuentro amigable, respetuoso y productivo\u201d, resalt\u00f3. La visita del nuevo titular de la Segob a las oficinas de la Junta de Coordinaci\u00f3n Pol\u00edtica de la C\u00e1mara alta, se inscribe en el marco de su nueva encomienda, que es aal Poder Legislativo, con miras a fijar una ruta de trabajo en v\u00edsperas de que L\u00f3pez Obrador env\u00ede al Congreso las reformas Constitucionales que impulsar\u00e1 en este periodo ordinario de sesiones: la reforma El\u00e9ctrica, reforma electoral y la de la Guardia Nacional para que forme parte de la Secretar\u00eda de la Defensa Nacional. En este sentido, cabe mencionar que, durante su Tercer Informe, el primer mandatario mencion\u00f3 que en el transcurso de este mes enviar\u00eda al Congreso la reforma El\u00e9ctrica, a fin de garantizar que este energ\u00e9tico no suba de precio y para garantizar la rector\u00eda del Estado. \u201cEste mes voy a enviar al Congreso una iniciativa de reforma constitucional que permitir\u00e1 reparar el enorme da\u00f1o que caus\u00f3 la privatizaci\u00f3n\u201d, lanz\u00f3 el jefe del Ejecutivo federal.<\/p>\n<p><u><a href=\"mailto:morcora@gmail.com\" target=\"_blank\" rel=\"noopener noreferrer\"><em>morcora@gmail.com<\/em><\/a><\/u><\/p>\n","protected":false},"excerpt":{"rendered":"<p><span style=\"color: #005497;\"><strong>Adriana Moreno Cordero<\/strong><\/span><\/p>\n","protected":false},"author":3,"featured_media":0,"comment_status":"open","ping_status":"open","sticky":false,"template":"","format":"standard","meta":{"_monsterinsights_skip_tracking":false,"_monsterinsights_sitenote_active":false,"_monsterinsights_sitenote_note":"","_monsterinsights_sitenote_category":0,"footnotes":""},"categories":[69370],"tags":[69369,69368,43674],"class_list":["post-519457","post","type-post","status-publish","format-standard","hentry","category-adriana-moreno-cordero","tag-adriana-moreno-cordero","tag-la-retaguardia","tag-opinion"],"_links":{"self":[{"href":"https:\/\/www.diarioimagen.net\/index.php?rest_route=\/wp\/v2\/posts\/519457","targetHints":{"allow":["GET"]}}],"collection":[{"href":"https:\/\/www.diarioimagen.net\/index.php?rest_route=\/wp\/v2\/posts"}],"about":[{"href":"https:\/\/www.diarioimagen.net\/index.php?rest_route=\/wp\/v2\/types\/post"}],"author":[{"embeddable":true,"href":"https:\/\/www.diarioimagen.net\/index.php?rest_route=\/wp\/v2\/users\/3"}],"replies":[{"embeddable":true,"href":"https:\/\/www.diarioimagen.net\/index.php?rest_route=%2Fwp%2Fv2%2Fcomments&post=519457"}],"version-history":[{"count":0,"href":"https:\/\/www.diarioimagen.net\/index.php?rest_route=\/wp\/v2\/posts\/519457\/revisions"}],"wp:attachment":[{"href":"https:\/\/www.diarioimagen.net\/index.php?rest_route=%2Fwp%2Fv2%2Fmedia&parent=519457"}],"wp:term":[{"taxonomy":"category","embeddable":true,"href":"https:\/\/www.diarioimagen.net\/index.php?rest_route=%2Fwp%2Fv2%2Fcategories&post=519457"},{"taxonomy":"post_tag","embeddable":true,"href":"https:\/\/www.diarioimagen.net\/index.php?rest_route=%2Fwp%2Fv2%2Ftags&post=519457"}],"curies":[{"name":"wp","href":"https:\/\/api.w.org\/{rel}","templated":true}]}}