{"id":519470,"date":"2021-09-06T00:03:34","date_gmt":"2021-09-06T05:03:34","guid":{"rendered":"https:\/\/www.diarioimagen.net\/?p=519470"},"modified":"2021-09-06T04:31:47","modified_gmt":"2021-09-06T09:31:47","slug":"amistades-peligrosas","status":"publish","type":"post","link":"https:\/\/www.diarioimagen.net\/?p=519470","title":{"rendered":"Amistades peligrosas"},"content":{"rendered":"<h2>Espacio Electoral<\/h2>\n<h5>Eleazar Flores<\/h5>\n<p>&nbsp;<\/p>\n<p><strong>LOS POLOS SE ATRAEN-.<\/strong> La ciencia dice y comprueba que \u201cpolos opuestos se atraen\u201d. Fincados en ese principio, aplicado a la sociolog\u00eda pol\u00edtica podr\u00eda pasar lo mismo, entre izquierda y derecha.<\/p>\n<p>Ejemplos abundan, tanto en el continente americano como del otro lado del charco, con cabezas inicialmente revolucionarias y que dios las castig\u00f3, manteni\u00e9ndolas en el cargo tanto o m\u00e1s tiempo de quienes a ellos combatieron y quitaron.<\/p>\n<p>Para no aburrirlo le doy dos ejemplos recientes con d\u00e9cadas de duraci\u00f3n gubernamental, siendo los sufridos pa\u00edses de Bolivia y Nicaragua. Cuba es otro caso, pero con algunas diferencias que, en poco, justifican las d\u00e9cadas del castrismo.<\/p>\n<p>El \u201crevolucionario\u201d Evo Morales \u2014amigo y protegido de ya sabe qui\u00e9n\u2014, apenas dur\u00f3 tres lustros como presidente y cuando busc\u00f3 la cuarta reelecci\u00f3n que le permitir\u00eda llegar a las dos d\u00e9cadas el pueblo se cans\u00f3, lo quitaron, fue tra\u00eddo a M\u00e9xico en avi\u00f3n militar, Trump se enoj\u00f3 y la Cuarta Transformaci\u00f3n tuvo que \u201cinvitarlo\u201d a salir, luego de haberlo mantenido en hotel cinco estrellas.<\/p>\n<p>El sandinista Daniel Ortega luch\u00f3 contra el somocismo que llevaba lustros \u201cgobernando\u201d Nicaragua, con el hoy desaparecido Comandante Cero. El \u201crevolucionario\u201d Ortega lleva m\u00e1s de tres lustros y va por su cuarta reelecci\u00f3n que le permitir\u00eda llegar a los veinte a\u00f1os \u201csacrific\u00e1ndose\u201d y sacrificando su pueblo.<\/p>\n<p>Seguro lo lograr\u00e1, pues ha encarcelado a oponentes que aparec\u00edan como candidatos con posibilidades de triunfo. \u00bfLos polit\u00f3logos seguir\u00e1n considerando \u201cizquierdistas\u201d a Ortega, Evo y dem\u00e1s?<\/p>\n<p><strong>ESPA\u00d1A-M\u00c9XICO-.<\/strong> Gran esc\u00e1ndalo provoc\u00f3 la alianza del PAN con el partido espa\u00f1ol ultraderechista VOX, escisi\u00f3n del derechista Partido Popular de Aznar. Ocho a\u00f1os tres meses tiene de fundado VOX, pues se cre\u00f3 el 17 de diciembre de 2013.<\/p>\n<p>No obstante su juventud, VOX ya tiene por s\u00ed solo 52 diputados resultado del 15 por ciento de votos en las elecciones de 2019, lo que muchos partido-sat\u00e9lite aztecas no logran ni con chochos.<\/p>\n<p>La homil\u00eda ma\u00f1anera del viernes fue escaparate ideal para el predicador, pues compar\u00f3 a los ultraderechistas espa\u00f1oles y panistas mexicanos con los fascistas. Est\u00e1 en su derecho \u00bfy Evo y Ortega?.<\/p>\n<p>\u00bfAqu\u00ed en M\u00e9xico como calificar\u00eda el tabasque\u00f1o a su aliado Alberto Anaya, que lleva m\u00e1s de\u00a0 tres d\u00e9cadas al frente del PT, que desde su fundaci\u00f3n el 8 de diciembre de 1990 no ha soltado la secretar\u00eda general?<\/p>\n<p><strong>MULTAS DEL INE-.<\/strong> A prop\u00f3sito del PT, el INE le impuso una multa de 119 millones de pesos por desviaci\u00f3n de recursos de la esposa de Anaya en Nuevo Le\u00f3n.<\/p>\n<p>a multa m\u00e1s escandalosa sin embargo es de 4 millones a la titular de la SEP, Delfina G\u00f3me, que descontaba a sus empleados v\u00eda n\u00f3mina, para sus campa\u00f1as.<\/p>\n<p><em><a href=\"mailto:elefa44@gmail.com\" target=\"_blank\" rel=\"noopener noreferrer\">elefa44@gmail.com<\/a><\/em><\/p>\n","protected":false},"excerpt":{"rendered":"<p><span style=\"color: #005497;\"><strong>Eleazar Flores<\/strong><\/span><\/p>\n","protected":false},"author":3,"featured_media":0,"comment_status":"open","ping_status":"open","sticky":false,"template":"","format":"standard","meta":{"_monsterinsights_skip_tracking":false,"_monsterinsights_sitenote_active":false,"_monsterinsights_sitenote_note":"","_monsterinsights_sitenote_category":0,"footnotes":""},"categories":[81743],"tags":[81744,81776,43674],"class_list":["post-519470","post","type-post","status-publish","format-standard","hentry","category-eleazar-flores","tag-eleazar-flores","tag-espacio-electoral","tag-opinion"],"_links":{"self":[{"href":"https:\/\/www.diarioimagen.net\/index.php?rest_route=\/wp\/v2\/posts\/519470","targetHints":{"allow":["GET"]}}],"collection":[{"href":"https:\/\/www.diarioimagen.net\/index.php?rest_route=\/wp\/v2\/posts"}],"about":[{"href":"https:\/\/www.diarioimagen.net\/index.php?rest_route=\/wp\/v2\/types\/post"}],"author":[{"embeddable":true,"href":"https:\/\/www.diarioimagen.net\/index.php?rest_route=\/wp\/v2\/users\/3"}],"replies":[{"embeddable":true,"href":"https:\/\/www.diarioimagen.net\/index.php?rest_route=%2Fwp%2Fv2%2Fcomments&post=519470"}],"version-history":[{"count":0,"href":"https:\/\/www.diarioimagen.net\/index.php?rest_route=\/wp\/v2\/posts\/519470\/revisions"}],"wp:attachment":[{"href":"https:\/\/www.diarioimagen.net\/index.php?rest_route=%2Fwp%2Fv2%2Fmedia&parent=519470"}],"wp:term":[{"taxonomy":"category","embeddable":true,"href":"https:\/\/www.diarioimagen.net\/index.php?rest_route=%2Fwp%2Fv2%2Fcategories&post=519470"},{"taxonomy":"post_tag","embeddable":true,"href":"https:\/\/www.diarioimagen.net\/index.php?rest_route=%2Fwp%2Fv2%2Ftags&post=519470"}],"curies":[{"name":"wp","href":"https:\/\/api.w.org\/{rel}","templated":true}]}}