{"id":519473,"date":"2021-09-06T00:06:49","date_gmt":"2021-09-06T05:06:49","guid":{"rendered":"https:\/\/www.diarioimagen.net\/?p=519473"},"modified":"2021-09-06T04:36:59","modified_gmt":"2021-09-06T09:36:59","slug":"sutgcdmx-ante-su-cita-con-la-transparencia","status":"publish","type":"post","link":"https:\/\/www.diarioimagen.net\/?p=519473","title":{"rendered":"SUTGCDMX, ante su cita con la transparencia"},"content":{"rendered":"<h2>Como veo, doy<\/h2>\n<h5>Jorge Luis Galicia Palacios<\/h5>\n<p>&nbsp;<\/p>\n<ul>\n<li><strong><em>Diputados. Tiempos de negociaci\u00f3n en la LXV Legislatura<\/em><\/strong><\/li>\n<\/ul>\n<p>&nbsp;<\/p>\n<p>Mal inicio el que est\u00e1n teniendo los agremiados del Sindicato \u00danico de Trabajadores del Gobierno de la Ciudad de M\u00e9xico (SUTGCDMX) rumbo al proceso comicial para elegir a su pr\u00f3ximo l\u00edder, porque aunque se aprestan a organizar una elecci\u00f3n en el marco de la nueva Ley Federal del Trabajo, que habla de procesos de renovaci\u00f3n de dirigente sindicales mediante el voto libre, secreto y transparente, los posibles votantes ya se dieron su primer cale y dieron una peque\u00f1a muestra de los que son capaces si no se cumplen sus caprichos.<\/p>\n<p>La fecha para elegir a quienes ser\u00e1n su pr\u00f3ximo presidente del\u00a0 SUTGCDMX y su Comit\u00e9 Ejecutivo, ser\u00e1 el 22 de septiembre, pero a menos de 20 d\u00edas de esa jornada electoral los simpatizantes de unos y otros aspirante no s\u00f3lo se entregaron tarjetas de presentaci\u00f3n durante el registro de candidatos sino que de acaloradas consignas de apoyo entre grupos pasaron a los empujones y luego a los golpes, donde despu\u00e9s de la trifulca algunos sindicalistas resultaron con lesiones diversas.<\/p>\n<p>Son precisamente ese tipo de acciones, cual viles peleas callejeras, las que la base trabajadora repudia y en ning\u00fan sindicato quiere volver a verlas en los cambios de sus dirigentes, porque a cambio de ello aspiran a situaciones en las que se vean reflejados los m\u00e9todos democr\u00e1ticos, como los del di\u00e1logo, la negociaci\u00f3n, el consenso, el acuerdo y la civilidad, lo que en otras palabras quiere decir la praxis de la pol\u00edtica.<\/p>\n<p>La renovaci\u00f3n de cuadros dirigentes entre los trabajadores sindicalistas del gobierno de la Ciudad de M\u00e9xico apenas empieza, la agrupaci\u00f3n cuenta con un registro de m\u00e1s de 100 mil agremiados y la mayor\u00eda anhela que quien gane sea porque los votos le favorecieron en buena lid y no porque grup\u00fasculos\u00a0 desde ahora intentan manipular y\/o controlar el proceso mediante la intimidaci\u00f3n, la coacci\u00f3n, la presi\u00f3n o la agresi\u00f3n.<\/p>\n<p>Entre los trabajadores de base del gobierno capitalino hay \u00e1nimo y conf\u00edan en que el marco de renovaci\u00f3n de la dirigencia del sindicato al que pertenecen ser\u00e1n las palabras del presidente Andr\u00e9s Manuel L\u00f3pez Obrador las que se impongan en el sentido de que las elecciones de los liderazgos sindicales deben realizarse en un marco de democracia y libertad, para asociarse con autonom\u00eda, y que las imposiciones o reelecciones ama\u00f1adas ya no tienen cabida en los nuevos tiempos que ha empezado a vivir el sindicalismo mexicano.<\/p>\n<p>Y si de intervenir se trata, los agremiados piden que sean las autoridades capitalinas las que lo hagan, no para organizar ni mucho menos para orientar o direccionar los votos, pero s\u00ed para vigilar y garantizar que el desarrollo de este proceso alcance la legitimidad deseable en su nuevo dirigente y tambi\u00e9n, por qu\u00e9 no, que garantice la rendici\u00f3n de cuentas de quienes hasta ahora han manejado la cuantiosas aportaciones de los m\u00e1s de 100 mil trabajadores, y si eso se cumple entonces s\u00ed estaremos ante verdaderos aires de democracia y transparencia en la vida del sindicalismo mexicano. Que conste.<\/p>\n<p><strong>LAS CARTAS HABLAN.-<\/strong> El padr\u00f3n de los miembros del SUTGCDMX es de aproximadamente 106 mil trabajadores y aunque desde ahora se habla de que secretarios generales de las 40 secciones laborales han cerrado filas en torno a la candidatura de Aar\u00f3n Ortega Villa, no hay que perder de vista de que por primera vez los votos ser\u00e1n emitidos en urnas transparentes y eso es lo que marcar\u00e1 la diferencia con anteriores procesos, as\u00ed que bajo ese nuevo escenario no hay que descartar a los otros tres dirigentes que lograron su registro y solo por ese hecho ya est\u00e1n en la pelea.<\/p>\n<p>Heladio de la Rosa, Sergio V\u00e1zquez y Liborio Mu\u00f1oz son quienes completan la cuarteta de candidatos y si se cumplen los designios de la la Ley laboral, si eso sucede, cualquiera de los candidatos con registro puede ganar. Ahh, en las 16 alcald\u00edas se instalar\u00e1n m\u00f3dulos de votaci\u00f3n.<\/p>\n<p><strong>VA MI RESTO.-<\/strong> Pasando a otro tema, tambi\u00e9n de sumas y restas en la pol\u00edtica, luego de tres a\u00f1os de decisiones de un s\u00f3lo partido en la C\u00e1mara de Diputados, se prev\u00e9 que ahora en la LXV Legislatura regresen t\u00e9rminos que fueron olvidados pr\u00e1cticamente por la legislatura saliente.<\/p>\n<p>Y es que ante el equilibrio de fuerzas, el partido mayoritario y sus aliados se ver\u00e1n obligados a negociar, acordar, cabildear, dialogar, reflexionar, revisar, consultar y algo m\u00e1s con sus pares del grupo opositor, y cuando hacemos alusi\u00f3n a estos t\u00e9rminos es porque ni de uno ni de otro lado existe mayor\u00eda calificada, es decir dos terceras partes m\u00e1s uno del total de votos, lo que los obliga a sentarse horas y horas para negociar no solo algunos temas en materia de iniciativas de leyes, sino tambi\u00e9n de la coyuntura pol\u00edtica, social y econ\u00f3mica del pa\u00eds, y ni que decir de los cargos de comisiones o de la estructura de gobierno al interior del palacio de San L\u00e1zaro. Por todo ello, sea bienvenida la democracia y los contrapesos en la toma de decisiones del legislativo, y hasta ah\u00ed porque como veo, doy.<\/p>\n<p><em><a href=\"mailto:jorgelgalicia@yahoo.com.mx\" target=\"_blank\" rel=\"noopener noreferrer\">jorgelgalicia@yahoo.com.mx<\/a><\/em><\/p>\n","protected":false},"excerpt":{"rendered":"<p><span style=\"color: #005497;\"><strong>Jorge Luis Galicia Palacios<\/strong><\/span><\/p>\n","protected":false},"author":3,"featured_media":0,"comment_status":"open","ping_status":"open","sticky":false,"template":"","format":"standard","meta":{"_monsterinsights_skip_tracking":false,"_monsterinsights_sitenote_active":false,"_monsterinsights_sitenote_note":"","_monsterinsights_sitenote_category":0,"footnotes":""},"categories":[63916],"tags":[28722,63917,43674],"class_list":["post-519473","post","type-post","status-publish","format-standard","hentry","category-jorge-luis-galicia-palacios","tag-como-veo-doy","tag-jorge-luis-galicia-palacios","tag-opinion"],"_links":{"self":[{"href":"https:\/\/www.diarioimagen.net\/index.php?rest_route=\/wp\/v2\/posts\/519473","targetHints":{"allow":["GET"]}}],"collection":[{"href":"https:\/\/www.diarioimagen.net\/index.php?rest_route=\/wp\/v2\/posts"}],"about":[{"href":"https:\/\/www.diarioimagen.net\/index.php?rest_route=\/wp\/v2\/types\/post"}],"author":[{"embeddable":true,"href":"https:\/\/www.diarioimagen.net\/index.php?rest_route=\/wp\/v2\/users\/3"}],"replies":[{"embeddable":true,"href":"https:\/\/www.diarioimagen.net\/index.php?rest_route=%2Fwp%2Fv2%2Fcomments&post=519473"}],"version-history":[{"count":0,"href":"https:\/\/www.diarioimagen.net\/index.php?rest_route=\/wp\/v2\/posts\/519473\/revisions"}],"wp:attachment":[{"href":"https:\/\/www.diarioimagen.net\/index.php?rest_route=%2Fwp%2Fv2%2Fmedia&parent=519473"}],"wp:term":[{"taxonomy":"category","embeddable":true,"href":"https:\/\/www.diarioimagen.net\/index.php?rest_route=%2Fwp%2Fv2%2Fcategories&post=519473"},{"taxonomy":"post_tag","embeddable":true,"href":"https:\/\/www.diarioimagen.net\/index.php?rest_route=%2Fwp%2Fv2%2Ftags&post=519473"}],"curies":[{"name":"wp","href":"https:\/\/api.w.org\/{rel}","templated":true}]}}