{"id":519605,"date":"2021-09-07T00:01:14","date_gmt":"2021-09-07T05:01:14","guid":{"rendered":"https:\/\/www.diarioimagen.net\/?p=519605"},"modified":"2021-09-08T04:37:45","modified_gmt":"2021-09-08T09:37:45","slug":"la-carta-de-madrid","status":"publish","type":"post","link":"https:\/\/www.diarioimagen.net\/?p=519605","title":{"rendered":"La Carta de Madrid"},"content":{"rendered":"<h2>De pe a pa<\/h2>\n<h5>Alberto Vieyra G.<\/h5>\n<p>&nbsp;<\/p>\n<p>El PAN de la derecha mexicana fif\u00ed, que en su fundaci\u00f3n lleg\u00f3 a tener c\u00e9lulas ultraderechistas nazis de la falange espa\u00f1ola, acaba de firmar la <em>Carta de Madrid<\/em> con un partido chiquit\u00edn de extrema derecha espa\u00f1ola llamado VOX, nacido apenas en el 2013 y cuyo fin fundamental es evitar a toda costa el crecimiento del comunismo en Am\u00e9rica Latina.<\/p>\n<p>La <em>Carta de Madrid<\/em> fue recibida en M\u00e9xico por Andr\u00e9s Manuel L\u00f3pez Obrador con encendidas cr\u00edticas diciendo que \u201cson lo mismo, casi fascistas\u201d. Por su parte, el jerarca espa\u00f1ol de VOX, Santiago Abascal, no perdi\u00f3 la oportunidad de mandarle a AMLO un no me olvides: \u201cabraza a tiranos y protege a <em>narcos<\/em>\u201d.<\/p>\n<p>La declaraci\u00f3n de Abascal, cuya familia en M\u00e9xico es tambi\u00e9n de ultra derecha, nos deja una clar\u00edsima lecci\u00f3n: La denuncia que PAN, PRI y PRD hicieron ante la Organizaci\u00f3n de Estados Americanos y otras instituciones internacionales sobre una posible alianza AMLO-narco cal\u00f3 duro fuera de nuestras fronteras y pol\u00edticamente se est\u00e1 convirtiendo para AMLO en una piedra en el zapato que le traer\u00e1 muchos dolores de cabeza, pues a nivel internacional queda muy claro que las bandas criminales del <em>narco<\/em> doblegaron al Presidente de M\u00e9xico en las pasadas elecciones del 6 de junio dejando casi 100 muertos, la mayor\u00eda de ellos candidatos a alg\u00fan puesto de elecci\u00f3n popular y hasta hoy los criminales gozan de impunidad, merced a las supuesta alianza AMLO-narco.<\/p>\n<p>El partido espa\u00f1ol en cuesti\u00f3n, a pesar de ser de los chiquitines en la Pen\u00ednsula Ib\u00e9rica, nacido apenas en 2013, tiene ya una poderosa influencia que lo ubica como tercera fuerza nacional en la pol\u00edtica espa\u00f1ola y los cuestionamientos hacia el gobierno de AMLO no se han hecho esperar y la alianza con el PAN de M\u00e9xico, permitir\u00e1 a ambos partidos un activismo pol\u00edtico toral para evitar que la izquierda comunista encabezada por AMLO pueda refrendar el poder en el 2024.<\/p>\n<p>La infame estrategia de L\u00f3pez Obrador de dividir y enfrentar a los mexicanos ha hecho y har\u00e1 que el PAN recurra a estrategias muy ponzo\u00f1osas, a las que seguramente se sumar\u00e1n pri\u00edstas y perredistas para cerrarle el paso a Morena, un partido de la fundamentalista izquierda mexicana, amante del todo o nada.<\/p>\n<p>Desde ahora, podemos imaginar que las campa\u00f1as electorales rumbo a la Presidencia de M\u00e9xico en 2024 ser\u00e1n tan ponzo\u00f1osas como aquella de 2006 cuando la derecha fundamentalista empresarial y las c\u00e9lulas que de ella militan en el PAN utilizaron aquella campa\u00f1a tan demoledora en la que con millones de spots publicitarios evitaron que AMLO se encaramar\u00e1 en la silla presidencial. Qui\u00e9n no recuerda aquella penetrante y venenosa campa\u00f1a que dec\u00eda: \u201c\u00a1Cuidado, puedes perder tu empleo, puedes perder tu casa, puedes perderlo todo\u2026 el <em>peje<\/em> es un peligro para M\u00e9xico!\u201d.<\/p>\n<p>\u00bfY si hubiese una alianza AMLO-narcos, esta se extender\u00eda a las elecciones presidenciales de 2024 o las bandas criminales buscar\u00e1n ahora reposicionarse apoyando las campa\u00f1as electorales de la derecha fif\u00ed que contar\u00e1 tambi\u00e9n con la alianza PRI-PAN-PRD? Aqu\u00ed se lo adelant\u00e9, que la denuncia del bloque opositor PRI-PAN-PRD ante la OEA sobre las andanzas de AMLO con las mafias criminales, le pagar\u00eda pol\u00edticamente, principalmente en el extranjero.<\/p>\n<p><a href=\"mailto:info@agenciamn.com\" target=\"_blank\" rel=\"noopener noreferrer\"><em>info@agenciamn.com<\/em><\/a><\/p>\n","protected":false},"excerpt":{"rendered":"<p><span style=\"color: #005497;\"><strong>Alberto Vieyra G.<\/strong><\/span><\/p>\n","protected":false},"author":3,"featured_media":0,"comment_status":"open","ping_status":"open","sticky":false,"template":"","format":"standard","meta":{"_monsterinsights_skip_tracking":false,"_monsterinsights_sitenote_active":false,"_monsterinsights_sitenote_note":"","_monsterinsights_sitenote_category":0,"footnotes":""},"categories":[4596],"tags":[43697,4597,43674],"class_list":["post-519605","post","type-post","status-publish","format-standard","hentry","category-alberto-vieyra-g","tag-alberto-vieyra-g","tag-de-pe-a-pa","tag-opinion"],"_links":{"self":[{"href":"https:\/\/www.diarioimagen.net\/index.php?rest_route=\/wp\/v2\/posts\/519605","targetHints":{"allow":["GET"]}}],"collection":[{"href":"https:\/\/www.diarioimagen.net\/index.php?rest_route=\/wp\/v2\/posts"}],"about":[{"href":"https:\/\/www.diarioimagen.net\/index.php?rest_route=\/wp\/v2\/types\/post"}],"author":[{"embeddable":true,"href":"https:\/\/www.diarioimagen.net\/index.php?rest_route=\/wp\/v2\/users\/3"}],"replies":[{"embeddable":true,"href":"https:\/\/www.diarioimagen.net\/index.php?rest_route=%2Fwp%2Fv2%2Fcomments&post=519605"}],"version-history":[{"count":0,"href":"https:\/\/www.diarioimagen.net\/index.php?rest_route=\/wp\/v2\/posts\/519605\/revisions"}],"wp:attachment":[{"href":"https:\/\/www.diarioimagen.net\/index.php?rest_route=%2Fwp%2Fv2%2Fmedia&parent=519605"}],"wp:term":[{"taxonomy":"category","embeddable":true,"href":"https:\/\/www.diarioimagen.net\/index.php?rest_route=%2Fwp%2Fv2%2Fcategories&post=519605"},{"taxonomy":"post_tag","embeddable":true,"href":"https:\/\/www.diarioimagen.net\/index.php?rest_route=%2Fwp%2Fv2%2Ftags&post=519605"}],"curies":[{"name":"wp","href":"https:\/\/api.w.org\/{rel}","templated":true}]}}