{"id":519793,"date":"2021-09-08T00:05:23","date_gmt":"2021-09-08T05:05:23","guid":{"rendered":"https:\/\/www.diarioimagen.net\/?p=519793"},"modified":"2021-09-08T04:46:01","modified_gmt":"2021-09-08T09:46:01","slug":"menos-mexicano-que-muchos","status":"publish","type":"post","link":"https:\/\/www.diarioimagen.net\/?p=519793","title":{"rendered":"Menos mexicano que muchos"},"content":{"rendered":"<h2>Perfil de M\u00e9xico<\/h2>\n<h5>Armando R\u00edos Ruiz<\/h5>\n<p>&nbsp;<\/p>\n<p>A pesar de decir lo contrario, al Presidente no le gusta la historia de M\u00e9xico y quiere cambiarla a como d\u00e9 lugar. Tal vez porque, cuando presume conocerla comete cada error que da verg\u00fcenza ajena. Como cuando dijo que hace 10 mil a\u00f1os aqu\u00ed ya hab\u00eda universidades e imprentas, mientras en Estados Unidos apenas se ve\u00edan b\u00fafalos en sus montes.<\/p>\n<p>Pedro S\u00e1nchez, presidente del gobierno espa\u00f1ol, regal\u00f3 a Andr\u00e9s Manuel el acta de nacimiento de su abuelo, Jos\u00e9 Obrador, nacido en Ampuero, en la Cantabria, Espa\u00f1a en 1863. Cruz\u00f3 el Atl\u00e1ntico escondido en un barril a los 14 a\u00f1os y desembarc\u00f3 en Cuba. All\u00ed trabaj\u00f3 como barrendero y despu\u00e9s viaj\u00f3 a M\u00e9xico para reunirse con dos hermanos, Manuel y F\u00e9lix.<\/p>\n<p>Es decir, la descendencia del mandatario es reciente. No es como la nuestra, cuyo \u00e1rbol geneal\u00f3gico se remonta en muchos casos, a la misma conquista. En otros, a la invasi\u00f3n francesa, acompa\u00f1ada de los ej\u00e9rcitos espa\u00f1oles e ingleses. Los dos \u00faltimos se retiraron despu\u00e9s de negociaciones, aunque algunos soldados espa\u00f1oles se quedaron a pelear al lado de los galos y despu\u00e9s de plano a hacer familias en las poblaciones aztecas.<\/p>\n<p>Hace unos d\u00edas, el gobierno de M\u00e9xico orden\u00f3 quitar la estatua de Crist\u00f3bal Col\u00f3n, del largo museo de la avenida Paseo de la Reforma, tra\u00edda en 1875. Primero lleg\u00f3 a las costas de Veracruz, del taller del escultor franc\u00e9s Charles Cordier, por donaci\u00f3n del empresario banquero Antonio Escand\u00f3n. Fue sustituida por la de una mujer ind\u00edgena. Parece que la del genov\u00e9s, que no conoci\u00f3 M\u00e9xico, y que era s\u00edmbolo del mestizaje de Am\u00e9rica, incomodaba al gobierno de la 4T.<\/p>\n<p>Ya todos sabemos que el Presidente inst\u00f3 al gobierno espa\u00f1ol a pedirnos perd\u00f3n por la conquista de M\u00e9xico, hace 500 a\u00f1os. Pero, \u00bfno es mejor apurar a Italia, por haber sido un genov\u00e9s quien descubri\u00f3 Am\u00e9rica y con ello abri\u00f3 el apetito de conquista para que m\u00e1s tarde los espa\u00f1oles se hicieran a la mar con ese prop\u00f3sito?<\/p>\n<p>Es m\u00e1s, pens\u00e1ndolo bien y para ser lo m\u00e1s puramente honestos, que mejor nos pida perd\u00f3n Grecia, porque fue Erat\u00f3stenes quien concibi\u00f3 una teor\u00eda respecto a la redondez de la tierra y Col\u00f3n admiti\u00f3 que ten\u00eda raz\u00f3n, aunque difiriera en cuanto a que sus c\u00e1lculos fueran exactos, ya que pens\u00f3 que la tierra era m\u00e1s peque\u00f1a, aunque definitivamente redonda.<\/p>\n<p>Pens\u00f3 que el lugar que buscaba \u2013Las Indias\u2212 lo encontrar\u00eda si navegaba desde el continente europeo por el oc\u00e9ano Atl\u00e1ntico.\u00a0 No fue f\u00e1cil. Tuvo que soportar d\u00edas de tedio, incertidumbre, miedos a una posible equivocaci\u00f3n que pudiera derivar en la muerte y un amotinamiento de sus marineros, que tornaron su desesperaci\u00f3n en j\u00fabilo cuando Rodrigo de Triana grit\u00f3: \u201c\u00a1tierra a la vista!\u201d La alegr\u00eda inund\u00f3 los corazones.<\/p>\n<p>Resulta complicado hacer a los espa\u00f1oles la petici\u00f3n de perd\u00f3n, ya que nuestro gobierno tendr\u00eda que estudiar profundamente y luego decidir a qui\u00e9n dirigir el reclamo. Quiz\u00e1 a los galaicos. A los astures. A los lusitanos. A los celt\u00edberos. A los caristios tal vez. Todos de origen celta.<\/p>\n<p>Tambi\u00e9n podr\u00eda ser a los suevos. A los v\u00e1ndalos o a los visigodos. \u00bfPor qu\u00e9 no tomar en cuenta asimismo a los \u00e1rabes? O quiz\u00e1 ser\u00eda bueno aconsejar a los espa\u00f1oles que hagan lo mismo con los antes mencionados, ya que tuvieron que sufrir su presencia mucho m\u00e1s tiempo que M\u00e9xico a sus conquistadores.<\/p>\n<p>Inclusive podr\u00edamos apurar a los sefarditas a pedirnos la absoluci\u00f3n. Pero \u00e9stos ya se adelantaron a ofrecernos el reconocimiento de que somos jud\u00edos los mexicanos y dem\u00e1s conquistados en Am\u00e9rica, que llevamos los apellidos que inventaron. El mismo Presidente lleva el de L\u00f3pez, derivado de Lope. Por lo tanto, con ellos no habr\u00eda pleito.<\/p>\n<p>Nuestras autoridades est\u00e1n empecinadas en cambiar la historia. Otro trabajo complicado, cuando es m\u00e1s f\u00e1cil borrarla e imaginar una nueva. Bueno. Ya comenzaron por algo.<\/p>\n<p><a href=\"mailto:ariosruiz@gmail.com\" target=\"_blank\" rel=\"noopener noreferrer\"><em>ariosruiz@gmail.com<\/em><\/a><\/p>\n","protected":false},"excerpt":{"rendered":"<p><span style=\"color: #005497;\"><strong>Armando R\u00edos Ruiz<\/strong><\/span><\/p>\n","protected":false},"author":3,"featured_media":0,"comment_status":"open","ping_status":"open","sticky":false,"template":"","format":"standard","meta":{"_monsterinsights_skip_tracking":false,"_monsterinsights_sitenote_active":false,"_monsterinsights_sitenote_note":"","_monsterinsights_sitenote_category":0,"footnotes":""},"categories":[88405],"tags":[88407,43674,91193],"class_list":["post-519793","post","type-post","status-publish","format-standard","hentry","category-armando-rios-ruiz","tag-armando-rios-ruiz","tag-opinion","tag-perfil-de-mexico"],"_links":{"self":[{"href":"https:\/\/www.diarioimagen.net\/index.php?rest_route=\/wp\/v2\/posts\/519793","targetHints":{"allow":["GET"]}}],"collection":[{"href":"https:\/\/www.diarioimagen.net\/index.php?rest_route=\/wp\/v2\/posts"}],"about":[{"href":"https:\/\/www.diarioimagen.net\/index.php?rest_route=\/wp\/v2\/types\/post"}],"author":[{"embeddable":true,"href":"https:\/\/www.diarioimagen.net\/index.php?rest_route=\/wp\/v2\/users\/3"}],"replies":[{"embeddable":true,"href":"https:\/\/www.diarioimagen.net\/index.php?rest_route=%2Fwp%2Fv2%2Fcomments&post=519793"}],"version-history":[{"count":0,"href":"https:\/\/www.diarioimagen.net\/index.php?rest_route=\/wp\/v2\/posts\/519793\/revisions"}],"wp:attachment":[{"href":"https:\/\/www.diarioimagen.net\/index.php?rest_route=%2Fwp%2Fv2%2Fmedia&parent=519793"}],"wp:term":[{"taxonomy":"category","embeddable":true,"href":"https:\/\/www.diarioimagen.net\/index.php?rest_route=%2Fwp%2Fv2%2Fcategories&post=519793"},{"taxonomy":"post_tag","embeddable":true,"href":"https:\/\/www.diarioimagen.net\/index.php?rest_route=%2Fwp%2Fv2%2Ftags&post=519793"}],"curies":[{"name":"wp","href":"https:\/\/api.w.org\/{rel}","templated":true}]}}