{"id":519922,"date":"2021-09-09T00:05:15","date_gmt":"2021-09-09T05:05:15","guid":{"rendered":"https:\/\/www.diarioimagen.net\/?p=519922"},"modified":"2021-09-10T06:46:32","modified_gmt":"2021-09-10T11:46:32","slug":"fortalecen-uaem-y-coparmex-vinculacion-universitaria-con-el-sector-empresarial","status":"publish","type":"post","link":"https:\/\/www.diarioimagen.net\/?p=519922","title":{"rendered":"Fortalecen UAEM y Coparmex vinculaci\u00f3n universitaria con el sector empresarial"},"content":{"rendered":"<p><em>\u00a0<\/em><\/p>\n<ul>\n<li><strong><em>El rector Carlos Eduardo Barrera D\u00edaz afirm\u00f3 que la Aut\u00f3noma mexiquense est\u00e1 comprometida en la formaci\u00f3n de capital humano de alta calidad, el cual favorece el sano desarrollo de las empresas<\/em><\/strong><\/li>\n<\/ul>\n<p><strong>\u00a0<\/strong><\/p>\n<div id=\"attachment_520018\" style=\"width: 470px\" class=\"wp-caption aligncenter\"><a href=\"https:\/\/www.diarioimagen.net\/?attachment_id=520018\" rel=\"attachment wp-att-520018\"><img loading=\"lazy\" decoding=\"async\" aria-describedby=\"caption-attachment-520018\" class=\"size-full wp-image-520018\" src=\"https:\/\/www.diarioimagen.net\/wp-content\/uploads\/2021\/09\/uaem-6.jpg\" alt=\"\" width=\"460\" height=\"270\" \/><\/a><p id=\"caption-attachment-520018\" class=\"wp-caption-text\">La UAEM y la Coparmex firmaron un convenio de colaboraci\u00f3n para vincular a los estudiantes y egresados de esta casa de estudios con el sector empresarial.<\/p><\/div>\n<p>&nbsp;<\/p>\n<p><strong>Toluca, Estado de M\u00e9xico.-<\/strong> Con el compromiso de formar capital humano de alta calidad, necesidad primordial para el sano desarrollo de las empresas de la entidad y el pa\u00eds, el rector de la Universidad Aut\u00f3noma del Estado de M\u00e9xico (UAEM), Carlos Eduardo Barrera D\u00edaz, y el presidente de la Confederaci\u00f3n Patronal de la Rep\u00fablica Mexicana (Coparmex) del Estado de M\u00e9xico, Jes\u00fas Trigos Rodr\u00edguez, firmaron un convenio general de colaboraci\u00f3n.<\/p>\n<p>La suma de agendas entre ambas instituciones sienta las bases para alcanzar objetivos en com\u00fan como difundir el perfil acad\u00e9mico requerido, de manera que los\u00a0 alumnos y egresados puedan acceder a plazas ofertadas por la Coparmex, revisar y compaginar planes de trabajo para pr\u00e1cticas profesionales y servicio social entre las dos instancias, realizar planes que favorezcan la incorporaci\u00f3n acad\u00e9mica de las labores requeridas en espacios de emprendimiento, as\u00ed como formular y favorecer redes de empleo en beneficio de la comunidad universitaria.<\/p>\n<p>En el Edificio de Rector\u00eda, Barrera D\u00edaz indic\u00f3 que el convenio es ben\u00e9fico para la comunidad universitaria, debido a que la Aut\u00f3noma mexiquense cuenta con un exitoso programa de incubaci\u00f3n de empresas; sin embargo, reconoci\u00f3, requiere establecer francas relaciones de colaboraci\u00f3n con quienes han logrado iniciar, sostener y acrecentar una empresa a partir de esfuerzos continuos y la capacidad de convertir las dificultades en oportunidades econ\u00f3micas.<\/p>\n<p>Asimismo, indic\u00f3 que la alianza tambi\u00e9n permitir\u00e1 que los j\u00f3venes estudiantes que realizan pr\u00e1cticas profesionales, servicio social o proyectos de emprendimiento en una empresa real puedan aportar y afinar los conocimientos aprendidos en las aulas, talleres y laboratorios universitarios.<\/p>\n<p>En su oportunidad, Trigos Rodr\u00edguez dijo que se conformar\u00e1n cap\u00edtulos universitarios de Coparmex en las facultades de la UAEM, a trav\u00e9s de las comisiones de j\u00f3venes empresarios, para lograr mayor acercamiento.<\/p>\n<p>Finalmente, el secretario de Extensi\u00f3n y Vinculaci\u00f3n de la UAEM, Francisco Zepeda Mondrag\u00f3n, asegur\u00f3 que la universidad asume el compromiso de impulsar a los j\u00f3venes para su inserci\u00f3n en el campo de las actividades empresariales.<\/p>\n<p>A la firma de este convenio acudieron integrantes del gabinete universitario, consejeros y socios de la Coparmex.<\/p>\n","protected":false},"excerpt":{"rendered":"<p>Con el compromiso de formar capital humano de alta calidad, necesidad primordial para el sano desarrollo de las empresas de la entidad y el pa\u00eds, el rector de la Universidad Aut\u00f3noma del Estado de M\u00e9xico (UAEM), Carlos Eduardo Barrera D\u00edaz, y el presidente de la Confederaci\u00f3n Patronal de la Rep\u00fablica Mexicana (Coparmex) del Estado de M\u00e9xico, Jes\u00fas Trigos Rodr\u00edguez, firmaron un convenio general de colaboraci\u00f3n.\u00a0<\/p>\n","protected":false},"author":3,"featured_media":520018,"comment_status":"open","ping_status":"open","sticky":false,"template":"","format":"standard","meta":{"_monsterinsights_skip_tracking":false,"_monsterinsights_sitenote_active":false,"_monsterinsights_sitenote_note":"","_monsterinsights_sitenote_category":0,"footnotes":""},"categories":[5],"tags":[308,43675,452,1490],"class_list":["post-519922","post","type-post","status-publish","format-standard","has-post-thumbnail","hentry","category-estado-de-mexico","tag-coparmex","tag-estado-de-mexico","tag-toluca","tag-universidad-autonoma-del-estado-de-mexico"],"_links":{"self":[{"href":"https:\/\/www.diarioimagen.net\/index.php?rest_route=\/wp\/v2\/posts\/519922","targetHints":{"allow":["GET"]}}],"collection":[{"href":"https:\/\/www.diarioimagen.net\/index.php?rest_route=\/wp\/v2\/posts"}],"about":[{"href":"https:\/\/www.diarioimagen.net\/index.php?rest_route=\/wp\/v2\/types\/post"}],"author":[{"embeddable":true,"href":"https:\/\/www.diarioimagen.net\/index.php?rest_route=\/wp\/v2\/users\/3"}],"replies":[{"embeddable":true,"href":"https:\/\/www.diarioimagen.net\/index.php?rest_route=%2Fwp%2Fv2%2Fcomments&post=519922"}],"version-history":[{"count":0,"href":"https:\/\/www.diarioimagen.net\/index.php?rest_route=\/wp\/v2\/posts\/519922\/revisions"}],"wp:featuredmedia":[{"embeddable":true,"href":"https:\/\/www.diarioimagen.net\/index.php?rest_route=\/wp\/v2\/media\/520018"}],"wp:attachment":[{"href":"https:\/\/www.diarioimagen.net\/index.php?rest_route=%2Fwp%2Fv2%2Fmedia&parent=519922"}],"wp:term":[{"taxonomy":"category","embeddable":true,"href":"https:\/\/www.diarioimagen.net\/index.php?rest_route=%2Fwp%2Fv2%2Fcategories&post=519922"},{"taxonomy":"post_tag","embeddable":true,"href":"https:\/\/www.diarioimagen.net\/index.php?rest_route=%2Fwp%2Fv2%2Ftags&post=519922"}],"curies":[{"name":"wp","href":"https:\/\/api.w.org\/{rel}","templated":true}]}}