{"id":519929,"date":"2021-09-09T00:02:22","date_gmt":"2021-09-09T05:02:22","guid":{"rendered":"https:\/\/www.diarioimagen.net\/?p=519929"},"modified":"2021-09-09T10:29:22","modified_gmt":"2021-09-09T15:29:22","slug":"proteccion-civil-de-tlalnepantla-realiza-recorridos-de-prevencion-ante-lluvias","status":"publish","type":"post","link":"https:\/\/www.diarioimagen.net\/?p=519929","title":{"rendered":"Protecci\u00f3n Civil de Tlalnepantla realiza recorridos de prevenci\u00f3n, ante lluvias"},"content":{"rendered":"<p>&nbsp;<\/p>\n<ul>\n<li><strong><em>Para detectar situaciones de riesgo<\/em><\/strong><\/li>\n<\/ul>\n<p>&nbsp;<\/p>\n<div id=\"attachment_520073\" style=\"width: 470px\" class=\"wp-caption aligncenter\"><a href=\"https:\/\/www.diarioimagen.net\/?attachment_id=520073\" rel=\"attachment wp-att-520073\"><img loading=\"lazy\" decoding=\"async\" aria-describedby=\"caption-attachment-520073\" class=\"size-full wp-image-520073\" src=\"https:\/\/www.diarioimagen.net\/wp-content\/uploads\/2021\/09\/tlalne-1.jpg\" alt=\"\" width=\"460\" height=\"270\" \/><\/a><p id=\"caption-attachment-520073\" class=\"wp-caption-text\">Trabajadores de Protecci\u00f3n Civil de Tlalnepantla realizaron recorridos para detectar situaciones de riesgo para la ciudadan\u00eda ante las fuertes lluvias que se registran.<\/p><\/div>\n<p>&nbsp;<\/p>\n<p><strong>Tlalnepantla, Estado de M\u00e9xico.-<\/strong> Elementos de la Coordinaci\u00f3n Municipal de Protecci\u00f3n Civil de Tlalnepantla realizaron recorridos en diversas comunidades para detectar situaciones de riesgo para la ciudadan\u00eda ante las fuertes lluvias que se registran, en algunas de ellas se seccionaron \u00e1rboles y ramas que representaban peligro.<\/p>\n<p>Los vulcanos seccionaron \u00e1rboles y ramas en las comunidades Tlalnepantla Centro, El Rosario II, L\u00e1zaro C\u00e1rdenas Primera Secci\u00f3n, Viveros de la Loma, Cuauht\u00e9moc, Prado Vallejo, San Jos\u00e9 Puente de Vigas, Nueva Ixtacala, San Jer\u00f3nimo Tepetlacalco, Dr. Jorge Jim\u00e9nez Cant\u00fa, Valle Dorado y Los Reyes Ixtacala.<\/p>\n<p>Los bomberos no detectaron situaciones de riesgo en los recorridos realizados en las comunidades La Azteca, Santa M\u00f3nica, Valle Dorado, Valle de los Pinos, La Blanca, San Pablo Xalpa, San Juan Ixhuatepec, San Lucas Patoni, La Presa, L\u00e1zaro C\u00e1rdenas Segunda Secci\u00f3n.<\/p>\n<p>Se pronostican d\u00edas con intensa lluvia. En caso de alguna emergencia comunicarse al 55 5565 3638 de la Comandancia de Bomberos, 55-5390-6548 de Protecci\u00f3n Civil, 55-5366-4444 del C4.<\/p>\n","protected":false},"excerpt":{"rendered":"<p>Elementos de la Coordinaci\u00f3n Municipal de Protecci\u00f3n Civil de Tlalnepantla realizaron recorridos en diversas comunidades para detectar situaciones de riesgo para la ciudadan\u00eda ante las fuertes lluvias que se registran, en algunas de ellas se seccionaron \u00e1rboles y ramas que representaban peligro.<\/p>\n","protected":false},"author":3,"featured_media":520073,"comment_status":"open","ping_status":"open","sticky":false,"template":"","format":"standard","meta":{"_monsterinsights_skip_tracking":false,"_monsterinsights_sitenote_active":false,"_monsterinsights_sitenote_note":"","_monsterinsights_sitenote_category":0,"footnotes":""},"categories":[5],"tags":[43675,1849,21732,169],"class_list":["post-519929","post","type-post","status-publish","format-standard","has-post-thumbnail","hentry","category-estado-de-mexico","tag-estado-de-mexico","tag-lluvias","tag-prevencion","tag-tlalnepantla"],"_links":{"self":[{"href":"https:\/\/www.diarioimagen.net\/index.php?rest_route=\/wp\/v2\/posts\/519929","targetHints":{"allow":["GET"]}}],"collection":[{"href":"https:\/\/www.diarioimagen.net\/index.php?rest_route=\/wp\/v2\/posts"}],"about":[{"href":"https:\/\/www.diarioimagen.net\/index.php?rest_route=\/wp\/v2\/types\/post"}],"author":[{"embeddable":true,"href":"https:\/\/www.diarioimagen.net\/index.php?rest_route=\/wp\/v2\/users\/3"}],"replies":[{"embeddable":true,"href":"https:\/\/www.diarioimagen.net\/index.php?rest_route=%2Fwp%2Fv2%2Fcomments&post=519929"}],"version-history":[{"count":0,"href":"https:\/\/www.diarioimagen.net\/index.php?rest_route=\/wp\/v2\/posts\/519929\/revisions"}],"wp:featuredmedia":[{"embeddable":true,"href":"https:\/\/www.diarioimagen.net\/index.php?rest_route=\/wp\/v2\/media\/520073"}],"wp:attachment":[{"href":"https:\/\/www.diarioimagen.net\/index.php?rest_route=%2Fwp%2Fv2%2Fmedia&parent=519929"}],"wp:term":[{"taxonomy":"category","embeddable":true,"href":"https:\/\/www.diarioimagen.net\/index.php?rest_route=%2Fwp%2Fv2%2Fcategories&post=519929"},{"taxonomy":"post_tag","embeddable":true,"href":"https:\/\/www.diarioimagen.net\/index.php?rest_route=%2Fwp%2Fv2%2Ftags&post=519929"}],"curies":[{"name":"wp","href":"https:\/\/api.w.org\/{rel}","templated":true}]}}