{"id":519933,"date":"2021-09-09T00:04:31","date_gmt":"2021-09-09T05:04:31","guid":{"rendered":"https:\/\/www.diarioimagen.net\/?p=519933"},"modified":"2021-09-09T10:27:19","modified_gmt":"2021-09-09T15:27:19","slug":"inicia-curso-de-induccion-a-la-vida-universitaria-en-naucalpan","status":"publish","type":"post","link":"https:\/\/www.diarioimagen.net\/?p=519933","title":{"rendered":"Inicia curso de inducci\u00f3n a la vida universitaria, en Naucalpan"},"content":{"rendered":"<p>&nbsp;<\/p>\n<p><a href=\"https:\/\/www.diarioimagen.net\/?attachment_id=520069\" rel=\"attachment wp-att-520069\"><img loading=\"lazy\" decoding=\"async\" class=\"aligncenter size-full wp-image-520069\" src=\"https:\/\/www.diarioimagen.net\/wp-content\/uploads\/2021\/09\/naucalpan-2.jpg\" alt=\"\" width=\"460\" height=\"270\" \/><\/a><\/p>\n<p>&nbsp;<\/p>\n<p><strong>Naucalpan, Estado de M\u00e9xico<\/strong><strong>.-\u00a0 <\/strong>El gobierno municipal, a trav\u00e9s de la Secretar\u00eda de Cultura, dio inicio al curso Introducci\u00f3n a la vida universitaria con el fin de orientar a las y los j\u00f3venes que desean continuar con su formaci\u00f3n profesional.<\/p>\n<p>Poco m\u00e1s de 300 estudiantes se dieron cita a trav\u00e9s de la plataforma Zoom y por las pr\u00f3ximas cuatro semanas llevar\u00e1n a cabo actividades de corte proped\u00e9utico.<\/p>\n<p>La Secretaria de Cultura, Abigail Mart\u00ednez Salas, dio la bienvenida a las y los participantes a nombre de la presidenta municipal, Patricia Dur\u00e1n Reveles, y los invit\u00f3 a iniciar su vida profesional con objetivos claros.<\/p>\n","protected":false},"excerpt":{"rendered":"<p>El gobierno municipal, a trav\u00e9s de la Secretar\u00eda de Cultura, dio inicio al curso Introducci\u00f3n a la vida universitaria con el fin de orientar a las y los j\u00f3venes que desean continuar con su formaci\u00f3n profesional.<\/p>\n","protected":false},"author":3,"featured_media":520069,"comment_status":"open","ping_status":"open","sticky":false,"template":"","format":"standard","meta":{"_monsterinsights_skip_tracking":false,"_monsterinsights_sitenote_active":false,"_monsterinsights_sitenote_note":"","_monsterinsights_sitenote_category":0,"footnotes":""},"categories":[5],"tags":[43675,970,93596],"class_list":["post-519933","post","type-post","status-publish","format-standard","has-post-thumbnail","hentry","category-estado-de-mexico","tag-estado-de-mexico","tag-naucalpan","tag-vida-universitaria"],"_links":{"self":[{"href":"https:\/\/www.diarioimagen.net\/index.php?rest_route=\/wp\/v2\/posts\/519933","targetHints":{"allow":["GET"]}}],"collection":[{"href":"https:\/\/www.diarioimagen.net\/index.php?rest_route=\/wp\/v2\/posts"}],"about":[{"href":"https:\/\/www.diarioimagen.net\/index.php?rest_route=\/wp\/v2\/types\/post"}],"author":[{"embeddable":true,"href":"https:\/\/www.diarioimagen.net\/index.php?rest_route=\/wp\/v2\/users\/3"}],"replies":[{"embeddable":true,"href":"https:\/\/www.diarioimagen.net\/index.php?rest_route=%2Fwp%2Fv2%2Fcomments&post=519933"}],"version-history":[{"count":0,"href":"https:\/\/www.diarioimagen.net\/index.php?rest_route=\/wp\/v2\/posts\/519933\/revisions"}],"wp:featuredmedia":[{"embeddable":true,"href":"https:\/\/www.diarioimagen.net\/index.php?rest_route=\/wp\/v2\/media\/520069"}],"wp:attachment":[{"href":"https:\/\/www.diarioimagen.net\/index.php?rest_route=%2Fwp%2Fv2%2Fmedia&parent=519933"}],"wp:term":[{"taxonomy":"category","embeddable":true,"href":"https:\/\/www.diarioimagen.net\/index.php?rest_route=%2Fwp%2Fv2%2Fcategories&post=519933"},{"taxonomy":"post_tag","embeddable":true,"href":"https:\/\/www.diarioimagen.net\/index.php?rest_route=%2Fwp%2Fv2%2Ftags&post=519933"}],"curies":[{"name":"wp","href":"https:\/\/api.w.org\/{rel}","templated":true}]}}