{"id":519970,"date":"2021-09-09T00:03:05","date_gmt":"2021-09-09T05:03:05","guid":{"rendered":"https:\/\/www.diarioimagen.net\/?p=519970"},"modified":"2021-09-09T04:18:39","modified_gmt":"2021-09-09T09:18:39","slug":"claudia-no-para-el-2024","status":"publish","type":"post","link":"https:\/\/www.diarioimagen.net\/?p=519970","title":{"rendered":"Claudia, no para el 2024"},"content":{"rendered":"<h2>Centro..!<\/h2>\n<h5>Arturo R\u00edos Ruiz<em>\u00a0<\/em><\/h5>\n<p><em>\u00a0<\/em><\/p>\n<ul>\n<li><strong><em>AMLO siempre la ha utilizado<\/em><\/strong><\/li>\n<li><strong><em>Hoy, es tapadera de la sucesi\u00f3n<\/em><\/strong><\/li>\n<\/ul>\n<p>&nbsp;<\/p>\n<p>A diferencia de connotados analistas, respecto a que Claudia Sheinbaum es la elegida, desde ahora la sustituta del Presidente para 2024, pensamos lo contrario. La se\u00f1ora siempre ha sido la \u201ctapadera\u201d de AMLO.<\/p>\n<p>Se ha demostrado que, de lo que carece el hoy Presidente es de la originalidad y s\u00f3lo acudi\u00f3 al trabajo que dej\u00f3 preparado \u00d3scar Espinosa Villarreal, el \u00faltimo regente de lo que fue el Departamento del Distrito Federal. En una conferencia de prensa nos mostr\u00f3 a \u201cla fuente\u201d de reporteros el proyecto de los segundos pisos.<\/p>\n<p>Vamos a recordar que cuando se plane\u00f3 construir la primera etapa de trabajo el secretario de Obras del Gobierno de la Ciudad era Cesar Buenrostro, un ingeniero incondicional de Cuauht\u00e9moc C\u00e1rdenas que por el cargo le correspond\u00eda la directriz de los trabajos.<\/p>\n<p>El hoy Presidente del pa\u00eds, ten\u00eda su plan bien trazado para el manejo del inmenso presupuesto y c\u00f3mo podr\u00eda esconder el manejo y con qui\u00e9n, que fuera de su absoluta confianza. Buenrostro no lo era, por obvias razones.<\/p>\n<p>Buscando datos nos encontramos con lo siguiente<strong>: \u201c<\/strong>El proyecto\u00a0cost\u00f3, en su primera etapa, 780 millones de pesos; en la\u00a0segunda, tramo de San Antonio a San Jer\u00f3nimo, norte-sur, dos mil millones de pesos; mientras en la tercera etapa, tramo Las Flores a San Antonio, sur-norte,\u00a0cost\u00f3\u00a0790 millones de pesos, m\u00e1s el tramo San Jer\u00f3nimo a Las Flores, sur-norte\u201d.<\/p>\n<p>Claudia Sheinbaum era la secretaria del Medio Ambiente y AMLO la utiliz\u00f3 como la responsable de la ambiciosa obra y se le ha cuestionado el c\u00f3mo los gastos de la misma se mantuvieron reservados, lo que sistem\u00e1ticamente ha negado, pero a\u00fan resuena el anuncio en ese sentido que se dio a conocer en aquellos a\u00f1os.<\/p>\n<p>Rodrigo Rey Mor\u00e1n, director general del Fimevic en 2004, reserv\u00f3 por 10 a\u00f1os la informaci\u00f3n del segundo piso, referente a cuentas por liquidar, ampliaciones presupuestarias y transferencias, licitaciones y expedientes de los comit\u00e9s t\u00e9cnicos y el desahogo de las auditor\u00edas al fideicomiso, de contratos y convenios, como consta en la\u00a0<em>Gaceta\u00a0Oficial del Distrito Federal<\/em>.<\/p>\n<p>Desde ese entonces, se conoci\u00f3 la preferencia casi paternal hacia Scheinbaum de parte de AMLO a cambio de una docilidad asombrosa de la se\u00f1ora que hace esfuerzos inconmensurables por emularlo, agradarle con descarada sumisi\u00f3n.<\/p>\n<p>Claudia est\u00e1 acostumbrada a ser usada por AMLO, lo m\u00e1ximo, con mayor raz\u00f3n servirle de escudo para mangonear la sucesi\u00f3n que para el mandatario es un fest\u00edn del gran poder concentrado en su persona.<\/p>\n<p>El tiempo siempre es corto y el 2024, llegar\u00e1 en lo que menos pensamos y lo vamos a comprobar. La dupla Marcelo-Monreal lo sabe y har\u00e1n su trabajo hasta el final y deben tener su estrategia.<\/p>\n<p><em><a href=\"mailto:rrrart2000@hotmail.com\" target=\"_blank\" rel=\"noopener noreferrer\">rrrart2000@hotmail.com<\/a><\/em><\/p>\n","protected":false},"excerpt":{"rendered":"<p><span style=\"color: #005497;\"><strong>Arturo R\u00edos Ruiz<\/strong><\/span><\/p>\n","protected":false},"author":3,"featured_media":0,"comment_status":"open","ping_status":"open","sticky":false,"template":"","format":"standard","meta":{"_monsterinsights_skip_tracking":false,"_monsterinsights_sitenote_active":false,"_monsterinsights_sitenote_note":"","_monsterinsights_sitenote_category":0,"footnotes":""},"categories":[82265],"tags":[82266,10806,43674],"class_list":["post-519970","post","type-post","status-publish","format-standard","hentry","category-arturo-rios-ruiz","tag-arturo-rios-ruiz","tag-centro","tag-opinion"],"_links":{"self":[{"href":"https:\/\/www.diarioimagen.net\/index.php?rest_route=\/wp\/v2\/posts\/519970","targetHints":{"allow":["GET"]}}],"collection":[{"href":"https:\/\/www.diarioimagen.net\/index.php?rest_route=\/wp\/v2\/posts"}],"about":[{"href":"https:\/\/www.diarioimagen.net\/index.php?rest_route=\/wp\/v2\/types\/post"}],"author":[{"embeddable":true,"href":"https:\/\/www.diarioimagen.net\/index.php?rest_route=\/wp\/v2\/users\/3"}],"replies":[{"embeddable":true,"href":"https:\/\/www.diarioimagen.net\/index.php?rest_route=%2Fwp%2Fv2%2Fcomments&post=519970"}],"version-history":[{"count":0,"href":"https:\/\/www.diarioimagen.net\/index.php?rest_route=\/wp\/v2\/posts\/519970\/revisions"}],"wp:attachment":[{"href":"https:\/\/www.diarioimagen.net\/index.php?rest_route=%2Fwp%2Fv2%2Fmedia&parent=519970"}],"wp:term":[{"taxonomy":"category","embeddable":true,"href":"https:\/\/www.diarioimagen.net\/index.php?rest_route=%2Fwp%2Fv2%2Fcategories&post=519970"},{"taxonomy":"post_tag","embeddable":true,"href":"https:\/\/www.diarioimagen.net\/index.php?rest_route=%2Fwp%2Fv2%2Ftags&post=519970"}],"curies":[{"name":"wp","href":"https:\/\/api.w.org\/{rel}","templated":true}]}}