{"id":520095,"date":"2021-09-10T00:01:04","date_gmt":"2021-09-10T05:01:04","guid":{"rendered":"https:\/\/www.diarioimagen.net\/?p=520095"},"modified":"2021-09-10T06:26:46","modified_gmt":"2021-09-10T11:26:46","slug":"viva-aerobus-procolombia-turismo-bogota-y-el-dorado-inauguran-la-ruta-ciudad-de-mexico-bogota","status":"publish","type":"post","link":"https:\/\/www.diarioimagen.net\/?p=520095","title":{"rendered":"Viva Aerobus, ProColombia, Turismo Bogot\u00e1 y El Dorado inauguran la ruta Ciudad de M\u00e9xico-Bogot\u00e1"},"content":{"rendered":"<h2>De cinco estrellas<\/h2>\n<h5>Victoria Gonz\u00e1lez Prado<\/h5>\n<p>&nbsp;<\/p>\n<ul>\n<li><em><strong>El chef Jes\u00fas S\u00e1nchez al frente de \u2018Am\u00f3s\u2019, nuevo espacio gastron\u00f3mico en <\/strong><\/em><strong>Rosewood Villa Magna<\/strong><\/li>\n<\/ul>\n<p><em>\u00a0<\/em><\/p>\n<div id=\"attachment_520197\" style=\"width: 470px\" class=\"wp-caption aligncenter\"><a href=\"https:\/\/www.diarioimagen.net\/?attachment_id=520197\" rel=\"attachment wp-att-520197\"><img loading=\"lazy\" decoding=\"async\" aria-describedby=\"caption-attachment-520197\" class=\"size-full wp-image-520197\" src=\"https:\/\/www.diarioimagen.net\/wp-content\/uploads\/2021\/09\/turismo-3.jpg\" alt=\"\" width=\"460\" height=\"270\" \/><\/a><p id=\"caption-attachment-520197\" class=\"wp-caption-text\">En la bienvenida del vuelo de la Ciudad de M\u00e9xico a Bogot\u00e1.<\/p><\/div>\n<p>&nbsp;<\/p>\n<p><strong>Karol Fajardo Mari\u00f1o<\/strong>, directora del Instituto Distrital de Turismo de Bogot\u00e1, <strong>Juan Carlos Zuazua<\/strong>, director general de Viva Aerobus; <strong>Flavia Santoro<\/strong>, presidenta de ProColombia; ProColombia, <strong>Andr\u00e9s Ortega<\/strong>, gerente general de la Operadora Aeroportuaria Internacional, concesionario del Aeropuerto El Dorado (Opain) dieron la bienvenida al vuelo inaugura Bogot\u00e1-Ciudad de M\u00e9xico.<\/p>\n<p>La ruta, que inici\u00f3 operaciones el pasado 21 de agosto, ofrece dos vuelos a la semana, mi\u00e9rcoles y s\u00e1bados, con precios exclusivos por lanzamiento que inician desde los 18 d\u00f3lares en viaje sencillo (m\u00e1s impuestos), y a partir del pr\u00f3ximo 15 de septiembre habr\u00e1 un vuelo diario.<\/p>\n<p><strong>Karol Fajardo Mari\u00f1o<\/strong>, <strong>Flavia Santoro<\/strong> y <strong>Andr\u00e9s Ortega<\/strong> coincidieron en se\u00f1alar su entusiasmo porque Viva Aerobus \u00a0haya elegido a Bogot\u00e1 como su primer destino en Am\u00e9rica Latina. Es una decisi\u00f3n que fortalece a la ciudad como un destino tur\u00edstico, vacacional, de eventos, inversi\u00f3n y de negocios de talla internacional\u201d.<\/p>\n<p>Y aseguraron que la conectividad a\u00e9rea internacional sigue dando grandes noticias para la reactivaci\u00f3n del turismo. \u201cViva Aerobus apost\u00f3 por nuestro pa\u00eds lo que demuestra la confianza que tiene esta importante compa\u00f1\u00eda a\u00e9rea y con su llegada seguimos brindando m\u00e1s opciones para volar con tarifas competitivas\u201d.<\/p>\n<p>Entre los diferenciadores que ofrece Viva Aerobus &#8211;15 a\u00f1os de experiencia\u2014 destacan: precios hasta 25 por ciento menos que la competencia. La flota m\u00e1s joven de M\u00e9xico y la segunda m\u00e1s joven de Norteam\u00e9rica, edad promedio de 4.6 a\u00f1os. La ruta se opera con aviones <em>Airbus A320<\/em>, para 186 pasajeros y los m\u00e1s altos est\u00e1ndares en confiabilidad y seguridad.<\/p>\n<p>Adem\u00e1s, es la \u00fanica l\u00ednea a\u00e9rea que elimin\u00f3 todos los cargos adicionales por cambios en fecha, horario y ruta, los pasajeros solo deben cubrir la diferencia tarifaria en caso de existir y, el compromiso con la salud cumpliendo estrictos protocolos de prevenci\u00f3n e higiene que le han hecho merecedora de el Timbre de Seguridad Tur\u00edstica otorgado por la Secretar\u00eda de Turismo del Gobierno de la Ciudad de M\u00e9xico.<\/p>\n<p><strong>Juan Carlos Zuazua<\/strong>, al hacer uso de la palabra detall\u00f3: \u201cnos entusiasma aterrizar en Bogot\u00e1 como primer destino en Colombia para servir a sus pasajeros con nuestra propuesta de valor \u00fanica: los precios m\u00e1s bajos, un claro enfoque en el cliente, viajes a la medida, eficiencia operativa, tecnolog\u00eda de punta y una de las flotas m\u00e1s j\u00f3venes del mundo. Hoy, Bogot\u00e1 y la Ciudad de M\u00e9xico, dos capitales y centros econ\u00f3micos y tur\u00edsticos bandera de Am\u00e9rica, est\u00e1n m\u00e1s cerca que nunca\u201d.<\/p>\n<p>Estos nuevos vuelos ponen a disposici\u00f3n de los pasajeros colombianos la red de rutas que conectan a la Ciudad de M\u00e9xico con m\u00e1s de 30 destinos al interior del pa\u00eds. Asimismo, siendo Viva Aerobus miembro de Grupo IAMSA, el conglomerado de transporte a\u00e9reo y terrestre, ofrece la posibilidad de complementar su viaje a trav\u00e9s de las l\u00edneas de autobuses -\u2013ETN Turistar, Primera Plus, Autov\u00edas, La L\u00ednea, entre otras&#8211; con tarifas preferenciales y descuentos de hasta 50 por ciento.<\/p>\n<p>Con el prop\u00f3sito de seguir impulsando el turismo entre ambos pa\u00edses, el Instituto Distrital de Turismo de Bogot\u00e1 y Viva Aerobus tambi\u00e9n firmaron Memor\u00e1ndum de Entendimiento y se otorg\u00f3 a la aerol\u00ednea el uso de la Marca Ciudad con el fin de trabajar conjuntamente en la promoci\u00f3n del destino.<\/p>\n<p>Cabe recordar que, en 2019, m\u00e1s de 1.5 millones de pasajeros viajaron entre M\u00e9xico y Colombia. En 2020 Colombia se posicion\u00f3 entre los primeros tres pa\u00edses emisores de turistas a M\u00e9xico. La nueva ruta permitir\u00e1 el transporte de m\u00e1s de 100 mil viajeros en el primer a\u00f1o, coadyuvando a la reactivaci\u00f3n econ\u00f3mica y tur\u00edstica de ambos pa\u00edses.<\/p>\n<p>Para adquirir boletos: https:\/\/www.vivaaerobus.com\/mx, en las VivaTiendas o en el <em>Call Center<\/em> (sin costo) 01 81 82 150 150.<\/p>\n<p>\u2730\u2730\u2730\u2730\u2730 Por fin llegar\u00e1 este oto\u00f1o a Madrid, la marca <em>Rosewood Hotels &amp; Resorts<\/em> con el <em>Rosewood Villa Magna <\/em>que tendr\u00e1 en sus instalaciones al cocinero <strong>Jes\u00fas S\u00e1nchez<\/strong>, galardonado con 3 estrellas Michelin por su restaurante \u2018Cenador de Am\u00f3s\u2019. \u00c9l estar\u00e1 al frente del nuevo espacio gastron\u00f3mico bajo el nombre de \u2018Am\u00f3s\u2019, por lo que el chef se asocia con la marca hotelera para lanzar el exclusivo restaurante, que coincide con la apertura del establecimiento.<\/p>\n<p>El grupo hotelero y el equipo de dise\u00f1o llevan a la capital madrile\u00f1a la filosof\u00eda <em>A Sense of Place<\/em> basada en el principio de que cada hotel de la marca refleje su propia historia, cultura y sensibilidad bajo el sello com\u00fan de la excelencia en el servicio.<\/p>\n<p>El restaurante es homenaje a la tierra, su producto, la tradici\u00f3n y el sabor que se inspira en la buena mesa del Cant\u00e1brico y viene avalado por el buen hacer en los fogones del reconocido chef de origen navarro. Nueva etapa para el triestrellado cocinero, que presenta en Madrid algunos de sus platos m\u00e1s c\u00e9lebres e innovadoras creaciones en las que <strong>S\u00e1nchez<\/strong> a\u00f1ade su toque creativo y visi\u00f3n contempor\u00e1nea.<\/p>\n<p>\u201cQueremos que comer en Am\u00f3s \u2013dice <strong>Jes\u00fas<\/strong>&#8212; sea un viaje al norte, a sus productos, sus elaboraciones tradicionales, el mar y la huerta. Un viaje en el que reconocer un territorio es reconfortante.\u201d<\/p>\n<p>Para esta nueva etapa el cocinero cuenta con<strong> Mauro Lamas<\/strong> y <strong>Kevin Su\u00e1rez <\/strong>de \u2018El Cenador de Am\u00f3s\u2019. quienes ser\u00e1n los chefs expertos encargados de orquestar la sinfon\u00eda culinaria de \u2018Am\u00f3s\u2019.<\/p>\n<p>Conviven en la carta\u00a0como las dos tierras vinculadas al chef &#8211;Navarra y Cantabria&#8211;, la de nacimiento y la de adopci\u00f3n, v\u00ednculo que se manifiesta en mensaje de sostenibilidad y contribuci\u00f3n al medio ambiente, presente siempre en el ADN de <strong>Jes\u00fas<\/strong>.<\/p>\n<p><strong>Alejandra Pombo<\/strong>, arquitecta espa\u00f1ola, es responsable del concepto de interiorismo del nuevo restaurante y su terraza. Paredes de madera envuelven la sala con detalles fotogr\u00e1ficos realizados por el propio chef que nos transportan a Cantabria. Dominan los detalles cl\u00e1sicos, suelo de m\u00e1rmol y remates de lat\u00f3n envejecido con toques m\u00e1s atrevidos como la tapicer\u00eda de terciopelo azul de sus sillas que contrastan con el espigado gris y blanco de las bancadas.<\/p>\n<p>Moqueta central, en tonos neutros, completa la estancia que contin\u00faa el recorrido a la delicada cristalera que accede al jard\u00edn. \u2018Am\u00f3s\u2019 pretende ser la embajada natural del Cant\u00e1brico en Madrid.<\/p>\n<p><em>Rosewood Hotels &amp; Resorts<\/em> y el grupo hotelero e inmobiliario mexicano <em>RLH Properties<\/em>, crean este moderno oasis de placer en el ic\u00f3nico Paseo de la Castellana. Para consolidar a\u00fan m\u00e1s al <em>Rosewood Villa Magna<\/em> como destino principal para viajeros y madrile\u00f1os.<\/p>\n<p>&nbsp;<\/p>\n<blockquote>\n<p style=\"text-align: right;\">\u201c<strong>El<\/strong> <strong>\u00e1ngel de la fama tiene sus alas hechas de papel&#8230; peri\u00f3dico\u201d.<br \/>\n<\/strong><\/p>\n<\/blockquote>\n<p>&nbsp;<\/p>\n<p><em><span class=\"Apple-converted-space\"><a href=\"mailto:victoriagprado@gmail.com\" target=\"_blank\" rel=\"noopener noreferrer\">victoriagprado@gmail.com<\/a><br \/>\nTwitter: <a href=\"https:\/\/twitter.com\/victoriagprado\" target=\"_blank\" rel=\"noopener noreferrer\">@victoriagprado<\/a><\/span><\/em><\/p>\n","protected":false},"excerpt":{"rendered":"<p><strong>Karol Fajardo Mari\u00f1o<\/strong>, directora del Instituto Distrital de Turismo de Bogot\u00e1, <strong>Juan Carlos Zuazua<\/strong>, director general de Viva Aerobus; <strong>Flavia Santoro<\/strong>, presidenta de ProColombia; ProColombia, <strong>Andr\u00e9s Ortega<\/strong>, gerente general de la Operadora Aeroportuaria Internacional, concesionario del Aeropuerto El Dorado (Opain) dieron la bienvenida al vuelo inaugura Bogot\u00e1-Ciudad de M\u00e9xico.<\/p>\n","protected":false},"author":3,"featured_media":520197,"comment_status":"open","ping_status":"open","sticky":false,"template":"","format":"standard","meta":{"_monsterinsights_skip_tracking":false,"_monsterinsights_sitenote_active":false,"_monsterinsights_sitenote_note":"","_monsterinsights_sitenote_category":0,"footnotes":""},"categories":[11],"tags":[107,43674,43681,106],"class_list":["post-520095","post","type-post","status-publish","format-standard","has-post-thumbnail","hentry","category-turismo","tag-de-cinco-estrellas","tag-opinion","tag-turismo","tag-victoria-gonzalez-prado"],"_links":{"self":[{"href":"https:\/\/www.diarioimagen.net\/index.php?rest_route=\/wp\/v2\/posts\/520095","targetHints":{"allow":["GET"]}}],"collection":[{"href":"https:\/\/www.diarioimagen.net\/index.php?rest_route=\/wp\/v2\/posts"}],"about":[{"href":"https:\/\/www.diarioimagen.net\/index.php?rest_route=\/wp\/v2\/types\/post"}],"author":[{"embeddable":true,"href":"https:\/\/www.diarioimagen.net\/index.php?rest_route=\/wp\/v2\/users\/3"}],"replies":[{"embeddable":true,"href":"https:\/\/www.diarioimagen.net\/index.php?rest_route=%2Fwp%2Fv2%2Fcomments&post=520095"}],"version-history":[{"count":0,"href":"https:\/\/www.diarioimagen.net\/index.php?rest_route=\/wp\/v2\/posts\/520095\/revisions"}],"wp:featuredmedia":[{"embeddable":true,"href":"https:\/\/www.diarioimagen.net\/index.php?rest_route=\/wp\/v2\/media\/520197"}],"wp:attachment":[{"href":"https:\/\/www.diarioimagen.net\/index.php?rest_route=%2Fwp%2Fv2%2Fmedia&parent=520095"}],"wp:term":[{"taxonomy":"category","embeddable":true,"href":"https:\/\/www.diarioimagen.net\/index.php?rest_route=%2Fwp%2Fv2%2Fcategories&post=520095"},{"taxonomy":"post_tag","embeddable":true,"href":"https:\/\/www.diarioimagen.net\/index.php?rest_route=%2Fwp%2Fv2%2Ftags&post=520095"}],"curies":[{"name":"wp","href":"https:\/\/api.w.org\/{rel}","templated":true}]}}