{"id":520104,"date":"2021-09-10T00:01:25","date_gmt":"2021-09-10T05:01:25","guid":{"rendered":"https:\/\/www.diarioimagen.net\/?p=520104"},"modified":"2021-09-10T06:39:45","modified_gmt":"2021-09-10T11:39:45","slug":"la-defensoria-de-derechos-humanos-de-cuautitlan-capacita-a-servidores-publicos","status":"publish","type":"post","link":"https:\/\/www.diarioimagen.net\/?p=520104","title":{"rendered":"La Defensor\u00eda de Derechos Humanos de Cuautitl\u00e1n capacita a servidores p\u00fablicos"},"content":{"rendered":"<p>&nbsp;<\/p>\n<ul>\n<li><strong><em>Para mejorar atenci\u00f3n a ciudadanos<\/em><\/strong><\/li>\n<\/ul>\n<p>&nbsp;<\/p>\n<div id=\"attachment_520215\" style=\"width: 470px\" class=\"wp-caption aligncenter\"><a href=\"https:\/\/www.diarioimagen.net\/?attachment_id=520215\" rel=\"attachment wp-att-520215\"><img loading=\"lazy\" decoding=\"async\" aria-describedby=\"caption-attachment-520215\" class=\"size-full wp-image-520215\" src=\"https:\/\/www.diarioimagen.net\/wp-content\/uploads\/2021\/09\/derechos.jpg\" alt=\"\" width=\"460\" height=\"270\" \/><\/a><p id=\"caption-attachment-520215\" class=\"wp-caption-text\">Capacitaci\u00f3n a servidores p\u00fablicos, como parte de las acciones encaminadas a mejorar las condiciones laborales y de atenci\u00f3n a la ciudadan\u00eda.<\/p><\/div>\n<p>&nbsp;<\/p>\n<p><strong>Cuautitl\u00e1n, Estado de M\u00e9xico.-<\/strong> La Defensor\u00eda de Derechos Humanos de Cuautitl\u00e1n, lleva a cabo el programa de capacitaci\u00f3n a servidores p\u00fablicos, como parte de las acciones encaminadas a mejorar las condiciones laborales y de atenci\u00f3n a la ciudadan\u00eda, se\u00f1al\u00f3 la dependencia.<\/p>\n<p>Estas actividades la capacitaci\u00f3n est\u00e1n enfocadas a generar condiciones aptas para el buen desarrollo de los empleados en las distintas \u00e1reas donde se desempe\u00f1an, a trav\u00e9s de pl\u00e1ticas y din\u00e1micas interactivas para sensibilizarlos acerca de la importancia de establecer una convivencia arm\u00f3nica y de respeto mutuo, para la conformaci\u00f3n de un entorno amable, durante las jornadas de trabajo.<\/p>\n<p>El jefe de la unidad de integraci\u00f3n y cultura de paz de la defensor\u00eda, enfatiz\u00f3 que la impartici\u00f3n de estas pl\u00e1ticas, permiten fomentar una cultura de paz entre los empleados municipales, donde se enaltece el principio b\u00e1sico de los Derechos Humanos, el respeto por el individuo y un trato digno, subray\u00f3<\/p>\n<p>Las pl\u00e1ticas se realizaron en una primera etapa por v\u00eda zoom, para cada una de las \u00e1reas de la administraci\u00f3n municipal debido a las restricciones sanitarias impuestas; ante esto ahora se realizan de forma programada y manteniendo las medidas preventivas sanitarias necesarias.<\/p>\n<p>Y como parte de estas acciones se tiene proyectado realizar pl\u00e1ticas de manera gradual hacia la ciudadan\u00eda para tener mayor alcance, visitando escuelas, comunidades y empresas de la zona con la finalidad de crear una cultura de paz entre los integrantes de la sociedad, una vez que las condiciones sanitarias sean reestablecidas, puntualiz\u00f3 la dependencia municipal.<\/p>\n","protected":false},"excerpt":{"rendered":"<p>La Defensor\u00eda de Derechos Humanos de Cuautitl\u00e1n, lleva a cabo el programa de capacitaci\u00f3n a servidores p\u00fablicos, como parte de las acciones encaminadas a mejorar las condiciones laborales y de atenci\u00f3n a la ciudadan\u00eda, se\u00f1al\u00f3 la dependencia.<\/p>\n","protected":false},"author":3,"featured_media":520215,"comment_status":"open","ping_status":"open","sticky":false,"template":"","format":"standard","meta":{"_monsterinsights_skip_tracking":false,"_monsterinsights_sitenote_active":false,"_monsterinsights_sitenote_note":"","_monsterinsights_sitenote_category":0,"footnotes":""},"categories":[5],"tags":[681,43675,2575],"class_list":["post-520104","post","type-post","status-publish","format-standard","has-post-thumbnail","hentry","category-estado-de-mexico","tag-cuautitlan","tag-estado-de-mexico","tag-servidores-publicos"],"_links":{"self":[{"href":"https:\/\/www.diarioimagen.net\/index.php?rest_route=\/wp\/v2\/posts\/520104","targetHints":{"allow":["GET"]}}],"collection":[{"href":"https:\/\/www.diarioimagen.net\/index.php?rest_route=\/wp\/v2\/posts"}],"about":[{"href":"https:\/\/www.diarioimagen.net\/index.php?rest_route=\/wp\/v2\/types\/post"}],"author":[{"embeddable":true,"href":"https:\/\/www.diarioimagen.net\/index.php?rest_route=\/wp\/v2\/users\/3"}],"replies":[{"embeddable":true,"href":"https:\/\/www.diarioimagen.net\/index.php?rest_route=%2Fwp%2Fv2%2Fcomments&post=520104"}],"version-history":[{"count":0,"href":"https:\/\/www.diarioimagen.net\/index.php?rest_route=\/wp\/v2\/posts\/520104\/revisions"}],"wp:featuredmedia":[{"embeddable":true,"href":"https:\/\/www.diarioimagen.net\/index.php?rest_route=\/wp\/v2\/media\/520215"}],"wp:attachment":[{"href":"https:\/\/www.diarioimagen.net\/index.php?rest_route=%2Fwp%2Fv2%2Fmedia&parent=520104"}],"wp:term":[{"taxonomy":"category","embeddable":true,"href":"https:\/\/www.diarioimagen.net\/index.php?rest_route=%2Fwp%2Fv2%2Fcategories&post=520104"},{"taxonomy":"post_tag","embeddable":true,"href":"https:\/\/www.diarioimagen.net\/index.php?rest_route=%2Fwp%2Fv2%2Ftags&post=520104"}],"curies":[{"name":"wp","href":"https:\/\/api.w.org\/{rel}","templated":true}]}}