{"id":520105,"date":"2021-09-10T00:02:26","date_gmt":"2021-09-10T05:02:26","guid":{"rendered":"https:\/\/www.diarioimagen.net\/?p=520105"},"modified":"2021-09-10T06:41:26","modified_gmt":"2021-09-10T11:41:26","slug":"signa-el-suteym-naucalpan-convenio-de-sueldos-y-prestaciones-socioeconomicas-2021","status":"publish","type":"post","link":"https:\/\/www.diarioimagen.net\/?p=520105","title":{"rendered":"Signa el SUTEyM-Naucalpan convenio de sueldos y prestaciones socioecon\u00f3micas 2021"},"content":{"rendered":"<p>&nbsp;<\/p>\n<ul>\n<li><strong><em>Incremento salarial del 5 por ciento<\/em><\/strong><\/li>\n<\/ul>\n<p>&nbsp;<\/p>\n<div id=\"attachment_520217\" style=\"width: 470px\" class=\"wp-caption aligncenter\"><a href=\"https:\/\/www.diarioimagen.net\/?attachment_id=520217\" rel=\"attachment wp-att-520217\"><img loading=\"lazy\" decoding=\"async\" aria-describedby=\"caption-attachment-520217\" class=\"size-full wp-image-520217\" src=\"https:\/\/www.diarioimagen.net\/wp-content\/uploads\/2021\/09\/naucalpan-3.jpg\" alt=\"\" width=\"460\" height=\"295\" \/><\/a><p id=\"caption-attachment-520217\" class=\"wp-caption-text\">Tom\u00e1s Palomares Parra, l\u00edder del SUTEyM secci\u00f3n Naucalpan y el gobierno que encabeza, la alcaldesa Patricia Elisa Dur\u00e1n signaron el convenio de sueldos y prestaciones socioecon\u00f3micas 2021.<\/p><\/div>\n<p>&nbsp;<\/p>\n<p><strong>Naucalpan, Estado de M\u00e9xico.-<\/strong> El SUTEyM secci\u00f3n Naucalpan, representado por el secretario general, Tom\u00e1s Palomares Parra, y el gobierno municipal que encabeza, la alcaldesa, Patricia Elisa Dur\u00e1n Reveles, signaron el convenio de sueldos y prestaciones socioecon\u00f3micas 2021.<\/p>\n<p>El documento que estableci\u00f3 un incremento salarial del 5 por ciento, con efectos retroactivos al 1 de enero del presente a\u00f1o, es en beneficio de los agremiados y sus familias.\u00a0 El dirigente seccionales dijo que con respecto a las prestaciones colaterales o socioecon\u00f3micas, las mismas se mantienen sin que exista alg\u00fan decremento.<\/p>\n<p>Sin embargo, inform\u00f3 que se crean nuevas categor\u00edas en el tabulador salarial tanto en el ayuntamiento como en el Organismo de Agua Potable, Alcantarillado y Saneamiento (Oapas). El l\u00edder sindical valor\u00f3 el esfuerzo econ\u00f3mico del gobierno local, pese a las condiciones financieras por las que atraviesa el ayuntamiento.<\/p>\n<p>Palomares Parra reiter\u00f3 su disposici\u00f3n y compromiso para continuar coadyuvando de la mano con la administraci\u00f3n municipal, entregar buenas cuentas y resultados a los habitantes de Naucalpan.<\/p>\n<p>Finalmente, reconoci\u00f3 al secretario general del SUTEyM en el estado de M\u00e9xico, Herminio Cahue Calder\u00f3n, su esfuerzo, dedicaci\u00f3n, y solidaridad con el proyecto de continuidad que representa en beneficio de la clase trabajadora en la entidad mexiquense.<\/p>\n","protected":false},"excerpt":{"rendered":"<p>El SUTEyM secci\u00f3n Naucalpan, representado por el secretario general, Tom\u00e1s Palomares Parra, y el gobierno municipal que encabeza, la alcaldesa, Patricia Elisa Dur\u00e1n Reveles, signaron el convenio de sueldos y prestaciones socioecon\u00f3micas 2021.<\/p>\n","protected":false},"author":3,"featured_media":520217,"comment_status":"open","ping_status":"open","sticky":false,"template":"","format":"standard","meta":{"_monsterinsights_skip_tracking":false,"_monsterinsights_sitenote_active":false,"_monsterinsights_sitenote_note":"","_monsterinsights_sitenote_category":0,"footnotes":""},"categories":[5],"tags":[43675,970,93607,2572],"class_list":["post-520105","post","type-post","status-publish","format-standard","has-post-thumbnail","hentry","category-estado-de-mexico","tag-estado-de-mexico","tag-naucalpan","tag-socioeconomicas","tag-suteym"],"_links":{"self":[{"href":"https:\/\/www.diarioimagen.net\/index.php?rest_route=\/wp\/v2\/posts\/520105","targetHints":{"allow":["GET"]}}],"collection":[{"href":"https:\/\/www.diarioimagen.net\/index.php?rest_route=\/wp\/v2\/posts"}],"about":[{"href":"https:\/\/www.diarioimagen.net\/index.php?rest_route=\/wp\/v2\/types\/post"}],"author":[{"embeddable":true,"href":"https:\/\/www.diarioimagen.net\/index.php?rest_route=\/wp\/v2\/users\/3"}],"replies":[{"embeddable":true,"href":"https:\/\/www.diarioimagen.net\/index.php?rest_route=%2Fwp%2Fv2%2Fcomments&post=520105"}],"version-history":[{"count":0,"href":"https:\/\/www.diarioimagen.net\/index.php?rest_route=\/wp\/v2\/posts\/520105\/revisions"}],"wp:featuredmedia":[{"embeddable":true,"href":"https:\/\/www.diarioimagen.net\/index.php?rest_route=\/wp\/v2\/media\/520217"}],"wp:attachment":[{"href":"https:\/\/www.diarioimagen.net\/index.php?rest_route=%2Fwp%2Fv2%2Fmedia&parent=520105"}],"wp:term":[{"taxonomy":"category","embeddable":true,"href":"https:\/\/www.diarioimagen.net\/index.php?rest_route=%2Fwp%2Fv2%2Fcategories&post=520105"},{"taxonomy":"post_tag","embeddable":true,"href":"https:\/\/www.diarioimagen.net\/index.php?rest_route=%2Fwp%2Fv2%2Ftags&post=520105"}],"curies":[{"name":"wp","href":"https:\/\/api.w.org\/{rel}","templated":true}]}}