{"id":520111,"date":"2021-09-10T00:03:51","date_gmt":"2021-09-10T05:03:51","guid":{"rendered":"https:\/\/www.diarioimagen.net\/?p=520111"},"modified":"2021-09-10T06:42:11","modified_gmt":"2021-09-10T11:42:11","slug":"bomberos-de-tlalnepantla-sofocan-incendio-en-agencia-de-autos","status":"publish","type":"post","link":"https:\/\/www.diarioimagen.net\/?p=520111","title":{"rendered":"Bomberos de Tlalnepantla sofocan incendio en agencia de autos"},"content":{"rendered":"<p>&nbsp;<\/p>\n<p><a href=\"https:\/\/www.diarioimagen.net\/?attachment_id=520220\" rel=\"attachment wp-att-520220\"><img loading=\"lazy\" decoding=\"async\" class=\"aligncenter size-full wp-image-520220\" src=\"https:\/\/www.diarioimagen.net\/wp-content\/uploads\/2021\/09\/tlalne-2.jpg\" alt=\"\" width=\"460\" height=\"270\" \/><\/a><\/p>\n<p>&nbsp;<\/p>\n<p><strong>Tlalnepantla, Estado de M\u00e9xico.- <\/strong>Elementos de la Coordinaci\u00f3n Municipal de Protecci\u00f3n Civil de Tlalnepantla extinguieron el incendio de una empresa dedicada a la venta de veh\u00edculos automotrices, ubicada en el fraccionamiento industrial Ni\u00f1os H\u00e9roes.<\/p>\n<p>Donde no se reportaron personas lesionadas. Los \u201cvulcanos\u201d acudieron a la calle Agust\u00edn Melgar n\u00famero 23, donde controlaron el fuego que consumi\u00f3 nueve veh\u00edculos en un \u00e1rea de 200 metros cuadrados.<\/p>\n<p>Posteriormente realizaron la remoci\u00f3n de escombros para dejar el lugar sin riesgo.<\/p>\n","protected":false},"excerpt":{"rendered":"<p>Elementos de la Coordinaci\u00f3n Municipal de Protecci\u00f3n Civil de Tlalnepantla extinguieron el incendio de una empresa dedicada a la venta de veh\u00edculos automotrices, ubicada en el fraccionamiento industrial Ni\u00f1os H\u00e9roes.<\/p>\n","protected":false},"author":3,"featured_media":520220,"comment_status":"open","ping_status":"open","sticky":false,"template":"","format":"standard","meta":{"_monsterinsights_skip_tracking":false,"_monsterinsights_sitenote_active":false,"_monsterinsights_sitenote_note":"","_monsterinsights_sitenote_category":0,"footnotes":""},"categories":[5],"tags":[93608,5249,93609,169],"class_list":["post-520111","post","type-post","status-publish","format-standard","has-post-thumbnail","hentry","category-estado-de-mexico","tag-agencia","tag-autos","tag-estado-de-mexico-incendio","tag-tlalnepantla"],"_links":{"self":[{"href":"https:\/\/www.diarioimagen.net\/index.php?rest_route=\/wp\/v2\/posts\/520111","targetHints":{"allow":["GET"]}}],"collection":[{"href":"https:\/\/www.diarioimagen.net\/index.php?rest_route=\/wp\/v2\/posts"}],"about":[{"href":"https:\/\/www.diarioimagen.net\/index.php?rest_route=\/wp\/v2\/types\/post"}],"author":[{"embeddable":true,"href":"https:\/\/www.diarioimagen.net\/index.php?rest_route=\/wp\/v2\/users\/3"}],"replies":[{"embeddable":true,"href":"https:\/\/www.diarioimagen.net\/index.php?rest_route=%2Fwp%2Fv2%2Fcomments&post=520111"}],"version-history":[{"count":0,"href":"https:\/\/www.diarioimagen.net\/index.php?rest_route=\/wp\/v2\/posts\/520111\/revisions"}],"wp:featuredmedia":[{"embeddable":true,"href":"https:\/\/www.diarioimagen.net\/index.php?rest_route=\/wp\/v2\/media\/520220"}],"wp:attachment":[{"href":"https:\/\/www.diarioimagen.net\/index.php?rest_route=%2Fwp%2Fv2%2Fmedia&parent=520111"}],"wp:term":[{"taxonomy":"category","embeddable":true,"href":"https:\/\/www.diarioimagen.net\/index.php?rest_route=%2Fwp%2Fv2%2Fcategories&post=520111"},{"taxonomy":"post_tag","embeddable":true,"href":"https:\/\/www.diarioimagen.net\/index.php?rest_route=%2Fwp%2Fv2%2Ftags&post=520111"}],"curies":[{"name":"wp","href":"https:\/\/api.w.org\/{rel}","templated":true}]}}