{"id":520122,"date":"2021-09-10T00:00:44","date_gmt":"2021-09-10T05:00:44","guid":{"rendered":"https:\/\/www.diarioimagen.net\/?p=520122"},"modified":"2021-09-10T03:53:41","modified_gmt":"2021-09-10T08:53:41","slug":"dia-mundial-para-la-prevencion-del-suicidio","status":"publish","type":"post","link":"https:\/\/www.diarioimagen.net\/?p=520122","title":{"rendered":"D\u00eda Mundial para la Prevenci\u00f3n del Suicidio"},"content":{"rendered":"<h2>Hora 14<\/h2>\n<h5>Mauricio Conde Olivares<\/h5>\n<p>&nbsp;<\/p>\n<p>En 2020 sucedieron 7 mil 818 fallecimientos por lesiones autoinfligidas en el pa\u00eds, lo que representa 0.7% del total de muertes en el a\u00f1o y una tasa de suicidio de 6.2 por cada 100 mil habitantes.<\/p>\n<p>La tasa de suicidio es m\u00e1s alta en el grupo de j\u00f3venes de 18 a 29 a\u00f1os, ya que se presentan 10.7 decesos por esta causa por cada 100 mil j\u00f3venes.<\/p>\n<p>Para 2018, de la poblaci\u00f3n de 10 a\u00f1os y m\u00e1s, 5% declararon que alguna vez han pensado suicidarse. El suicidio es considerado un problema de salud p\u00fablica que conlleva una tragedia para las familias y para la sociedad.<\/p>\n<p>Estas p\u00e9rdidas pueden prevenirse si se interviene de manera oportuna, por lo que es debido centrarse en la comprensi\u00f3n de estos sucesos para crear estrategias adecuadas de intervenci\u00f3n.<\/p>\n<p>Para esto se instituy\u00f3 el 10 de septiembre como el D\u00eda Mundial para la Prevenci\u00f3n del Suicidio, que insta a fomentar en todo el mundo compromisos y medidas pr\u00e1cticas para prevenirlos.<\/p>\n<p>Con el prop\u00f3sito de contribuir a esta causa, el INEGI ofrece informaci\u00f3n estad\u00edstica actualizada sobre estos hechos, y en esta ocasi\u00f3n, presenta tambi\u00e9n algunos indicadores de ideaci\u00f3n e intentos de suicidio.<\/p>\n<p style=\"text-align: center;\"><strong>PANORAMA ACTUAL DEL SUICIDIO EN M\u00c9XICO<\/strong><\/p>\n<p>Las estad\u00edsticas de mortalidad reportan que, para 2020, del total de fallecimientos en el pa\u00eds (1 069 301), 7 mil 818 fueron por lesiones autoinfligidas, lo que representa 0.7% de las muertes y una tasa de suicidio de 6.2 por cada 100 mil habitantes, superior a la registrada en 2019 de 5.65 %.<\/p>\n<p>Por sexo, de los decesos por esta causa destaca que los hombres tienen una tasa de 10.4 fallecimientos por cada 100 mil (6 383), mientras que esta situaci\u00f3n se presenta en 2.2 de cada 100 mil mujeres (1 427).<\/p>\n<p>El grupo de poblaci\u00f3n de 18 a 29 a\u00f1os presenta la tasa de suicidio m\u00e1s alta: 10.7 decesos por cada 100 mil personas; le sigue el grupo de 30 a 59 a\u00f1os con 7.4 fallecimientos por cada 100 mil.<\/p>\n<p>Las entidades que presentan mayor tasa de fallecimientos por lesiones autoinfligidas (suicidio) por cada 100 mil habitantes son: Chihuahua (14.0), Aguascalientes (11.1) y Yucat\u00e1n (10.2). Por el contrario, Guerrero, Veracruz e Hidalgo presentan las tasas m\u00e1s bajas con 2.0, 3.3 y 3.7, respectivamente.<\/p>\n<p>Las estrategias internacionales parten de la premisa de que el suicidio es prevenible ya que se da como un proceso que inicia con la ideaci\u00f3n (preocupaci\u00f3n autodestructiva, planificaci\u00f3n de un acto letal o deseo de muerte), posteriormente pasa a intentos y, finalmente, a la consumaci\u00f3n.<\/p>\n<p>De acuerdo con la Encuesta Nacional de Salud y Nutrici\u00f3n (ENSANUT) 2018, de la poblaci\u00f3n de 10 a\u00f1os y m\u00e1s, 5% declar\u00f3 que alguna vez ha pensado en suicidarse; esto ocurre en 4% de los hombres y en 6% de las mujeres.<\/p>\n<p>La idea suicida est\u00e1 m\u00e1s presente en las mujeres de 50 a 59 a\u00f1os (8%), seguida por las ni\u00f1as y adolescentes de 10 a 19, las mujeres de 40 a 49 a\u00f1os y las de 60 a\u00f1os y m\u00e1s, los tres grupos con 7 por ciento. En la poblaci\u00f3n masculina, la idea suicida se presenta mayormente en la poblaci\u00f3n de 40 a 49 a\u00f1os (6%), continuado por aquellos que tienen de 30 a 39 y los de 60 a\u00f1os y m\u00e1s, con 5% en cada uno de estos dos \u00faltimos grupos.<\/p>\n<p>Con respecto a la frecuencia de la ideaci\u00f3n suicida, se observa que, de la poblaci\u00f3n de 10 a\u00f1os y m\u00e1s que han pensado suicidarse, 6% lo hace frecuentemente, 5% casi siempre, 34% algunas veces y 54% rara vez. La frecuencia por sexo muestra un comportamiento similar, 59% de los hombres y 51% de las mujeres que han pensado suicidarse lo han pensado rara vez; en tanto que, 35% de las mujeres y 34% de los hombres lo han pensado algunas veces.<\/p>\n<p>En relaci\u00f3n con las autolesiones, 2% de la poblaci\u00f3n de 10 y m\u00e1s a\u00f1os declar\u00f3 que alguna vez, a prop\u00f3sito, se han herido, cortado, intoxicado o hecho da\u00f1o con el fin de quitarse la vida; en las mujeres esta pr\u00e1ctica se ha dado en 3% y en 1% en los hombres.<\/p>\n<p>Al observar las autolesiones por sexo y grupo de edad destaca que 6% de las mujeres de 10 a 19 a\u00f1os y 4% de 20 a 29 a\u00f1os se han hecho algo con el objetivo de quitarse la vida; en los hombres, el mayor porcentaje tambi\u00e9n se presenta en estos grupos de edad (2%).<\/p>\n<p>Por otra parte, le comento que se dice que invertir en bienes ra\u00edces es seguro y confiable, pero qu\u00e9 pasa en tiempos de pandemia, \u00bfcontinuar\u00e1 siendo una buena opci\u00f3n? En M\u00e9xico, el nicho de Real Estate se presenta como una opci\u00f3n estable para aquellos inversionistas, nacionales y extranjeros, que buscan colocar su dinero dentro de un mercado rentable y seguro frente a crisis econ\u00f3micas globales.<\/p>\n<p>En M\u00e9xico los servicios inmobiliarios representan la segunda fuerza econ\u00f3mica con el 11.7%, mientras que el sector de la construcci\u00f3n es la quinta con el 6.1%; la suma de ambas constituir\u00e1 la principal, cobrando mayor visibilidad.<\/p>\n<p>A m\u00e1s de 18 meses del inicio de la pandemia, Jos\u00e9 Carlos Aceves, Vicepresidente de Levy Holding se\u00f1al\u00f3 que \u201ces importante continuar creciendo el sector inmobiliario en M\u00e9xico para retener a los inversionistas nacionales y atraer a los internacionales. Nuestra visi\u00f3n es modernizar y digitalizar la industria inmobiliaria en M\u00e9xico, con la finalidad de crear ciudades inteligentes, que cuenten con tecnolog\u00eda y que a trav\u00e9s de datos recopilados, permita a las personas tener una mejor calidad de vida\u201d.<\/p>\n<p>El segmento de Bienes Ra\u00edces en M\u00e9xico es muy atractivo, tanto para inversionistas como para br\u00f3kers inmobiliarios, por encima de otros destinos como E.U., Centroam\u00e9rica y Latinoam\u00e9rica gracias a las condiciones y pol\u00edticas propias de la econom\u00eda nacional y su blindaje ante escenarios catastr\u00f3ficos que pudiesen impactar las inversiones. Las econom\u00edas emergentes han demostrado fortalezas que brindan confianza para colocar los fondos en pa\u00edses como M\u00e9xico.<\/p>\n<p>\u201cM\u00e9xico se presenta como un mercado seguro y rentable para atraer inversionistas extranjeros ya que, a diferencia de otros pa\u00edses en donde las crisis econ\u00f3micas afectan directamente el valor de los bienes inmuebles, las propiedades en el pa\u00eds no pierden plusval\u00eda incluso frente a las depresiones econ\u00f3micas internacionales\u201d, coment\u00f3 Aceves.<\/p>\n<p>Asimismo, la gran variedad de ciudades y destinos que van desde los coloniales, playas \u2014en el Caribe Mexicano y el Pac\u00edfico\u2014 monta\u00f1as y cosmopolitas, refuerzan lo atractivo que es M\u00e9xico para invertir en Real Estate.<\/p>\n<p>La propuesta de Levy Holding consiste en aportar al sector inmobiliario mexicano un crecimiento inteligente y planeado de las ciudades, considerando a la persona como actor clave y con total entendimiento a sus necesidades, a partir de lo cual se dise\u00f1an y crean espacios y experiencias enfocados a los diferentes estilos de vida.<\/p>\n<p>Ante el cuestionamiento sobre la viabilidad de invertir en tiempos de recuperaci\u00f3n post pandemia, el Vicepresidente de Levy Holding comparte los siguientes puntos para decidir en invertir en Real Estate:<\/p>\n<ol>\n<li>Comprar un bien inmueble, como puede ser una casa, departamento o un terreno, ofrece una garant\u00eda para tiempos de crisis, pues representa una inversi\u00f3n que en el futuro cercano cobrar\u00e1 plusval\u00eda, otorgando seguridad y rendimiento.<\/li>\n<li>Adquiere propiedades que funcionen en comunidad: la fusi\u00f3n de amenidades, distribuci\u00f3n y accesibilidad contribuir\u00e1 a que el espacio que elijas incremente su valor a mediano y largo plazo, pues adem\u00e1s de ser el espacio id\u00f3neo para vivir brindar\u00e1 soluciones en el d\u00eda a d\u00eda, caracter\u00edstica que est\u00e1 cada vez m\u00e1s presente en los desarrollos habitacionales y de trabajo.<\/li>\n<li>El sector de bienes ra\u00edces ofrece m\u00faltiples opciones para invertir, por ejemplo la adquisici\u00f3n de un edificio de apartamentos como proyecto comercial; puedes elegir un destino tur\u00edstico para implementarlo como condohotel.<\/li>\n<li>Ayudas al desarrollo de nuevas ciudades, de espacios urbanos conocidos como Smart Cities, en donde se crea una comunidad sobresaliente por la mezcla de movilidad, salud, seguridad, tratamiento de aguas, generaci\u00f3n de energ\u00eda, comunidad y calidad de vida, desarrollo econ\u00f3mico y vivienda.<\/li>\n<li>Invierte en propuestas inmobiliarias de despachos de arquitectos reconocidos por sus proyectos. Esto dar\u00e1 mayor garant\u00eda de obtener, en un breve periodo, plusval\u00eda y valor sobre tu propiedad derivado de la calidad de los materiales utilizados, del cuidado al Medio Ambiente y sus pr\u00e1cticas de Responsabilidad Social.<\/li>\n<\/ol>\n<p>Finalmente, Levy Holding apuesta por el futuro del sector inmobiliario a trav\u00e9s del desarrollo inteligente de ciudades y la generaci\u00f3n de comunidades conectadas, poniendo a disposici\u00f3n del sector la data necesaria para la toma de decisiones que favorecen al desarrollo planeado y organizado de las ciudades, adem\u00e1s de espacios habitables pensados en las necesidades reales de la comunidad y su evoluci\u00f3n de comportamiento a trav\u00e9s de las generaciones; empero, lo anterior ser\u00e1 motivo de posterior an\u00e1lisis en otra entrega de HORA 14.<\/p>\n<p><em><a href=\"mailto:%20mauricio_conde@msn.com\" target=\"_blank\" rel=\"noopener noreferrer\">mauricioconde59@outlook.com<\/a><\/em><br \/>\n<em><a href=\"https:\/\/twitter.com\/mauconde007\" target=\"_blank\" rel=\"noopener noreferrer\">@mauconde007<\/a> <\/em><br \/>\n<em><a href=\"https:\/\/mauriciocondeblog.wordpress.com\" target=\"_blank\" rel=\"noopener noreferrer\">https:\/\/mauriciocondeblog.wordpress.com<\/a><\/em><\/p>\n","protected":false},"excerpt":{"rendered":"<p><span style=\"color: #005497;\"><strong>Mauricio Conde Olivares<\/strong><\/span><\/p>\n","protected":false},"author":3,"featured_media":0,"comment_status":"open","ping_status":"open","sticky":false,"template":"","format":"standard","meta":{"_monsterinsights_skip_tracking":false,"_monsterinsights_sitenote_active":false,"_monsterinsights_sitenote_note":"","_monsterinsights_sitenote_category":0,"footnotes":""},"categories":[35889],"tags":[43712,43674,44860],"class_list":["post-520122","post","type-post","status-publish","format-standard","hentry","category-mauricio-conde-olivares","tag-mauricio-conde-olivares","tag-opinion","tag-hora-14"],"_links":{"self":[{"href":"https:\/\/www.diarioimagen.net\/index.php?rest_route=\/wp\/v2\/posts\/520122","targetHints":{"allow":["GET"]}}],"collection":[{"href":"https:\/\/www.diarioimagen.net\/index.php?rest_route=\/wp\/v2\/posts"}],"about":[{"href":"https:\/\/www.diarioimagen.net\/index.php?rest_route=\/wp\/v2\/types\/post"}],"author":[{"embeddable":true,"href":"https:\/\/www.diarioimagen.net\/index.php?rest_route=\/wp\/v2\/users\/3"}],"replies":[{"embeddable":true,"href":"https:\/\/www.diarioimagen.net\/index.php?rest_route=%2Fwp%2Fv2%2Fcomments&post=520122"}],"version-history":[{"count":0,"href":"https:\/\/www.diarioimagen.net\/index.php?rest_route=\/wp\/v2\/posts\/520122\/revisions"}],"wp:attachment":[{"href":"https:\/\/www.diarioimagen.net\/index.php?rest_route=%2Fwp%2Fv2%2Fmedia&parent=520122"}],"wp:term":[{"taxonomy":"category","embeddable":true,"href":"https:\/\/www.diarioimagen.net\/index.php?rest_route=%2Fwp%2Fv2%2Fcategories&post=520122"},{"taxonomy":"post_tag","embeddable":true,"href":"https:\/\/www.diarioimagen.net\/index.php?rest_route=%2Fwp%2Fv2%2Ftags&post=520122"}],"curies":[{"name":"wp","href":"https:\/\/api.w.org\/{rel}","templated":true}]}}