{"id":520139,"date":"2021-09-10T00:05:23","date_gmt":"2021-09-10T05:05:23","guid":{"rendered":"https:\/\/www.diarioimagen.net\/?p=520139"},"modified":"2021-09-10T04:03:33","modified_gmt":"2021-09-10T09:03:33","slug":"linea-12-sin-culpables","status":"publish","type":"post","link":"https:\/\/www.diarioimagen.net\/?p=520139","title":{"rendered":"L\u00ednea 12, sin culpables"},"content":{"rendered":"<h2>Perfil de M\u00e9xico<\/h2>\n<h5>Armando R\u00edos Ruiz<\/h5>\n<p>&nbsp;<\/p>\n<p>Una nota period\u00edstica aparecida esta semana expone que en conferencia, Gabriel Regino, abogado del ex director del Proyecto Metro y encargado de la construcci\u00f3n de la L\u00ednea 12, Enrique Horcasitas, afirma que la tragedia de principios de mayo en la que murieron 26, personas pudo evitarse, porque las autoridades sab\u00edan desde diciembre de 2019 del da\u00f1o de la zona colapsada.<\/p>\n<p>\u201cEl primer informe que present\u00f3 la empresa DNV apunt\u00f3 a fallas de construcci\u00f3n de la L\u00ednea 12, pero en el presentado hoy (martes) podemos afirmar de manera t\u00e9cnica y legalmente que la tragedia ocurrida el 3 de mayo de 2021 pudo ser evitada y debi\u00f3 serlo\u201d, afirm\u00f3.<\/p>\n<p>Lo anterior implica sin reserva de ninguna clase, la negligencia de las autoridades del gobierno de la Ciudad de M\u00e9xico encabezado por la se\u00f1ora Claudia Sheinbaum y por la entonces directora del Sistema de Transporte Colectivo, Florencia Serran\u00eda, quien lleg\u00f3 s\u00f3lo a cobrar un salario jugoso por ser muy cercana al Presidente, pero quien jam\u00e1s exhibi\u00f3 la m\u00ednima preocupaci\u00f3n por el estado de la instituci\u00f3n a su cargo.<\/p>\n<p>Como todos los \u201cfloreros\u201d que hoy conocemos, seguramente pens\u00f3 que todo era cuesti\u00f3n de ocupar el cargo y sentarse a recibir sin mover un dedo, Sin preocupaci\u00f3n de ninguna \u00edndole por conocer las condiciones de trabajo mec\u00e1nicas. Sin necesidad de preguntar a los conocedores del ramo, que s\u00ed mostraron siempre inquietud y nerviosismo por el estado de salud, principalmente del tramo colapsado.<\/p>\n<p>Que inclusive dieron aviso oportuno a las autoridades, pero no fueron escuchados. \u00bfA qui\u00e9n responsabilizar ahora? \u00bfA quien se espera sea convertida en candidata a la Presidencia y es preferible cuidar, porque es mejor esperar la designaci\u00f3n a hacerla pagar un descuido que cost\u00f3 vidas humanas? \u00bfEso para qu\u00e9 sirve? Nuestro Presidente parece pensar que somos muchos y hasta hay que ayudar para desmexicanizar el pa\u00eds lo m\u00e1s que sea posible.<\/p>\n<p>A la se\u00f1ora Serran\u00eda ya se le permiti\u00f3 renunciar e irse c\u00f3modamente a qui\u00e9n sabe ad\u00f3nde, temerosa de que la justicia la alcance. No deber\u00eda preocuparse. En este momento, quien goza de la cercan\u00eda del que manda no puede ser obligado a pagar por ning\u00fan mal que haya hecho.<\/p>\n<p>Las autoridades del Gobierno de la Ciudad de M\u00e9xico se negaron a escuchar en todo momento. El mismo vecindario dio muestras constantes de preocupaci\u00f3n durante mucho tiempo, debido a que el rechinar provocado por el roce de fierro con fierro anunci\u00f3 el desastre, al grado de que muchos dejaron de usar de plano el servicio.<\/p>\n<p>Conozco a habitantes del rumbo que mejor prefirieron ir a dejar y a recoger\u00a0 a sus familiares a sus trabajos y a sus escuelas, que utilizar el Metro, ante el temor justificado de un accidente, como ocurri\u00f3 finalmente el\u00a0 3 de mayo pasado. No era necesario ser t\u00e9cnico ni conocedor. Pero la incapacidad de nuestros gobernantes no tiene l\u00edmites. Por lo menos las se\u00f1oras Sheinbaum y Serran\u00eda merecen un castigo muy justificado.<\/p>\n<p>Obviamente, tambi\u00e9n lo merece Marcelo Ebrard, Causante desde el principio de todo este fat\u00eddico acontecimiento. Principal promotor de la tragedia, desde la construcci\u00f3n misma de la L\u00ednea 12, hecha con el af\u00e1n de cobrar dividendos incalculables para el bolsillo personal, que le vali\u00f3 la expatriaci\u00f3n a la cuna de sus ancestros para burlar la c\u00e1rcel y que hoy tambi\u00e9n es serio aspirante a arribar a la Presidencia.<\/p>\n<p>Pero me he referido a inalcanzables de la justicia. Fuertes como el roble. Pero sobre todo, con un manto protector de alguien que no es Dios, pero que en un pa\u00eds como M\u00e9xico opera como tal. Que s\u00f3lo puede ser superado por una sola entidad, si opera el milagro de aceptar en su dura cabeza que las d\u00e1divas no provienen de un bolsillo ni de la generosidad de nadie, sino de la estrategia de mantener a muchos maiceados como animales para aprovecharse de ellos.<\/p>\n<p><a href=\"mailto:ariosruiz@gmail.com\" target=\"_blank\" rel=\"noopener noreferrer\"><em>ariosruiz@gmail.com<\/em><\/a><\/p>\n","protected":false},"excerpt":{"rendered":"<p><span style=\"color: #005497;\"><strong>Armando R\u00edos Ruiz<\/strong><\/span><\/p>\n","protected":false},"author":3,"featured_media":0,"comment_status":"open","ping_status":"open","sticky":false,"template":"","format":"standard","meta":{"_monsterinsights_skip_tracking":false,"_monsterinsights_sitenote_active":false,"_monsterinsights_sitenote_note":"","_monsterinsights_sitenote_category":0,"footnotes":""},"categories":[88405],"tags":[88407,43674,91193],"class_list":["post-520139","post","type-post","status-publish","format-standard","hentry","category-armando-rios-ruiz","tag-armando-rios-ruiz","tag-opinion","tag-perfil-de-mexico"],"_links":{"self":[{"href":"https:\/\/www.diarioimagen.net\/index.php?rest_route=\/wp\/v2\/posts\/520139","targetHints":{"allow":["GET"]}}],"collection":[{"href":"https:\/\/www.diarioimagen.net\/index.php?rest_route=\/wp\/v2\/posts"}],"about":[{"href":"https:\/\/www.diarioimagen.net\/index.php?rest_route=\/wp\/v2\/types\/post"}],"author":[{"embeddable":true,"href":"https:\/\/www.diarioimagen.net\/index.php?rest_route=\/wp\/v2\/users\/3"}],"replies":[{"embeddable":true,"href":"https:\/\/www.diarioimagen.net\/index.php?rest_route=%2Fwp%2Fv2%2Fcomments&post=520139"}],"version-history":[{"count":0,"href":"https:\/\/www.diarioimagen.net\/index.php?rest_route=\/wp\/v2\/posts\/520139\/revisions"}],"wp:attachment":[{"href":"https:\/\/www.diarioimagen.net\/index.php?rest_route=%2Fwp%2Fv2%2Fmedia&parent=520139"}],"wp:term":[{"taxonomy":"category","embeddable":true,"href":"https:\/\/www.diarioimagen.net\/index.php?rest_route=%2Fwp%2Fv2%2Fcategories&post=520139"},{"taxonomy":"post_tag","embeddable":true,"href":"https:\/\/www.diarioimagen.net\/index.php?rest_route=%2Fwp%2Fv2%2Ftags&post=520139"}],"curies":[{"name":"wp","href":"https:\/\/api.w.org\/{rel}","templated":true}]}}