{"id":520240,"date":"2021-09-13T00:05:34","date_gmt":"2021-09-13T05:05:34","guid":{"rendered":"https:\/\/www.diarioimagen.net\/?p=520240"},"modified":"2021-09-14T08:41:09","modified_gmt":"2021-09-14T13:41:09","slug":"participan-estudiantes-de-la-uaem-en-rally-universitario-de-cine-con-el-filme-remedios","status":"publish","type":"post","link":"https:\/\/www.diarioimagen.net\/?p=520240","title":{"rendered":"Participan estudiantes de la UAEM en Rally Universitario de cine con el filme <em>\u00a1Remedios!<\/em>"},"content":{"rendered":"<p><em>\u00a0<\/em><\/p>\n<ul>\n<li><strong>A partir del 21 de septiembre en San Miguel de Allende, donde los participantes tendr\u00e1n 48 horas para filmar y editar su cortometraje, el cual ser\u00e1 proyectado el 23 de septiembre como parte de las actividades del Festival Internacional de Cine de Guanajuato<\/strong><\/li>\n<\/ul>\n<p><strong>\u00a0<\/strong><\/p>\n<div id=\"attachment_520342\" style=\"width: 470px\" class=\"wp-caption aligncenter\"><a href=\"https:\/\/www.diarioimagen.net\/?attachment_id=520342\" rel=\"attachment wp-att-520342\"><img loading=\"lazy\" decoding=\"async\" aria-describedby=\"caption-attachment-520342\" class=\"size-full wp-image-520342\" src=\"https:\/\/www.diarioimagen.net\/wp-content\/uploads\/2021\/09\/uaem-8.jpg\" alt=\"\" width=\"460\" height=\"270\" \/><\/a><p id=\"caption-attachment-520342\" class=\"wp-caption-text\">El productor del filme y alumno de la Licenciatura en Estudios Cinematogr\u00e1ficos, Aar\u00f3n Cabrera Hern\u00e1ndez, detall\u00f3 que, debido a la contingencia sanitaria por la Covid-19, el evento tuvo que posponerse un a\u00f1o.<\/p><\/div>\n<p>&nbsp;<\/p>\n<p><strong>Toluca, Estado de M\u00e9xico-<\/strong> Estudiantes de la Escuela de Artes Esc\u00e9nicas de la Universidad Aut\u00f3noma del Estado de M\u00e9xico (UAEM) participar\u00e1n en el 12\u00ba Rally Universitario del Festival Internacional de Cine de Guanajuato con el cortometraje \u201c\u00a1Remedios!\u201d.<\/p>\n<p>En entrevista, el productor del filme y alumno de la Licenciatura en Estudios Cinematogr\u00e1ficos, Aar\u00f3n Cabrera Hern\u00e1ndez, detall\u00f3 que, debido a la contingencia sanitaria por la Covie-19, el evento tuvo que posponerse un a\u00f1o.<\/p>\n<p>Destac\u00f3 que el equipo est\u00e1 conformado por diez alumnos de este organismo acad\u00e9mico y subray\u00f3 que fueron seleccionados entre m\u00e1s de 200 proyectos de instituciones de educaci\u00f3n superior del pa\u00eds. Detall\u00f3 que hubo una preselecci\u00f3n de 25 trabajos, de los cuales se eligieron a seis finalistas.<\/p>\n<p>Cabe destacar que competir\u00e1n con equipos de las universidades aut\u00f3nomas de San Luis Potos\u00ed, Quer\u00e9taro y Baja California, as\u00ed como de la Universidad Iberoamericana Torre\u00f3n y de la Universidad de Celaya.<\/p>\n<p>Por otro lado, refiri\u00f3 que realizaron una campa\u00f1a de fondeo, en la cual lograron recaudar m\u00e1s de 60 mil pesos para cubrir gastos de producci\u00f3n, as\u00ed como vi\u00e1ticos para los integrantes del equipo.\u00a0\u00a0 En el marco del Rally, los participantes recibieron asesor\u00edas presenciales en San Miguel de Allende, Guanajuato, sin embargo, los talleres fueron retomados de manera virtual en atenci\u00f3n a las medidas sanitarias.<\/p>\n<p>El evento se llevar\u00e1 a cabo a partir del 21 de septiembre en San Miguel de Allende, donde los participantes tendr\u00e1n 48 horas para filmar y editar su cortometraje, el cual ser\u00e1 proyectado el 23 de septiembre como parte de las actividades del Festival Internacional de Cine de Guanajuato.<\/p>\n<p>\u201c\u00a1Remedios!\u201d cuenta la historia de una joven que vive su despertar sexual. Trata acerca de una ni\u00f1a de 16 a\u00f1os, de una familia conservadora y estricta, que inicia la exploraci\u00f3n de su sexualidad.<\/p>\n<p>Finalmente, subray\u00f3 que han recibido apoyo de la Comisi\u00f3n de Derechos Humanos del Estado de M\u00e9xico, del Instituto Mexiquense de la Juventud, as\u00ed como de m\u00e1s de 70 colaboradores de M\u00e9xico, Estados Unidos, Australia, B\u00e9lgica, Gran Breta\u00f1a y Nueva Zelanda.<\/p>\n","protected":false},"excerpt":{"rendered":"<p>Estudiantes de la Escuela de Artes Esc\u00e9nicas de la Universidad Aut\u00f3noma del Estado de M\u00e9xico (UAEM) participar\u00e1n en el 12\u00ba Rally Universitario del Festival Internacional de Cine de Guanajuato con el cortometraje \u201c\u00a1Remedios!\u201d.<\/p>\n","protected":false},"author":3,"featured_media":520342,"comment_status":"open","ping_status":"open","sticky":false,"template":"","format":"standard","meta":{"_monsterinsights_skip_tracking":false,"_monsterinsights_sitenote_active":false,"_monsterinsights_sitenote_note":"","_monsterinsights_sitenote_category":0,"footnotes":""},"categories":[5],"tags":[43675,13961,452,1491],"class_list":["post-520240","post","type-post","status-publish","format-standard","has-post-thumbnail","hentry","category-estado-de-mexico","tag-estado-de-mexico","tag-remedios","tag-toluca","tag-uaem"],"_links":{"self":[{"href":"https:\/\/www.diarioimagen.net\/index.php?rest_route=\/wp\/v2\/posts\/520240","targetHints":{"allow":["GET"]}}],"collection":[{"href":"https:\/\/www.diarioimagen.net\/index.php?rest_route=\/wp\/v2\/posts"}],"about":[{"href":"https:\/\/www.diarioimagen.net\/index.php?rest_route=\/wp\/v2\/types\/post"}],"author":[{"embeddable":true,"href":"https:\/\/www.diarioimagen.net\/index.php?rest_route=\/wp\/v2\/users\/3"}],"replies":[{"embeddable":true,"href":"https:\/\/www.diarioimagen.net\/index.php?rest_route=%2Fwp%2Fv2%2Fcomments&post=520240"}],"version-history":[{"count":0,"href":"https:\/\/www.diarioimagen.net\/index.php?rest_route=\/wp\/v2\/posts\/520240\/revisions"}],"wp:featuredmedia":[{"embeddable":true,"href":"https:\/\/www.diarioimagen.net\/index.php?rest_route=\/wp\/v2\/media\/520342"}],"wp:attachment":[{"href":"https:\/\/www.diarioimagen.net\/index.php?rest_route=%2Fwp%2Fv2%2Fmedia&parent=520240"}],"wp:term":[{"taxonomy":"category","embeddable":true,"href":"https:\/\/www.diarioimagen.net\/index.php?rest_route=%2Fwp%2Fv2%2Fcategories&post=520240"},{"taxonomy":"post_tag","embeddable":true,"href":"https:\/\/www.diarioimagen.net\/index.php?rest_route=%2Fwp%2Fv2%2Ftags&post=520240"}],"curies":[{"name":"wp","href":"https:\/\/api.w.org\/{rel}","templated":true}]}}