{"id":520256,"date":"2021-09-13T00:04:38","date_gmt":"2021-09-13T05:04:38","guid":{"rendered":"https:\/\/www.diarioimagen.net\/?p=520256"},"modified":"2021-09-13T05:22:09","modified_gmt":"2021-09-13T10:22:09","slug":"rescatan-a-61-inmigrantes-que-eran-trasladados-en-un-trailer-en-huixquilucan","status":"publish","type":"post","link":"https:\/\/www.diarioimagen.net\/?p=520256","title":{"rendered":"Rescatan a 61 inmigrantes que eran trasladados en un tr\u00e1iler en Huixquilucan"},"content":{"rendered":"<p>&nbsp;<\/p>\n<ul>\n<li><strong><em>A la altura de la colonia El Arenal<\/em><\/strong><\/li>\n<\/ul>\n<p>&nbsp;<\/p>\n<div id=\"attachment_520376\" style=\"width: 470px\" class=\"wp-caption aligncenter\"><a href=\"https:\/\/www.diarioimagen.net\/?attachment_id=520376\" rel=\"attachment wp-att-520376\"><img loading=\"lazy\" decoding=\"async\" aria-describedby=\"caption-attachment-520376\" class=\"size-full wp-image-520376\" src=\"https:\/\/www.diarioimagen.net\/wp-content\/uploads\/2021\/09\/huix-6.jpg\" alt=\"\" width=\"460\" height=\"270\" \/><\/a><p id=\"caption-attachment-520376\" class=\"wp-caption-text\">Elementos del Grupo SERO rescataron a 61 migrantes centroamericanos que eran trasladados de manera oculta dentro de la caja de un tr\u00e1iler.<\/p><\/div>\n<p>&nbsp;<\/p>\n<p><strong>Huixquilucan, Estado de M\u00e9xico.-<\/strong> Como parte de los operativos nocturnos de vigilancia y supervisi\u00f3n de carreteras y caminos que se realizan todos los d\u00edas en el municipio, elementos del Grupo SERO de la Direcci\u00f3n General de Seguridad P\u00fablica y Vialidad de Huixquilucan rescataron a 61 migrantes centroamericanos que eran trasladados de manera oculta dentro de la caja de un tr\u00e1iler que circulaba por el territorio.<\/p>\n<p>El director de Seguridad P\u00fablica y Vialidad, Luis Antonio Alarc\u00f3n Mart\u00ednez, inform\u00f3 que minutos despu\u00e9s de la medianoche del viernes 10 de septiembre, los elementos se percataron de la presencia de un tr\u00e1iler tipo Kenworth, con placas de circulaci\u00f3n del servicio p\u00fablico federal y con una caja tipo refrigerador color blanca, estacionado sobre la avenida R\u00edo Hondo-Huixquilucan, a la altura de la colonia El Arenal, con la presencia de personas ajenas al lugar.<\/p>\n<p>Ante la actitud sospechosa de los sujetos, los elementos del Grupo SERO les solicitaron llevar a cabo una revisi\u00f3n de rutina, misma que deriv\u00f3 en el descubrimiento de los 61 migrantes en la caja del tr\u00e1iler.<\/p>\n<p>El comisario de la Direcci\u00f3n de Seguridad P\u00fablica detall\u00f3 que, en el lugar, fueron rescatados 55 migrantes de nacionalidad guatemalteca, tres, ecuatoriana; dos, provenientes de Honduras y uno m\u00e1s de El Salvador, de los cuales 49 son hombres y siete mujeres, todos adultos, adem\u00e1s de tres menores varones y dos menores del sexo femenino.<\/p>\n<p>Los migrantes centroamericanos, los responsables, as\u00ed como la unidad en la cual eran transportados, fueron puestos a disposici\u00f3n del Ministerio P\u00fablico Federal, con sede en Naucalpan, donde se determinar\u00e1 su situaci\u00f3n jur\u00eddica y migratoria.<\/p>\n","protected":false},"excerpt":{"rendered":"<p>Como parte de los operativos nocturnos de vigilancia y supervisi\u00f3n de carreteras y caminos que se realizan todos los d\u00edas en el municipio, elementos del Grupo SERO de la Direcci\u00f3n General de Seguridad P\u00fablica y Vialidad de Huixquilucan rescataron a 61 migrantes centroamericanos que eran trasladados de manera oculta dentro de la caja de un tr\u00e1iler que circulaba por el territorio.<\/p>\n","protected":false},"author":3,"featured_media":520376,"comment_status":"open","ping_status":"open","sticky":false,"template":"","format":"standard","meta":{"_monsterinsights_skip_tracking":false,"_monsterinsights_sitenote_active":false,"_monsterinsights_sitenote_note":"","_monsterinsights_sitenote_category":0,"footnotes":""},"categories":[5],"tags":[43675,1097,728,2173,93617],"class_list":["post-520256","post","type-post","status-publish","format-standard","has-post-thumbnail","hentry","category-estado-de-mexico","tag-estado-de-mexico","tag-huixquilucan","tag-rescate","tag-trailer","tag-trasladados"],"_links":{"self":[{"href":"https:\/\/www.diarioimagen.net\/index.php?rest_route=\/wp\/v2\/posts\/520256","targetHints":{"allow":["GET"]}}],"collection":[{"href":"https:\/\/www.diarioimagen.net\/index.php?rest_route=\/wp\/v2\/posts"}],"about":[{"href":"https:\/\/www.diarioimagen.net\/index.php?rest_route=\/wp\/v2\/types\/post"}],"author":[{"embeddable":true,"href":"https:\/\/www.diarioimagen.net\/index.php?rest_route=\/wp\/v2\/users\/3"}],"replies":[{"embeddable":true,"href":"https:\/\/www.diarioimagen.net\/index.php?rest_route=%2Fwp%2Fv2%2Fcomments&post=520256"}],"version-history":[{"count":0,"href":"https:\/\/www.diarioimagen.net\/index.php?rest_route=\/wp\/v2\/posts\/520256\/revisions"}],"wp:featuredmedia":[{"embeddable":true,"href":"https:\/\/www.diarioimagen.net\/index.php?rest_route=\/wp\/v2\/media\/520376"}],"wp:attachment":[{"href":"https:\/\/www.diarioimagen.net\/index.php?rest_route=%2Fwp%2Fv2%2Fmedia&parent=520256"}],"wp:term":[{"taxonomy":"category","embeddable":true,"href":"https:\/\/www.diarioimagen.net\/index.php?rest_route=%2Fwp%2Fv2%2Fcategories&post=520256"},{"taxonomy":"post_tag","embeddable":true,"href":"https:\/\/www.diarioimagen.net\/index.php?rest_route=%2Fwp%2Fv2%2Ftags&post=520256"}],"curies":[{"name":"wp","href":"https:\/\/api.w.org\/{rel}","templated":true}]}}