{"id":520280,"date":"2021-09-13T00:05:52","date_gmt":"2021-09-13T05:05:52","guid":{"rendered":"https:\/\/www.diarioimagen.net\/?p=520280"},"modified":"2021-09-13T02:28:45","modified_gmt":"2021-09-13T07:28:45","slug":"delfina-mucha-medicina","status":"publish","type":"post","link":"https:\/\/www.diarioimagen.net\/?p=520280","title":{"rendered":"Delfina, mucha medicina"},"content":{"rendered":"<h2>Perfil de M\u00e9xico<\/h2>\n<h5>Armando R\u00edos Ruiz<\/h5>\n<p>&nbsp;<\/p>\n<p>La semana pasada, el Presidente defendi\u00f3 a la maestra Delfina G\u00f3mez, secretaria de Educaci\u00f3n, contra todo, de la multa que le impuso el INE por haber cobrado un diezmo a los empleados del ayuntamiento, cuando fungi\u00f3 como presidente municipal de Texcoco, para financiar su campa\u00f1a para diputada, con la afirmaci\u00f3n de que es incapaz. De que es una mujer decente, que jam\u00e1s cometer\u00eda un acto de corrupci\u00f3n. Con una trayectoria envidiablemente limpia.<\/p>\n<p>Asegur\u00f3 que el INE carece de pruebas y que presidente y consejero, respectivamente, Lorenzo C\u00f3rdova y Ciro Murayama, cabalgan en la idea de que la calumnia cuando no mancha, tizna, raz\u00f3n por la que promovieron una sanci\u00f3n basada en suposiciones. Adem\u00e1s apost\u00f3 a que la sanci\u00f3n no avanzar\u00eda y ser\u00eda rechazada en el Tribunal Electoral.<\/p>\n<p>En declaraciones anteriores sostuvo que la multa obedec\u00eda al prurito de atajar a la maestra rumbo a las elecciones para del gobierno del Estado de M\u00e9xico. Seguramente, con el papelote de florero, igual que todo el gabinete de Morena, desempe\u00f1ado en Educaci\u00f3n P\u00fablica, en donde han sido notorios sus aciertos, los electores esperan con ansias su candidatura para volcarse en las urnas a depositar el voto a su favor.<\/p>\n<p>Antes de las elecciones de 2018, el hoy mandatario tambi\u00e9n exhibi\u00f3 un video titulado \u201cSiempre hemos salido de la calumnia ilesos\u201d, en alusi\u00f3n al poema del poeta veracruzano Salvador D\u00edaz Mir\u00f3n, en el que afirm\u00f3 que a la diputada Eva Cadena le pusieron una trampa cuando le entregaban dinero, que consist\u00eda en mencionarle en ese momento, que era para Andr\u00e9s Manuel.<\/p>\n<p>Entonces ide\u00f3 el argumento de que sus enemigos estaban preocupados porque Morena crec\u00eda mucho y dijo que le recordaba los tiempos cuando en Televisa se dio a conocer el video donde Ahumada le daba dinero a Bejarano. \u201cEs parte de la estrategia perversa de la mafia del poder\u2026 imag\u00ednense, yo recibiendo 500 mil pesos, si se tratara de eso, yo ser\u00eda inmensamente rico, millonario, tendr\u00eda yo bienes en M\u00e9xico, en el extranjero. Porque lo que yo pidiera, me lo dar\u00edan.<\/p>\n<p>Respecto a Eva Cadena, se conoci\u00f3 que se hac\u00eda responsable de las d\u00e1divas de efectivo y hasta renunci\u00f3 a su candidatura al municipio de Las Choapas, Veracruz. Quienes la conocen mencionaron que fue obligada a deponer su aspiraci\u00f3n y hasta a perder la amistad con el due\u00f1o de Morena.<\/p>\n<p>En 2017, el columnista de <em>El Universal<\/em>, H\u00e9ctor de Maule\u00f3n, uno de los m\u00e1s serios investigadores -volvi\u00f3 a repetirlo en septiembre pasado-, public\u00f3 que la maestra Delfina invit\u00f3 a varios periodistas (al \u00e9l) a una cena en la que les afirm\u00f3 que sus empleados le solicitaron les descontara el sueldo para apoyar programas sociales relacionados con la ni\u00f1ez y las comunidades ind\u00edgenas. Que la se\u00f1ora, que por cierto no es chistosa, no me haga re\u00edr, porque tengo los labios partidos.<\/p>\n<p>Aqu\u00ed est\u00e1 precisamente el meollo del asunto: el Presidente dice que por ning\u00fan motivo es cierto. La se\u00f1ora admiti\u00f3 que los empleados a quienes el salario apenas les alcanza para medio comer le ofrecieron su sueldo, que seguramente ocurri\u00f3 por primera vez en la historia de M\u00e9xico, porque nadie regala lo que devenga, porque lo quiere para su familia. Por otro lado, hay un periodista muy cre\u00edble y aun as\u00ed, \u00bfquieren que les crean? Pues que lo hagan los chairos.<\/p>\n<p>Los inteligentes, siempre mal pensados, apuestan no s\u00f3lo a que el dinero haya sido para la maestra. Tambi\u00e9n a que ha sido el modus operandi del tabasque\u00f1o, que as\u00ed ha financiado toda su vida las campa\u00f1as pol\u00edticas, que no cuestan cualquier cosa. Con un ej\u00e9rcito de gente que ha cre\u00eddo en su movimiento. Ah\u00ed est\u00e1n los videos de sus hermanos y otros allegados.<\/p>\n<p><strong>UN PUNTOTE Y APARTE. <\/strong>Felicitaciones bien ganadas para Jes\u00fas Salda\u00f1a H., director de Informaci\u00f3n del Tribunal Federal de Justicia Administrativa que preside el magistrado Rafael Anzures Uribe, por el merecido reconocimiento otorgado por el Club Primera Plana, por su trayectoria de nada menos 55 a\u00f1os de servicios profesionales. Reportero incansable de <em>El Heraldo de M\u00e9xico<\/em>.<\/p>\n<p><a href=\"mailto:ariosruiz@gmail.com\" target=\"_blank\" rel=\"noopener noreferrer\"><em>ariosruiz@gmail.com<\/em><\/a><\/p>\n","protected":false},"excerpt":{"rendered":"<p><span style=\"color: #005497;\"><strong>Armando R\u00edos Ruiz<\/strong><\/span><\/p>\n","protected":false},"author":3,"featured_media":0,"comment_status":"open","ping_status":"open","sticky":false,"template":"","format":"standard","meta":{"_monsterinsights_skip_tracking":false,"_monsterinsights_sitenote_active":false,"_monsterinsights_sitenote_note":"","_monsterinsights_sitenote_category":0,"footnotes":""},"categories":[88405],"tags":[88407,43674,91193],"class_list":["post-520280","post","type-post","status-publish","format-standard","hentry","category-armando-rios-ruiz","tag-armando-rios-ruiz","tag-opinion","tag-perfil-de-mexico"],"_links":{"self":[{"href":"https:\/\/www.diarioimagen.net\/index.php?rest_route=\/wp\/v2\/posts\/520280","targetHints":{"allow":["GET"]}}],"collection":[{"href":"https:\/\/www.diarioimagen.net\/index.php?rest_route=\/wp\/v2\/posts"}],"about":[{"href":"https:\/\/www.diarioimagen.net\/index.php?rest_route=\/wp\/v2\/types\/post"}],"author":[{"embeddable":true,"href":"https:\/\/www.diarioimagen.net\/index.php?rest_route=\/wp\/v2\/users\/3"}],"replies":[{"embeddable":true,"href":"https:\/\/www.diarioimagen.net\/index.php?rest_route=%2Fwp%2Fv2%2Fcomments&post=520280"}],"version-history":[{"count":0,"href":"https:\/\/www.diarioimagen.net\/index.php?rest_route=\/wp\/v2\/posts\/520280\/revisions"}],"wp:attachment":[{"href":"https:\/\/www.diarioimagen.net\/index.php?rest_route=%2Fwp%2Fv2%2Fmedia&parent=520280"}],"wp:term":[{"taxonomy":"category","embeddable":true,"href":"https:\/\/www.diarioimagen.net\/index.php?rest_route=%2Fwp%2Fv2%2Fcategories&post=520280"},{"taxonomy":"post_tag","embeddable":true,"href":"https:\/\/www.diarioimagen.net\/index.php?rest_route=%2Fwp%2Fv2%2Ftags&post=520280"}],"curies":[{"name":"wp","href":"https:\/\/api.w.org\/{rel}","templated":true}]}}