{"id":520293,"date":"2021-09-13T00:08:13","date_gmt":"2021-09-13T05:08:13","guid":{"rendered":"https:\/\/www.diarioimagen.net\/?p=520293"},"modified":"2021-09-13T02:41:33","modified_gmt":"2021-09-13T07:41:33","slug":"a-los-defensores-de-los-indigenas-les-da-lo-mismo-olmeca-que-nahuatl","status":"publish","type":"post","link":"https:\/\/www.diarioimagen.net\/?p=520293","title":{"rendered":"A los \u201cdefensores\u201d de los ind\u00edgenas les da lo mismo olmeca que n\u00e1huatl"},"content":{"rendered":"<h2>Clase Pol\u00edtica<\/h2>\n<h5>Miguel \u00c1ngel Rivera<\/h5>\n<p>&nbsp;<\/p>\n<p>La mayor parte de las fuentes hist\u00f3ricas sostienen que Crist\u00f3bal Col\u00f3n muri\u00f3 sin saber que hab\u00eda descubierto un nuevo continente y su \u201ccastigo\u201d fue que estas \u201cnuevas tierras\u201d no llevan su nombre, sino el de un cart\u00f3grafo, Am\u00e9rico Vespucio, que el fue el primero en dar a conocer la conformaci\u00f3n de este enorme territorio que est\u00e1 entre Europa y el extremo occidental de Asia.<\/p>\n<p>Tambi\u00e9n hay versiones en el sentido de que lo que ahora conocemos como Am\u00e9rica fue visitada por navegantes de otras regiones del mundo, pero lo importante de los viajes de Col\u00f3n fue que un invento, entonces novedoso en la Europa Occidental, la imprenta, hizo posible que el \u201cdescubrimiento\u201d se hiciera popular en un corto plazo.<\/p>\n<p>Otro factor muy importante es que el entonces poderoso terrenalmente Papa Alejandro VI, nacido Rodrigo Borja -quien es m\u00e1s popular por los muchos chismes de alcoba durante su reinado- aprob\u00f3 el famoso Tratado de Tordesillas, por el cual los reinos cat\u00f3licos de Portugal y Espa\u00f1a (entonces s\u00f3lo Castilla, Le\u00f3n y Arag\u00f3n) se repartieron la tierra reci\u00e9n conocida y, de hecho, impusieron su influencia sobre todo el mundo.<\/p>\n<p>Para el mundo hispanoamericano, el 12 de octubre tuvo un impacto importante, aunque diferenciado. El d\u00eda nacional de Espa\u00f1a se celebra esa fecha, mientras que en Am\u00e9rica se recuerda como el inicio de una agresi\u00f3n, la Conquista o como el punto de partida para el surgimiento de nuevas nacionalidades.<\/p>\n<p>En M\u00e9xico, durante mucho tiempo se conoci\u00f3 como el D\u00eda de la Raza y se celebraba en forma privada, aunque el gobierno lo convirti\u00f3 en d\u00eda festivo, aunque no descanso obligatorio.<\/p>\n<p>En ese trayecto, surgi\u00f3 la idea de colocar una estatua, en el Paseo de la Reforma, pero tuvo una mala influencia, uno de los promotores fue el segundo emperador de M\u00e9xico, Maximiliano. A la ca\u00edda del imperio, rescat\u00f3 el proyecto uno de los m\u00e1s ricos empresarios del porfiriato, Antonio Escand\u00f3n y Garmendia.<\/p>\n<p>Finalmente, la estatua de Col\u00f3n fue aceptada por la sociedad capitalina, aunque a veces ese monumento era centro para protestas particulares, en particular de algunos grupos que ven la llegada de los espa\u00f1oles como un proceso de explotaci\u00f3n y de sojuzgamiento de las culturas ind\u00edgenas, aunque en lo que se llam\u00f3 luego la Nueva Espa\u00f1a y finalmente M\u00e9xico, aunque no hab\u00eda unidad de todos los pueblos aut\u00f3ctonos. De hecho, varios de ellos fueron aliados de Hern\u00e1n Cort\u00e9s y sus soldados, para derrotar al odiado imperio mexica.<\/p>\n<p>Como ha sucedido en casi todas las naciones, la evoluci\u00f3n de lo que ahora conocemos como M\u00e9xico fue una lucha de diversas corrientes pol\u00edticas que interpretaban o interpretan el mismo suceso desde diferentes perspectivas.<\/p>\n<p>En la actualidad, los gobiernos federal y de la Ciudad de M\u00e9xico est\u00e1n dominados por quienes est\u00e1n convencidos de que la Conquista y luego la Colonia fueron fases de intensa explotaci\u00f3n de las comunidades nativas por parte de los colonos procedentes de Europa, principalmente Espa\u00f1a.<\/p>\n<p style=\"text-align: center;\"><strong>Col\u00f3n desplazado, en favor de una ind\u00edgena<\/strong><\/p>\n<p>Los gobernantes mexicanos tienen el respaldo de algunos intelectuales y acad\u00e9micos que tienen esa perspectiva hist\u00f3rica y han convencido de ella al presidente Andr\u00e9s Manuel L\u00f3pez Obrador y, principalmente de su esposa, Beatriz Guti\u00e9rrez M\u00fcller.<\/p>\n<p>El primer indicio fue la petici\u00f3n formulada por el primer mandatario mexicano de pedir al actual gobierno de Espa\u00f1a, y de paso al Vaticano, que se disculpen con los pueblos originarios de lo que ahora es M\u00e9xico por los da\u00f1os que les ocasionaron los conquistadores y los colonos.<\/p>\n<p>Hasta ahora no hay respuesta del rey de Espa\u00f1a y el gobierno civil le dio escasa importancia al reclamo. Sin embargo, el presidente mexicano ha insistido.<\/p>\n<p>En forma no tan abierta, la posici\u00f3n del actual gobierno de la llamada Cuarta Transformaci\u00f3n sigue la l\u00ednea marcada, sobre todo que la jefa de Gobierno de la Ciudad de M\u00e9xico, Claudia Sheinbaum, est\u00e1 inscrita como la principal precandidata a suceder a L\u00f3pez Obrador y parece que esa posici\u00f3n se consolida al seguir l\u00ednea por l\u00ednea la ruta trazada desde Palacio Nacional.<\/p>\n<p>La primera acci\u00f3n en ese sentido ocurri\u00f3 el 10 de octubre de 2020. Sin previo aviso, trabajadores del gobierno capitalino retiraron de su pedestal en Paseo de la Reforma, la estatua de Crist\u00f3bal Col\u00f3n, quien seguramente no tiene idea del porqu\u00e9 de su destituci\u00f3n.<\/p>\n<p>Oficialmente, en ese momento, se trat\u00f3 de justificar la desaparici\u00f3n del monumento porque se le dar\u00eda mantenimiento para que luciera mejor.<\/p>\n<p>Hubo algunas manifestaciones aisladas de inconformidad, pues como se confirm\u00f3, el navegante portugu\u00e9s no es un h\u00e9roe popular. Sin embargo, en aras de preservar un poco la fisonom\u00eda de la metr\u00f3poli, se ped\u00eda dejar el monumento que es caracter\u00edstico de la principal arteria capitalina.<\/p>\n<p>Finalmente, la administraci\u00f3n de Sheinbaum reconoci\u00f3 que la estatua defenestrada ya no volver\u00eda su sitio y que efectivamente se trata de no glorificar de ninguna manera el descubrimiento ni las consecuentes conquista y colonizaci\u00f3n. El gobierno de la llamada Cuarta Transformaci\u00f3n aprecia esa etapa de la vida nacional, como una fase de resistencia de parte de los pueblos originarios. Por ello, para ocupar el sitial vac\u00edo se eligi\u00f3 la imagen de una mujer ind\u00edgena.<\/p>\n<p>Aunque el presidente L\u00f3pez Obrador dice estar en contra del cultivo de la personalidad y, por lo mismo, ha pedido que no se ponga su nombre a calles u obras. Pero los incondicionales que no faltan, encontraron una forma de rendirle un homenaje apenas encubierto: eligieron una cabeza olmeca -cultura que se asent\u00f3 en lo que ahora es Tabasco, el estado natal del jefe de Ejecutivo Federal-pero con rasgos femeninos, para llenar el espacio vac\u00edo.<\/p>\n<p>Es tanto, el inter\u00e9s por \u201cquedar bien\u201d que se olvidaron aspectos hist\u00f3ricos importantes. Por ejemplo, la cultura olmeca es una de las menos conocidas de la regi\u00f3n que los historiadores han denominado Mesoam\u00e9rica, pues cuando llegaron los espa\u00f1oles ya hab\u00eda desaparecido y s\u00f3lo quedaron unos cuantos vestigios, entre los que destacan estatuas de cabezas monumentales.<\/p>\n<p>Pero eso no detuvo a los \u201cquedabien\u201d, pues ya inclusive le pusieron nombre a la mujer ind\u00edgena que supuestamente est\u00e1 all\u00ed representada. Olvidaron un \u201cpeque\u00f1o\u201d detalle: entre los aspectos que se ignoran de la cultura olmeca es su lengauje.<\/p>\n<p>\u00bfEntonces de d\u00f3nde sacaron el nombre? Pues como no hay apelativos de origen olmeca, eligieron el nombre \u2018Tlali\u2019, que significa \u2018tierra\u2019 en lengua n\u00e1huatl.<\/p>\n<p>As\u00ed, en vez de una forma de reivindicaci\u00f3n resulta casi un insulto. La lengua n\u00e1huatl era la de los aztecas, el pueblo que sojuzgaba a casi todos los dem\u00e1s en Mesoam\u00e9rica. Eran los imperialistas de la \u00e9poca. Es como si en Am\u00e9rica del Norte se quisiera rendir homenaje a una ind\u00edgna sioux y a la estatua en su honor le pusieran un nombre en ingl\u00e9s.<\/p>\n<p>Bueno, a final de cuentas, todos son indios, dir\u00e1n los cultos promotores de este \u201chomenaje\u201d.<\/p>\n<p style=\"text-align: center;\"><strong>Se organiza la oposici\u00f3n<\/strong><\/p>\n<p>Una vez confirmada oficialmente la \u201cdestituci\u00f3n\u201d de Col\u00f3n, ahora s\u00ed asoma una oposici\u00f3n relativamente organizada.<\/p>\n<p>Ayer domingo circul\u00f3 en redes sociales una protesta para exigir al gobierno de Ciudad de M\u00e9xico que restituya la estatua de Crist\u00f3bal Col\u00f3n en el Paseo de la Reforma, la principal avenida de la capital.<\/p>\n<p>\u201cLos mexicanos y particularmente los habitantes de la capital del pa\u00eds nos sentimos indignados y afectados por el retiro de nuestro patrimonio hist\u00f3rico pretextando su reparaci\u00f3n, pero consideramos que se trata de una decisi\u00f3n de car\u00e1cter populista\u201d, reza la petici\u00f3n de.<\/p>\n<p>Por desgracia, la demanda ha ca\u00eddo en el terreno de la pol\u00edtica y tal vez por ello pierda efecto. Entre las personas que han compartido la petici\u00f3n, que acumula m\u00e1s de 10,000 firmas hasta ahora, est\u00e1n la diputada federal Margarita Zavala y su esposo, el ex presidente Felipe Calder\u00f3n.<\/p>\n<p>Es de esperar que se imponga el car\u00e1cter ciudadano de la protesta. En el texto que ha circulado, los inconformes han denunciado que el retiro de la estatua de Col\u00f3n viola la \u201cLey federal sobre monumentos y zonas arqueol\u00f3gicas\u201d con responsabilidad del Instituto Nacional de Antropolog\u00eda e Historia (INAH).<\/p>\n<p>\u201cPor lo tanto, los ciudadanos mexicanos exigimos a la titular del Poder Ejecutivo del gobierno de la Ciudad de M\u00e9xico y al INAH regresen de inmediato a su pedestal la estatua de Crist\u00f3bal Col\u00f3n, y al o los culpables les sean aplicadas las sanciones estipuladas\u201d, indica la petici\u00f3n.<\/p>\n<p><a href=\"mailto:riparcangel@hotmail.com\" target=\"_blank\" rel=\"noopener noreferrer\"><em>riparcangel@hotmail.com<\/em><\/a><\/p>\n","protected":false},"excerpt":{"rendered":"<p><span style=\"color: #005497;\"><strong>Miguel \u00c1ngel Rivera<\/strong><\/span<\/span><\/p>\n","protected":false},"author":3,"featured_media":0,"comment_status":"open","ping_status":"open","sticky":false,"template":"","format":"standard","meta":{"_monsterinsights_skip_tracking":false,"_monsterinsights_sitenote_active":false,"_monsterinsights_sitenote_note":"","_monsterinsights_sitenote_category":0,"footnotes":""},"categories":[84119],"tags":[84120,84121,43674],"class_list":["post-520293","post","type-post","status-publish","format-standard","hentry","category-miguel-angel-rivera","tag-clase-politica","tag-miguel-angel-rivera","tag-opinion"],"_links":{"self":[{"href":"https:\/\/www.diarioimagen.net\/index.php?rest_route=\/wp\/v2\/posts\/520293","targetHints":{"allow":["GET"]}}],"collection":[{"href":"https:\/\/www.diarioimagen.net\/index.php?rest_route=\/wp\/v2\/posts"}],"about":[{"href":"https:\/\/www.diarioimagen.net\/index.php?rest_route=\/wp\/v2\/types\/post"}],"author":[{"embeddable":true,"href":"https:\/\/www.diarioimagen.net\/index.php?rest_route=\/wp\/v2\/users\/3"}],"replies":[{"embeddable":true,"href":"https:\/\/www.diarioimagen.net\/index.php?rest_route=%2Fwp%2Fv2%2Fcomments&post=520293"}],"version-history":[{"count":0,"href":"https:\/\/www.diarioimagen.net\/index.php?rest_route=\/wp\/v2\/posts\/520293\/revisions"}],"wp:attachment":[{"href":"https:\/\/www.diarioimagen.net\/index.php?rest_route=%2Fwp%2Fv2%2Fmedia&parent=520293"}],"wp:term":[{"taxonomy":"category","embeddable":true,"href":"https:\/\/www.diarioimagen.net\/index.php?rest_route=%2Fwp%2Fv2%2Fcategories&post=520293"},{"taxonomy":"post_tag","embeddable":true,"href":"https:\/\/www.diarioimagen.net\/index.php?rest_route=%2Fwp%2Fv2%2Ftags&post=520293"}],"curies":[{"name":"wp","href":"https:\/\/api.w.org\/{rel}","templated":true}]}}