{"id":520295,"date":"2021-09-13T00:10:22","date_gmt":"2021-09-13T05:10:22","guid":{"rendered":"https:\/\/www.diarioimagen.net\/?p=520295"},"modified":"2021-09-13T02:43:24","modified_gmt":"2021-09-13T07:43:24","slug":"diplomaticos-2","status":"publish","type":"post","link":"https:\/\/www.diarioimagen.net\/?p=520295","title":{"rendered":"Diplom\u00e1ticos"},"content":{"rendered":"<h2>De frente y de perfil<\/h2>\n<h5>Ram\u00f3n Zurita Sahag\u00fan<\/h5>\n<p>&nbsp;<\/p>\n<p>Dos eventos diplom\u00e1ticos se anunciaron este fin de semana, el nombramiento de Quirino Ordaz como embajador de M\u00e9xico en Espa\u00f1a y el arribo a M\u00e9xico de Ken Salazar como representante del gobierno estadounidense.<\/p>\n<p>Los dos se significan por la necesidad de mantener lazos de amistad y reciprocidad entre los pueblos que representan y hablan de construir nuevos esfuerzos para mejorar las relaciones que en alg\u00fan momento se han mantenido tirantes.<\/p>\n<p>Ambos eventos est\u00e1n respaldados por las palabras emitidas por alguna de las partes.<\/p>\n<p>Iniciamos con las palabras del nuevo embajador de Estados Unidos en M\u00e9xico, quien anunci\u00f3 una agenda llena de buenas intenciones, donde prometi\u00f3\u00a0trabajar para frenar la pandemia de la Covid-19 y en temas como migraci\u00f3n y medio ambiente.<\/p>\n<p>\u201cS\u00e9 que nos unimos ahora con el presidente L\u00f3pez Obrador y la gente de M\u00e9xico para asegurar que juntos vamos a poner (fin) a esta pandemia que ha sido la pandemia mundial, que vamos a conquistar esta pandemia\u201d, dijo en un mensaje al arribar al Aeropuerto Internacional de la Ciudad de M\u00e9xico.<\/p>\n<p>De ascendencia mexicana y nativo de Colorado, Salazar arrib\u00f3 con paquete familiar completo, su esposa, dos hijas, su yerno y sus dos nietas, lo que denota una vida familiar que debe ser buena para la convivencia diplom\u00e1tica entre los dos pa\u00edses.<\/p>\n<p>No es el primer representante de Estados Unidos con ra\u00edces mexicanas, varios de ellos han llegado a M\u00e9xico en distintos tiempos, aunque esas ra\u00edces no han significado mejores momentos para las relaciones, donde se recuerda con la nada agradable presencia de John Gavin.<\/p>\n<p>Sin embargo, vale el beneficio de la duda, en el caso de Ken Salazar, ya que desde su llegada mostr\u00f3 una gran disponibilidad para mejorar las cosas entre las dos naciones vecinas.<\/p>\n<p>De acuerdo con los dichos del presidente L\u00f3pez Obrador, las relaciones entre M\u00e9xico y Estados Unidos son gratas, sin ninguna tirantez, aunque se han notado fricciones en distintas ocasiones, especialmente en el tema de la migraci\u00f3n.<\/p>\n<p>Precisamente de este tema habl\u00f3 a su arribo Salazar. \u201cS\u00e9 que otras cosas son muy importantes para nosotros, trabajando para asegurar que tengamos\u00a0un sistema de migraci\u00f3n que trabaje para los Estados Unidos y tambi\u00e9n para M\u00e9xico, y tambi\u00e9n s\u00e9 que la seguridad de la gente de los Estados Unidos y de la gente de M\u00e9xico es una cosa que es de demasiada importancia para nosotros los dos pa\u00edses\u201d.<\/p>\n<p>Salazar, quien se dice orgulloso de sus ra\u00edces mexicanas y tambi\u00e9n de las estadounidenses, es un funcionario de extracci\u00f3n dem\u00f3crata y quien fue parte del gabinete del presidente Obama, raz\u00f3n por la que mantiene una cercana relaci\u00f3n con Joe Biden, quien fue vicepresidente en esas administraciones.<\/p>\n<p>Trae, seg\u00fan dej\u00f3 ver, la mejor voluntad para sacar conjuntamente con el gobierno mexicano los temas de su agenda, donde la gran coincidencia es la de Migraci\u00f3n, un tema toral para ambos gobiernos, sobre todo por la presencia de los migrantes centroamericanos, principalmente, y de otras naciones que buscan conquistar el sue\u00f1o americano, arribando a Estados Unidos para conseguir mejore oportunidades de vida.<\/p>\n<p>Los otros temas destacados de su agenda son el cambio clim\u00e1tico y la pandemia. En el caso del cambio clim\u00e1tico, este ha desatado su furia en las semanas recientes, por lo que se deba actuar y tomar decisiones trascendentes.<\/p>\n<p>Por lo\u00a0que respecta a la relaci\u00f3n M\u00e9xico-Espa\u00f1a, esta se ha visto afectada por algunas decisiones de gobierno que siente algunas empresas espa\u00f1olas les han perjudicado, como son aquellas relacionadas con la generaci\u00f3n de energ\u00eda el\u00e9ctrica que contaban con concesiones\u00a0sumamente ventajosas y que han sido revisadas. Pero el principal punto de desacuerdo se da en la carta que el presidente L\u00f3pez Obrador envi\u00f3 a los reyes de Espa\u00f1a y que ni siquiera se dignaron contestar sobre el agravio sufrido por las entonces existentes razas que habitaban lo que despu\u00e9s dar\u00eda paso a la Nueva Espa\u00f1a y a M\u00e9xico. La petici\u00f3n de perd\u00f3n que le pidi\u00f3 la corona espa\u00f1ola al pueblo de M\u00e9xico provoc\u00f3 una situaci\u00f3n r\u00edspida.<\/p>\n<p>Ahora, un gobernador de extracci\u00f3n priista, Quirino Ordaz, ser\u00e1 enviado a cumplir con ese papel, aunque se desconocen las habilidades diplom\u00e1ticas del sinaloense.<\/p>\n<p>Quirino ir\u00e1 a una de las principales embajadas de M\u00e9xico en el extranjero, con una gran responsabilidad, aunque se desconoce si en realidad va a sanar heridas o solamente a completar la plaza vacante.<\/p>\n<p>Habr\u00e1 que ver en las semanas y meses siguientes qu\u00e9 tanto uno y otro cumplen con las funciones asignadas.<\/p>\n<p><a href=\"mailto:ramonzurita44@hotmail.com\" target=\"_blank\" rel=\"noopener noreferrer\"><em>ramonzurita44@hotmail.com<\/em><\/a><\/p>\n","protected":false},"excerpt":{"rendered":"<p><span style=\"color: #005497;\"><strong>Ram\u00f3n Zurita Sahag\u00fan<\/strong><\/span><br \/>\n<br \/>\nDos eventos diplom\u00e1ticos se anunciaron este fin de semana, el nombramiento de Quirino Ordaz como embajador de M\u00e9xico en Espa\u00f1a y el arribo a M\u00e9xico de Ken Salazar como representante del gobierno estadounidense.\u00a0<\/p>\n","protected":false},"author":3,"featured_media":0,"comment_status":"open","ping_status":"open","sticky":false,"template":"","format":"standard","meta":{"_monsterinsights_skip_tracking":false,"_monsterinsights_sitenote_active":false,"_monsterinsights_sitenote_note":"","_monsterinsights_sitenote_category":0,"footnotes":""},"categories":[234],"tags":[304,43674,43687],"class_list":["post-520295","post","type-post","status-publish","format-standard","hentry","category-ramon-zurita-sahagun","tag-de-frente-y-de-perfil","tag-opinion","tag-ramon-zurita-sahagun"],"_links":{"self":[{"href":"https:\/\/www.diarioimagen.net\/index.php?rest_route=\/wp\/v2\/posts\/520295","targetHints":{"allow":["GET"]}}],"collection":[{"href":"https:\/\/www.diarioimagen.net\/index.php?rest_route=\/wp\/v2\/posts"}],"about":[{"href":"https:\/\/www.diarioimagen.net\/index.php?rest_route=\/wp\/v2\/types\/post"}],"author":[{"embeddable":true,"href":"https:\/\/www.diarioimagen.net\/index.php?rest_route=\/wp\/v2\/users\/3"}],"replies":[{"embeddable":true,"href":"https:\/\/www.diarioimagen.net\/index.php?rest_route=%2Fwp%2Fv2%2Fcomments&post=520295"}],"version-history":[{"count":0,"href":"https:\/\/www.diarioimagen.net\/index.php?rest_route=\/wp\/v2\/posts\/520295\/revisions"}],"wp:attachment":[{"href":"https:\/\/www.diarioimagen.net\/index.php?rest_route=%2Fwp%2Fv2%2Fmedia&parent=520295"}],"wp:term":[{"taxonomy":"category","embeddable":true,"href":"https:\/\/www.diarioimagen.net\/index.php?rest_route=%2Fwp%2Fv2%2Fcategories&post=520295"},{"taxonomy":"post_tag","embeddable":true,"href":"https:\/\/www.diarioimagen.net\/index.php?rest_route=%2Fwp%2Fv2%2Ftags&post=520295"}],"curies":[{"name":"wp","href":"https:\/\/api.w.org\/{rel}","templated":true}]}}