{"id":520303,"date":"2021-09-13T00:03:29","date_gmt":"2021-09-13T05:03:29","guid":{"rendered":"https:\/\/www.diarioimagen.net\/?p=520303"},"modified":"2021-09-13T02:53:19","modified_gmt":"2021-09-13T07:53:19","slug":"nicaragua-contra-mexico","status":"publish","type":"post","link":"https:\/\/www.diarioimagen.net\/?p=520303","title":{"rendered":"Nicaragua contra M\u00e9xico"},"content":{"rendered":"<h2>Espacio Electoral<\/h2>\n<h5>Eleazar Flores<\/h5>\n<p>&nbsp;<\/p>\n<p><strong>\u00bfEN QU\u00c9 PARAR\u00c1?-.<\/strong> Pudiera avecinarse o no un posible conflicto diplom\u00e1tico entre M\u00e9xico y Nicaragua, todo porque nuestro embajador en aquel pa\u00eds Gustavo Alonso Cabrera Rodr\u00edguez opin\u00f3 mal del gobierno del presidente Daniel Ortega.<\/p>\n<p>Todo se origin\u00f3 en las \u00bfbenditas o malditas? redes sociales, donde nuestro embajador se lanz\u00f3 contra Ortega, coincidiendo con opiniones del escritor nicarag\u00fcense Sergio Ram\u00edrez.<\/p>\n<p>Ni tarde y menos perezosa, la viceministra de Relaciones Exteriores, Arlette Cristina Morenco Meza, m\u00e1s que defender a su jefe, Jos\u00e9 Daniel Ortega Saavedra, ataca al gobierno de M\u00e9xico al que califica de injerencista, como adjetivo suave, y\u00a0 \u201ccumpli\u00e9ndoles sumisa y fielmente a los yanquis\u201d.<\/p>\n<p>Estos y muchos calificativos m\u00e1s expl\u00edcitos los extern\u00f3 la viceministra de Relaciones Exteriores, invocando que M\u00e9xico deber\u00eda ce\u00f1irse en lo internacional aplicando la tan invocada, cuando conviene,\u00a0 \u201cDoctrina Estrada\u201d.<\/p>\n<p>Recuerda la diplom\u00e1tica que Nicaragua nunca ha hecho caso de acusaciones medi\u00e1ticas contra el gobierno de M\u00e9xico donde se identifica al pa\u00eds como lugar donde hay altos \u00edndices de criminalidad, pobreza y\u00a0 pol\u00edticas de car\u00e1cter social, as\u00ed como altos niveles de corrupci\u00f3n.<\/p>\n<p>En pol\u00edtica exterior, M\u00e9xico no ha salido bien librado en los \u00faltimos tres a\u00f1os, pues hay que recordar la verg\u00fcenza del hoy ex embajador en Argentina que fue captado robando ejemplares en una librer\u00eda de Buenos Aires, se le protegi\u00f3 de inmediato, pero d\u00edas despu\u00e9s fue removido discretamente.<\/p>\n<p>Se ignora la suerte que le espera al embajador azteca en Managua, Gustavo Alonso Cabrera Rodr\u00edguez, s\u00f3lo el tiempo\u2026 y los jefes de la Cuarta Transformaci\u00f3n dir\u00e1n, pero dado que sus opiniones de apoyo al destacado escritor \u2026\u00a1y periodista para colmo de males!, Sergio Ram\u00edrez Mercado, fueron contra Daniel Ortega, a cruzarse los dedos se\u00f1or embajador.<\/p>\n<p>La opini\u00f3n del canciller Marcelo Ebrard Casaubon ser\u00e1 determinante para que Gustavo Cabrera siga en Managua o lo remuevan y hasta despidan.<\/p>\n<p><strong>GRILLA MEXIQUENSE-.<\/strong> Septiembre es mes de cambios e informes, \u201cpor eso tambi\u00e9n de temblores\u201d a\u00f1ade el venenoso Don Teofilito, pues adem\u00e1s del presidencial que ya pas\u00f3 \u201csin tanta pena ni gloria por ser refrito\u201d, tambi\u00e9n de gobernadores-as, que por fortuna tambi\u00e9n pasan casi inadvertidos salvo dos, el de la \u201cconsen\u201d capitalina y el de su vecino mexiquense Del Mazo Maza.<\/p>\n<p>Por si lo anterior fuera poco, el cambio de gobernadores en varias entidades del pa\u00eds y la anunciada incorporaci\u00f3n de algunos al gabinete presidencial como el sinaloense Quirino Ordaz a la embajada de Espa\u00f1a, prep\u00e1rese para m\u00e1s, relacionados con datos de los informes chilango y mexiquense.<\/p>\n<p>Del primero ya sabe usted la l\u00ednea, de apoyo incondicional al padre de la Cuarta Transformaci\u00f3n, lo sabremos dentro de una semana.<\/p>\n<p>Del mexiquense, se enterar\u00e1 ma\u00f1ana con\u00a0 \u00e1ngulos interesantes, creo.<\/p>\n<p><em><a href=\"mailto:elefa44@gmail.com\" target=\"_blank\" rel=\"noopener noreferrer\">elefa44@gmail.com<\/a><\/em><\/p>\n","protected":false},"excerpt":{"rendered":"<p><span style=\"color: #005497;\"><strong>Eleazar Flores<\/strong><\/span><\/p>\n","protected":false},"author":3,"featured_media":0,"comment_status":"open","ping_status":"open","sticky":false,"template":"","format":"standard","meta":{"_monsterinsights_skip_tracking":false,"_monsterinsights_sitenote_active":false,"_monsterinsights_sitenote_note":"","_monsterinsights_sitenote_category":0,"footnotes":""},"categories":[81743],"tags":[81744,81776,43674],"class_list":["post-520303","post","type-post","status-publish","format-standard","hentry","category-eleazar-flores","tag-eleazar-flores","tag-espacio-electoral","tag-opinion"],"_links":{"self":[{"href":"https:\/\/www.diarioimagen.net\/index.php?rest_route=\/wp\/v2\/posts\/520303","targetHints":{"allow":["GET"]}}],"collection":[{"href":"https:\/\/www.diarioimagen.net\/index.php?rest_route=\/wp\/v2\/posts"}],"about":[{"href":"https:\/\/www.diarioimagen.net\/index.php?rest_route=\/wp\/v2\/types\/post"}],"author":[{"embeddable":true,"href":"https:\/\/www.diarioimagen.net\/index.php?rest_route=\/wp\/v2\/users\/3"}],"replies":[{"embeddable":true,"href":"https:\/\/www.diarioimagen.net\/index.php?rest_route=%2Fwp%2Fv2%2Fcomments&post=520303"}],"version-history":[{"count":0,"href":"https:\/\/www.diarioimagen.net\/index.php?rest_route=\/wp\/v2\/posts\/520303\/revisions"}],"wp:attachment":[{"href":"https:\/\/www.diarioimagen.net\/index.php?rest_route=%2Fwp%2Fv2%2Fmedia&parent=520303"}],"wp:term":[{"taxonomy":"category","embeddable":true,"href":"https:\/\/www.diarioimagen.net\/index.php?rest_route=%2Fwp%2Fv2%2Fcategories&post=520303"},{"taxonomy":"post_tag","embeddable":true,"href":"https:\/\/www.diarioimagen.net\/index.php?rest_route=%2Fwp%2Fv2%2Ftags&post=520303"}],"curies":[{"name":"wp","href":"https:\/\/api.w.org\/{rel}","templated":true}]}}