{"id":520324,"date":"2021-09-13T00:01:28","date_gmt":"2021-09-13T05:01:28","guid":{"rendered":"https:\/\/www.diarioimagen.net\/?p=520324"},"modified":"2021-09-13T05:12:52","modified_gmt":"2021-09-13T10:12:52","slug":"alejandro-arias-nuevo-director-general-de-ventas-para-mexico-y-centroamerica-de-lufthansa","status":"publish","type":"post","link":"https:\/\/www.diarioimagen.net\/?p=520324","title":{"rendered":"Alejandro Arias, nuevo director general de Ventas para M\u00e9xico y Centroam\u00e9rica de <em>Lufthansa<\/em>"},"content":{"rendered":"<h2>De cinco estrellas<\/h2>\n<h5>Victoria Gonz\u00e1lez Prado<\/h5>\n<p>&nbsp;<\/p>\n<ul>\n<li><strong>Paradores\u00a0de Turismo<em> y la <\/em>FNCP<em> ofrecen alojamiento y degustaci\u00f3n de <\/em>\u201cPescados y Mariscos de Espa\u00f1a\u201d<\/strong><\/li>\n<li><strong>Qatar Airways<em>\u00a0retir\u00f3 trece aviones <\/em>Airbus A350<em>\u00a0tras haber detectado superficies da\u00f1adas del fuselaje<\/em><\/strong><\/li>\n<li><strong><em>Bill Gates, accionista mayoritario de <\/em>Four Seasons Hotels &amp; Resorts<em> al adquirir acciones del pr\u00edncipe saud\u00ed\u00a0<\/em>Alwaleed bin Talal<\/strong><\/li>\n<\/ul>\n<p>&nbsp;<\/p>\n<div id=\"attachment_520363\" style=\"width: 470px\" class=\"wp-caption aligncenter\"><a href=\"https:\/\/www.diarioimagen.net\/?attachment_id=520363\" rel=\"attachment wp-att-520363\"><img loading=\"lazy\" decoding=\"async\" aria-describedby=\"caption-attachment-520363\" class=\"size-full wp-image-520363\" src=\"https:\/\/www.diarioimagen.net\/wp-content\/uploads\/2021\/09\/turismo-4.jpg\" alt=\"\" width=\"460\" height=\"345\" \/><\/a><p id=\"caption-attachment-520363\" class=\"wp-caption-text\">Alejandro Arias.<\/p><\/div>\n<p>&nbsp;<\/p>\n<p><strong>Alejandro Arias<\/strong>, es el nuevo director general de Ventas para M\u00e9xico y Centroam\u00e9rica de <em>Lufthansa <\/em>y asume la responsabilidad comercial de esta regi\u00f3n clave al suceder a <strong>Felipe Bonifatti<\/strong>, quien fue nombrado director de Ventas para las aerol\u00edneas de pasajeros de <em>Lufthansa Group<\/em> en Sudam\u00e9rica y el Caribe.<\/p>\n<p>Desde que se incorpor\u00f3 a Lufthansa Cargo en 1990, <strong>Alejandro Arias<\/strong> ocup\u00f3 varios puestos de responsabilidad en la sede central y durante m\u00e1s de dos d\u00e9cadas en Asia. Ha desempe\u00f1ado papel fundamental en el impulso del negocio de la rama log\u00edstica. Antes de pasar al \u00e1rea comercial de pasaje fue jefe de actividades comerciales para Europa del Este y del Norte.<\/p>\n<p>La carrera de <strong>Arias<\/strong> abarca casi 20 a\u00f1os de actividades comerciales en Asia, adquiriendo valiosa experiencia en Jap\u00f3n, as\u00ed como en el mercado coreano, donde ocup\u00f3 el cargo de <em>Country Manager<\/em> de <em>Lufthansa Cargo<\/em> para Corea del Sur durante seis a\u00f1os, despu\u00e9s fue director general de ventas de <em>Lufthansa<\/em> pasaje en Corea del Sur. Con sede en Se\u00fal, gestion\u00f3 este solido mercado durante m\u00e1s de cuatro a\u00f1os y luego se traslad\u00f3 a la Ciudad de M\u00e9xico.<\/p>\n<p><strong>Don Bunkenburg<\/strong>, director Senior de Ventas del grupo para el \u00e1rea central y occidental de EU, M\u00e9xico y Centroam\u00e9rica dijo: \u00abcon <strong>Alejandro Arias<\/strong>, tenemos un gerente extremadamente experimentado y consumado con una amplia experiencia internacional. Trabaj\u00e9 con \u00e9l en los \u00faltimos a\u00f1os y tengo plena confianza en que la l\u00ednea a\u00e9rea continuar\u00e1 floreciendo bajo su liderazgo\u201d.<\/p>\n<p>Cabe destacar que <strong>Arias<\/strong> cuenta con diplomado en Ingenier\u00eda Industrial por el Instituto Tecnol\u00f3gico de Karlsruhe (KIT) de Alemania. Habla con fluidez alem\u00e1n, ingles y espa\u00f1ol, y tiene conocimientos intermedios de japon\u00e9s y coreano.<\/p>\n<p>\u2730\u2730\u2730\u2730\u2730 Con el objetivo de brindar alojamiento y degustaci\u00f3n de productos y especies capturados en las costas espa\u00f1olas, <strong>Paradores\u00a0de Turismo se uni\u00f3 a la<\/strong>\u00a0<strong>Federaci\u00f3n Nacional de Cofrad\u00edas de Pescadores (FNCP)<\/strong>\u00a0para lanzar la campa\u00f1a: <strong>\u00abPescados y Mariscos de Espa\u00f1a\u00bb<\/strong> con el<strong>\u00a0<\/strong>apoyo del\u00a0<strong>Ministerio de Agricultura, Pesca y Alimentaci\u00f3n<\/strong>, para ofrecer<strong> del 2 de septiembre el 17 de octubre<\/strong>\u00a0degustaci\u00f3n de especies como: boquer\u00f3n, salmonete, gamba blanca y la sama de pluma en seis Paradores de diferentes puntos geogr\u00e1ficos del pa\u00eds: en Murcia, M\u00e1laga, Catalu\u00f1a y Canarias.<\/p>\n<p>Cada Parador incorporar\u00e1 en su carta la especie seleccionada de cercan\u00eda de mayor inter\u00e9s, realizando\u00a0<strong>elaboraciones sencillas y tradicionales<\/strong>, que permitan dar a conocer la gastronom\u00eda mar\u00edtima del litoral espa\u00f1ol.<\/p>\n<p>Gracias a la colaboraci\u00f3n de la FNCP, distintas cofrad\u00edas de pescadores de los lugares en donde est\u00e1n los Paradores seleccionados aportar\u00e1n su producto, capturado con\u00a0<strong>m\u00e9todos sostenibles y artesanos<\/strong>.<\/p>\n<p><strong>Es importante recordar que los <\/strong>Paradores de Turismo cuentan con\u00a097 hoteles que suman m\u00e1s de\u00a0<strong>10. mil plazas, m\u00e1s de 4 mil profesionales<\/strong>\u00a0y casi 100 a\u00f1os de historia (1928).\u00a0Es\u00a0cadena hotelera enfocada en el turismo cultural que ubica, en muchos casos, sus establecimientos en construcciones de inter\u00e9s patrimonial.<\/p>\n<p>\u2730\u2730\u2730\u2730\u2730 La aerol\u00ednea\u00a0<em>Qatar Airways<\/em>\u00a0retir\u00f3 trece aviones <em>Airbus A350<\/em>\u00a0tras haber detectado \u201cque la superficie del fuselaje por debajo de la pintura\u00a0se est\u00e1 degradando a ritmo acelerado\u201d.<\/p>\n<p>Advierten que, siguiendo las indicaciones de su \u00f3rgano regulador en materia de seguridad, se mantendr\u00e1n inmovilizados hasta que se pueda \u201cestablecer la causa de fondo y se disponga de una soluci\u00f3n satisfactoria\u201d.<\/p>\n<p>Adem\u00e1s de las comprobaciones peri\u00f3dicas para garantizar la seguridad, vigilan de cerca el estado de su flota de 53 aeronaves de este modelo (34 A350-900 y 19 A350-1000). A\u00f1aden que cooperan con todas las compa\u00f1\u00edas de <em>leasing<\/em> afectadas por esta inmovilizaci\u00f3n del A350, que han comenzado a inspeccionar sus aviones afectados.<\/p>\n<p>Para que los pasajeros no se vean perjudicados, se han tomado medidas para volver a poner en servicio los A330 con efecto inmediato para compensar parte del impacto de los aviones A350 en tierra y estudian otras soluciones.<\/p>\n<p><strong>Akbar Al Baker<\/strong>, CEO de\u00a0<em>Qatar Airways <\/em>dijo: \u201ccon este \u00faltimo acontecimiento, esperamos que <em>Airbus<\/em> trate este asunto con la atenci\u00f3n adecuada. <em>Qatar Airways<\/em> no aceptar\u00e1 otra cosa que no sean aviones que sigan ofreciendo a sus clientes el mayor nivel posible de seguridad y la mejor experiencia de viaje. Esperamos que <em>Airbus<\/em> trate este asunto con la atenci\u00f3n adecuada. No aceptaremos otra cosa que no sea el mayor nivel\u201d.<\/p>\n<p>\u2730\u2730\u2730\u2730\u2730 <em>Cascade Investment,<\/em> propiedad de\u00a0<strong>Bill Gates<\/strong>, tiene el control de\u00a0<strong><em>Four Seasons Hotels &amp; Resorts<\/em><\/strong>\u00a0al comprar cerca de la mitad de la participaci\u00f3n del pr\u00edncipe saud\u00ed\u00a0<strong>Alwaleed bin Talal<\/strong>\u00a0por 2 mil 210 millones de d\u00f3lares, inform\u00f3 el operador hotelero.<\/p>\n<p><em>Cascade<\/em> adquiri\u00f3 23.8 por ciento de la participaci\u00f3n del multimillonario pr\u00edncipe en la cadena hotelera, elevando su propiedad a 71.3 por ciento y valorada en 10 mil millones de d\u00f3lares en t\u00e9rminos empresariales.<\/p>\n<p>El pr\u00edncipe <strong>Alwaleed<\/strong>, a trav\u00e9s del veh\u00edculo de inversi\u00f3n <em>Kingdom Holding Co<\/em>., seguir\u00e1 siendo propietario del resto de la participaci\u00f3n.<\/p>\n<p>Si bien el pr\u00edncipe posee participaciones en muchas empresas como <em>Citigroup Inc<\/em> (C.N) y <em>Lyft Inc.,<\/em> de transporte por carretera<em>,<\/em> su firma de inversi\u00f3n ha estado vendiendo sus participaciones en hoteles en los \u00faltimos 10 a\u00f1os.<\/p>\n<p>&nbsp;<\/p>\n<blockquote>\n<p style=\"text-align: right;\">\u201c<strong>El<\/strong> <strong>\u00e1ngel de la fama tiene sus alas hechas de papel&#8230; peri\u00f3dico\u201d.<br \/>\n<\/strong><\/p>\n<\/blockquote>\n<p>&nbsp;<\/p>\n<p><em><span class=\"Apple-converted-space\"><a href=\"mailto:victoriagprado@gmail.com\" target=\"_blank\" rel=\"noopener noreferrer\">victoriagprado@gmail.com<\/a><br \/>\nTwitter: <a href=\"https:\/\/twitter.com\/victoriagprado\" target=\"_blank\" rel=\"noopener noreferrer\">@victoriagprado<\/a><\/span><\/em><\/p>\n","protected":false},"excerpt":{"rendered":"<p><strong>Alejandro Arias<\/strong>, es el nuevo director general de Ventas para M\u00e9xico y Centroam\u00e9rica de <em>Lufthansa <\/em>y asume la responsabilidad comercial de esta regi\u00f3n clave al suceder a <strong>Felipe Bonifatti<\/strong>, quien fue nombrado director de Ventas para las aerol\u00edneas de pasajeros de <em>Lufthansa Group<\/em> en Sudam\u00e9rica y el Caribe.<\/p>\n","protected":false},"author":3,"featured_media":520364,"comment_status":"open","ping_status":"open","sticky":false,"template":"","format":"standard","meta":{"_monsterinsights_skip_tracking":false,"_monsterinsights_sitenote_active":false,"_monsterinsights_sitenote_note":"","_monsterinsights_sitenote_category":0,"footnotes":""},"categories":[11],"tags":[107,43674,43681,106],"class_list":["post-520324","post","type-post","status-publish","format-standard","has-post-thumbnail","hentry","category-turismo","tag-de-cinco-estrellas","tag-opinion","tag-turismo","tag-victoria-gonzalez-prado"],"_links":{"self":[{"href":"https:\/\/www.diarioimagen.net\/index.php?rest_route=\/wp\/v2\/posts\/520324","targetHints":{"allow":["GET"]}}],"collection":[{"href":"https:\/\/www.diarioimagen.net\/index.php?rest_route=\/wp\/v2\/posts"}],"about":[{"href":"https:\/\/www.diarioimagen.net\/index.php?rest_route=\/wp\/v2\/types\/post"}],"author":[{"embeddable":true,"href":"https:\/\/www.diarioimagen.net\/index.php?rest_route=\/wp\/v2\/users\/3"}],"replies":[{"embeddable":true,"href":"https:\/\/www.diarioimagen.net\/index.php?rest_route=%2Fwp%2Fv2%2Fcomments&post=520324"}],"version-history":[{"count":0,"href":"https:\/\/www.diarioimagen.net\/index.php?rest_route=\/wp\/v2\/posts\/520324\/revisions"}],"wp:featuredmedia":[{"embeddable":true,"href":"https:\/\/www.diarioimagen.net\/index.php?rest_route=\/wp\/v2\/media\/520364"}],"wp:attachment":[{"href":"https:\/\/www.diarioimagen.net\/index.php?rest_route=%2Fwp%2Fv2%2Fmedia&parent=520324"}],"wp:term":[{"taxonomy":"category","embeddable":true,"href":"https:\/\/www.diarioimagen.net\/index.php?rest_route=%2Fwp%2Fv2%2Fcategories&post=520324"},{"taxonomy":"post_tag","embeddable":true,"href":"https:\/\/www.diarioimagen.net\/index.php?rest_route=%2Fwp%2Fv2%2Ftags&post=520324"}],"curies":[{"name":"wp","href":"https:\/\/api.w.org\/{rel}","templated":true}]}}