{"id":520414,"date":"2021-09-14T00:01:43","date_gmt":"2021-09-14T05:01:43","guid":{"rendered":"https:\/\/www.diarioimagen.net\/?p=520414"},"modified":"2021-09-14T08:27:47","modified_gmt":"2021-09-14T13:27:47","slug":"envia-huixquilucan-personal-y-equipo-para-apoyar-labores-de-rescate-en-tlalnepantla","status":"publish","type":"post","link":"https:\/\/www.diarioimagen.net\/?p=520414","title":{"rendered":"Env\u00eda Huixquilucan personal y equipo para apoyar labores de rescate en Tlalnepantla"},"content":{"rendered":"<p>&nbsp;<\/p>\n<ul>\n<li><strong><em><span style=\"text-decoration: underline;\">Refrenda su solidaridad con damnificados<\/span><\/em><\/strong><\/li>\n<\/ul>\n<p>&nbsp;<\/p>\n<div id=\"attachment_520503\" style=\"width: 470px\" class=\"wp-caption aligncenter\"><a href=\"https:\/\/www.diarioimagen.net\/?attachment_id=520503\" rel=\"attachment wp-att-520503\"><img loading=\"lazy\" decoding=\"async\" aria-describedby=\"caption-attachment-520503\" class=\"size-full wp-image-520503\" src=\"https:\/\/www.diarioimagen.net\/wp-content\/uploads\/2021\/09\/tlalne-1-1.jpg\" alt=\"\" width=\"460\" height=\"270\" \/><\/a><p id=\"caption-attachment-520503\" class=\"wp-caption-text\">Huixquilucan envi\u00f3 24 elementos de Protecci\u00f3n Civil y la Unidad de Rescate, as\u00ed como del Escuadr\u00f3n Vida, para apoyar en las tareas de b\u00fasqueda y rescate de personas atrapadas, en Tlalnepantla.<\/p><\/div>\n<p>&nbsp;<\/p>\n<p><strong>Huixquilucan, Estado de M\u00e9xico<\/strong>.- El gobierno de Huixquilucan envi\u00f3 24 elementos de Protecci\u00f3n Civil y la Unidad de Rescate, as\u00ed como del Escuadr\u00f3n Vida, para apoyar en las tareas de b\u00fasqueda y rescate de personas atrapadas, tras el derrumbe suscitado en el Cerro del Chiquihuite y que dej\u00f3 varias viviendas afectadas en el municipio de Tlalnepantla.<\/p>\n<p>Tras conocer el suceso, el gobierno municipal se solidariz\u00f3 con su hom\u00f3logo de Tlalnepantla y ofreci\u00f3 apoyo para agilizar las tareas de rescate, con el env\u00edo de 16 bomberos a bordo de cuatro unidades, y de 8 integrantes del Escuadr\u00f3n Vida, en sus respectivas motocicletas.<\/p>\n<p>Adem\u00e1s, se sumaron al apoyo los tres binomios caninos, encabezados por Blaky, Killer y Wimis, capacitados para la b\u00fasqueda de personas en caso de derrumbe.<\/p>\n<p>El gobierno de Huixquilucan refrend\u00f3 su solidaridad con la ciudad de Tlalnepantla y con las familias afectadas y anunci\u00f3 que, en caso de requerirse m\u00e1s apoyo de los cuerpos de emergencia, podr\u00e1n contar con \u00e9l.<\/p>\n","protected":false},"excerpt":{"rendered":"<p>El gobierno de Huixquilucan envi\u00f3 24 elementos de Protecci\u00f3n Civil y la Unidad de Rescate, as\u00ed como del Escuadr\u00f3n Vida, para apoyar en las tareas de b\u00fasqueda y rescate de personas atrapadas, tras el derrumbe suscitado en el Cerro del Chiquihuite y que dej\u00f3 varias viviendas afectadas en el municipio de Tlalnepantla.<\/p>\n","protected":false},"author":3,"featured_media":520503,"comment_status":"open","ping_status":"open","sticky":false,"template":"","format":"standard","meta":{"_monsterinsights_skip_tracking":false,"_monsterinsights_sitenote_active":false,"_monsterinsights_sitenote_note":"","_monsterinsights_sitenote_category":0,"footnotes":""},"categories":[5],"tags":[43675,1097,14499,728],"class_list":["post-520414","post","type-post","status-publish","format-standard","has-post-thumbnail","hentry","category-estado-de-mexico","tag-estado-de-mexico","tag-huixquilucan","tag-personal","tag-rescate"],"_links":{"self":[{"href":"https:\/\/www.diarioimagen.net\/index.php?rest_route=\/wp\/v2\/posts\/520414","targetHints":{"allow":["GET"]}}],"collection":[{"href":"https:\/\/www.diarioimagen.net\/index.php?rest_route=\/wp\/v2\/posts"}],"about":[{"href":"https:\/\/www.diarioimagen.net\/index.php?rest_route=\/wp\/v2\/types\/post"}],"author":[{"embeddable":true,"href":"https:\/\/www.diarioimagen.net\/index.php?rest_route=\/wp\/v2\/users\/3"}],"replies":[{"embeddable":true,"href":"https:\/\/www.diarioimagen.net\/index.php?rest_route=%2Fwp%2Fv2%2Fcomments&post=520414"}],"version-history":[{"count":0,"href":"https:\/\/www.diarioimagen.net\/index.php?rest_route=\/wp\/v2\/posts\/520414\/revisions"}],"wp:featuredmedia":[{"embeddable":true,"href":"https:\/\/www.diarioimagen.net\/index.php?rest_route=\/wp\/v2\/media\/520503"}],"wp:attachment":[{"href":"https:\/\/www.diarioimagen.net\/index.php?rest_route=%2Fwp%2Fv2%2Fmedia&parent=520414"}],"wp:term":[{"taxonomy":"category","embeddable":true,"href":"https:\/\/www.diarioimagen.net\/index.php?rest_route=%2Fwp%2Fv2%2Fcategories&post=520414"},{"taxonomy":"post_tag","embeddable":true,"href":"https:\/\/www.diarioimagen.net\/index.php?rest_route=%2Fwp%2Fv2%2Ftags&post=520414"}],"curies":[{"name":"wp","href":"https:\/\/api.w.org\/{rel}","templated":true}]}}