{"id":520423,"date":"2021-09-14T00:01:12","date_gmt":"2021-09-14T05:01:12","guid":{"rendered":"https:\/\/www.diarioimagen.net\/?p=520423"},"modified":"2021-09-14T05:13:01","modified_gmt":"2021-09-14T10:13:01","slug":"la-vida","status":"publish","type":"post","link":"https:\/\/www.diarioimagen.net\/?p=520423","title":{"rendered":"La vida"},"content":{"rendered":"<h2>De pe a pa<\/h2>\n<h5>Alberto Vieyra G.<\/h5>\n<p>&nbsp;<\/p>\n<p>Para Dios la vida es sagrada, \u00bfqu\u00e9 tanto los seres humanos amamos la vida? (\u2026)<\/p>\n<p>La semana pasada pasar\u00e1 a la historia en M\u00e9xico en la que la Suprema Corte de Justicia de la Naci\u00f3n otorg\u00f3 a las mujeres mexicanas una licencia para matar a seres indefensos, al dictaminar la despenalizaci\u00f3n del aborto.<\/p>\n<p>El hecho hist\u00f3rico es ciertamente un gran triunfo para los movimientos feministas que cada d\u00eda ganan m\u00e1s y m\u00e1s terreno en materia de igualdad de g\u00e9nero. El controvertido asunto ha dejado a los grupos conservadores con un nudo en la garganta y a algunos politicastros lo saborean como parte de sus pol\u00edticas populistas de paridad de g\u00e9nero. El asunto del aborto en M\u00e9xico dar\u00e1 mucho de qu\u00e9 hablar, sobre todo cuando en Estados Unidos la tendencia va hacia el endurecimiento de leyes contra el aborto, como ocurre en Texas, donde hasta el presidente norteamericano, Joseph Biden ha amenazado con demandar ante la Corte Suprema el caso Texas por su exagerada tendencia hacia la liberaci\u00f3n femenina que amenaza con un mundo de divorciados y el desastre de la familia.<\/p>\n<p>Pero, a todo esto: \u00bfc\u00f3mo ve Jehov\u00e1 Dios la vida humana, incluyendo la de un ser que todav\u00eda no ha nacido? La Biblia que contiene todos los principios y valores universales, no menciona el t\u00e9rmino aborto para referirse a la expulsi\u00f3n provocada de un feto humano.<\/p>\n<p>\u201cLa vida es un regalo de Dios. De hecho, toda forma de vida es muy valiosa para Dios y esto incluye la vida de un ni\u00f1o que est\u00e1 en la matriz de su madre. As\u00ed que, cuando alguien mata a prop\u00f3sito a un ni\u00f1o que no ha nacido, est\u00e1 cometiendo un asesinato\u201d.<\/p>\n<p>Es extensa la tesis de Dios sobre la vida y lo que hoy conocemos como aborto. Incluso, para el supremo arquitecto del universo, sin mencionar que la pena de muerte advert\u00eda que a todo aquel que violentar\u00e1 a un ni\u00f1o, merec\u00eda que se le pusiera en el cuello la piedra del molino y se le pusiera en el mar.<\/p>\n<p>La despenalizaci\u00f3n del aborto, a cargo de la Suprema Corte de Justicia de M\u00e9xico, es ciertamente una victoria para las mujeres, pero quien incurra en abortos, seguramente que no tendr\u00e1 el mismo tratamiento divino que le ha dado la Corte.<\/p>\n<p>Con unos 100 millones de cat\u00f3licos, M\u00e9xico es el pa\u00eds predominantemente cat\u00f3lico m\u00e1s grande despu\u00e9s de Brasil. La Iglesia cat\u00f3lica se opone a todas las formas de procedimientos de aborto.<\/p>\n<p>El asunto del aborto en M\u00e9xico tiene tintes meramente pol\u00edtico-electorales. Los partidos pol\u00edticos con ideolog\u00eda liberal han ganado terreno con esas propuestas y pr\u00e1cticas que vomita el Creador porque el asunto de la vida es sagrado para el Dios verdadero.<\/p>\n<p>As\u00ed, M\u00e9xico sigue los pasos de Argentina gobernada tambi\u00e9n por el populismo comunista que en M\u00e9xico encabeza Andr\u00e9s Manuel L\u00f3pez Obrador, quien por cierto se ha revelado como uno de los gobernantes m\u00e1s insensibles para poner un alto a los feminicidios en M\u00e9xico donde en promedio se registran doce cada 24 horas para ubicar al pa\u00eds como una naci\u00f3n b\u00e1rbara.<\/p>\n<p>Con el veredicto de la Corte, los juzgados en M\u00e9xico ya no podr\u00e1n ventilar asuntos sobre el aborto, pero ahora las mujeres que lo practiquen tendr\u00e1n que cargar con un asunto que se llama conciencia o inconciencia y que tiene que ver con las cuestiones espirituales de Dios.<\/p>\n<p><a href=\"mailto:info@agenciamn.com\" target=\"_blank\" rel=\"noopener noreferrer\"><em>info@agenciamn.com<\/em><\/a><\/p>\n","protected":false},"excerpt":{"rendered":"<p><span style=\"color: #005497;\"><strong>Alberto Vieyra G.<\/strong><\/span><\/p>\n","protected":false},"author":3,"featured_media":0,"comment_status":"open","ping_status":"open","sticky":false,"template":"","format":"standard","meta":{"_monsterinsights_skip_tracking":false,"_monsterinsights_sitenote_active":false,"_monsterinsights_sitenote_note":"","_monsterinsights_sitenote_category":0,"footnotes":""},"categories":[4596],"tags":[43697,4597,43674],"class_list":["post-520423","post","type-post","status-publish","format-standard","hentry","category-alberto-vieyra-g","tag-alberto-vieyra-g","tag-de-pe-a-pa","tag-opinion"],"_links":{"self":[{"href":"https:\/\/www.diarioimagen.net\/index.php?rest_route=\/wp\/v2\/posts\/520423","targetHints":{"allow":["GET"]}}],"collection":[{"href":"https:\/\/www.diarioimagen.net\/index.php?rest_route=\/wp\/v2\/posts"}],"about":[{"href":"https:\/\/www.diarioimagen.net\/index.php?rest_route=\/wp\/v2\/types\/post"}],"author":[{"embeddable":true,"href":"https:\/\/www.diarioimagen.net\/index.php?rest_route=\/wp\/v2\/users\/3"}],"replies":[{"embeddable":true,"href":"https:\/\/www.diarioimagen.net\/index.php?rest_route=%2Fwp%2Fv2%2Fcomments&post=520423"}],"version-history":[{"count":0,"href":"https:\/\/www.diarioimagen.net\/index.php?rest_route=\/wp\/v2\/posts\/520423\/revisions"}],"wp:attachment":[{"href":"https:\/\/www.diarioimagen.net\/index.php?rest_route=%2Fwp%2Fv2%2Fmedia&parent=520423"}],"wp:term":[{"taxonomy":"category","embeddable":true,"href":"https:\/\/www.diarioimagen.net\/index.php?rest_route=%2Fwp%2Fv2%2Fcategories&post=520423"},{"taxonomy":"post_tag","embeddable":true,"href":"https:\/\/www.diarioimagen.net\/index.php?rest_route=%2Fwp%2Fv2%2Ftags&post=520423"}],"curies":[{"name":"wp","href":"https:\/\/api.w.org\/{rel}","templated":true}]}}