{"id":520851,"date":"2021-09-17T00:05:53","date_gmt":"2021-09-17T05:05:53","guid":{"rendered":"https:\/\/www.diarioimagen.net\/?p=520851"},"modified":"2021-09-20T03:31:50","modified_gmt":"2021-09-20T08:31:50","slug":"crimenes-a-la-baja","status":"publish","type":"post","link":"https:\/\/www.diarioimagen.net\/?p=520851","title":{"rendered":"\u00bfCr\u00edmenes a la baja?"},"content":{"rendered":"<h2>Perfil de M\u00e9xico<\/h2>\n<h5>Armando R\u00edos Ruiz<\/h5>\n<p>&nbsp;<\/p>\n<p>Hace muchos a\u00f1os que me inici\u00e9 en las actividades de periodismo, mi verdadera vocaci\u00f3n, despu\u00e9s de cursar la carrera de Licenciado en Derecho, comenc\u00e9 a escuchar a cada jefe de la polic\u00eda que suced\u00eda al anterior, escasamente a unos cuantos meses de haber asumido el cargo, decir que ya hab\u00eda abatido los \u00edndices delictivos.<\/p>\n<p>Publiqu\u00e9 entonces en una ocasi\u00f3n que si eso fuera cierto, M\u00e9xico estar\u00eda a la par de lugares como Finlandia, Islandia, Dinamarca y otros pa\u00edses europeos, as\u00ed como de Singapur, de cuya seguridad ya comenzaba a hablarse, gracias a los alcances de su presidente, Lee Kuan Yew. Inclusive,\u00a0 en algunos comenzaban a eliminarse las c\u00e1rceles, porque ya no hac\u00edan falta. Hoy es un hecho.<\/p>\n<p>En M\u00e9xico persiste la cantaleta. No ha habido uno solo que no insista en que con la magia de su arribo al cargo, los cr\u00edmenes disminuyeron. Peor a\u00fan, con la miserable t\u00e1ctica de abrazos, no balazos, que cualquiera puede apreciar fallida y alentadora de la criminalidad. Cualquiera con dos dedos de frente puede vislumbrar que ha aumentado a niveles escandalosos y que va para m\u00e1s.<\/p>\n<p>Hoy cualquiera. Hasta los que vienen de allende los mares, le dicen al Presidente en turno, que protege a los narcos. \u00bfPor qu\u00e9 no hay respuesta?<\/p>\n<p>Un informe reciente de la Secretar\u00eda de Protecci\u00f3n Ciudadana dice que \u201cde enero a mayo del presente a\u00f1o, la incidencia de homicidios dolosos disminuy\u00f3 2.9 por ciento respecto del mismo per\u00edodo del a\u00f1o anterior\u201d. Pero aunque la \u201ctendencia a la baja\u201d d\u00e9 cierta esperanza, la cruda realidad registra que en mayo hubo 102 personas asesinadas m\u00e1s que en abril y 37 m\u00e1s que en mayo de 2020.<\/p>\n<p>Hoy, pr\u00e1cticamente todo el pa\u00eds est\u00e1 inmerso en una ola criminal que campea en todas partes y a plena luz del d\u00eda. Ha pasado de la lucha entre c\u00e1rteles, a \u201ccalentar la plaza\u201d entre civiles, como se dice. Lo mismo ocurre en Guanajuato, que en Michoac\u00e1n, Guerrero, Tamaulipas, Veracruz y en otros estados, en los cuales, los sicarios, adem\u00e1s de cobrar ajustes con la contraparte, asesinan hasta por gusto a personas de la poblaci\u00f3n civil.<\/p>\n<p>Un art\u00edculo de <em>El Diario del Norte <\/em>se\u00f1ala en palabras atinadas, que seguramente se perder\u00e1n en el aire, que \u201cEl gobierno actual no puede seguir repitiendo las recetas de sus antecesores que han probado su contundente fracaso. Urge una pol\u00edtica de seguridad para el pa\u00eds, pero \u00e9sta debe estar acompa\u00f1ada con pol\u00edticas de desarrollo regional, de educaci\u00f3n y empleo bien remunerado, de atenci\u00f3n a la salud y de disminuci\u00f3n de las desigualdades\u201d.<\/p>\n<p>Otro medio relata que en Tijuana, un hombre fue asesinado en uno de los supermercados m\u00e1s tradicionales que se llena de turistas. Muri\u00f3 adem\u00e1s una ni\u00f1a de 11 a\u00f1os y otro sujeto. Esto ocurri\u00f3 el mi\u00e9rcoles de la semana pasada y no pas\u00f3 absolutamente nada contra el agresor. As\u00ed se las gastan en todas partes, sin que la autoridad intervenga.<\/p>\n<p>Esta misma ha sido rebasada e inclusive incorporada al servicio de los criminales. De esta manera obtiene dos entradas, pero en el fondo s\u00f3lo sirve a uno de los dos. \u00bfA qui\u00e9n? Al que tiene la fuerza y la decisi\u00f3n de matar.<\/p>\n<p>Cr\u00edmenes como el anterior han hecho reaccionar a los moradores de los lugares. En el caso que nos ocupa, manifestaron que \u201cNuestras autoridades no sirven para nada&#8230; de todos los niveles, junto con guardia nacional, Ej\u00e9rcito, polic\u00eda estatal y federal, vivimos en la indefensi\u00f3n\u2026\u201d<\/p>\n<p>Pero como dec\u00eda mi inolvidable abuelo: \u00a1otra vez la burra al trigo! La Secretar\u00eda de\u00a0Seguridad\u00a0de\u00a0Tijuana, que prefiere ver el vaso medio lleno, dijo que comparando agosto de este a\u00f1o y agosto del a\u00f1o pasado hay una reducci\u00f3n de 18% en los homicidios dolosos, porque en el 2020 fueron 193, y este 2021, en cambio, fueron 157\u201d \u00bfPara qu\u00e9 carajos sirve semejante estupidez?<\/p>\n<p>Ciertamente, es posible que existan d\u00edas de mayor calma que otros. Pero de que la criminalidad ha aumentado, hasta huele. No podemos creer que cambie como vamos, salvo que un poderoso quisiera un combate para abatirla y no para conservarla como su guardia personal. \u00a1No basta la que ya crearon!<\/p>\n<p><a href=\"mailto:ariosruiz@gmail.com\" target=\"_blank\" rel=\"noopener noreferrer\"><em>ariosruiz@gmail.com<\/em><\/a><\/p>\n","protected":false},"excerpt":{"rendered":"<p><span style=\"color: #005497;\"><strong>Armando R\u00edos Ruiz<\/strong><\/span><\/p>\n","protected":false},"author":3,"featured_media":0,"comment_status":"open","ping_status":"open","sticky":false,"template":"","format":"standard","meta":{"_monsterinsights_skip_tracking":false,"_monsterinsights_sitenote_active":false,"_monsterinsights_sitenote_note":"","_monsterinsights_sitenote_category":0,"footnotes":""},"categories":[88405],"tags":[88407,43674,91193],"class_list":["post-520851","post","type-post","status-publish","format-standard","hentry","category-armando-rios-ruiz","tag-armando-rios-ruiz","tag-opinion","tag-perfil-de-mexico"],"_links":{"self":[{"href":"https:\/\/www.diarioimagen.net\/index.php?rest_route=\/wp\/v2\/posts\/520851","targetHints":{"allow":["GET"]}}],"collection":[{"href":"https:\/\/www.diarioimagen.net\/index.php?rest_route=\/wp\/v2\/posts"}],"about":[{"href":"https:\/\/www.diarioimagen.net\/index.php?rest_route=\/wp\/v2\/types\/post"}],"author":[{"embeddable":true,"href":"https:\/\/www.diarioimagen.net\/index.php?rest_route=\/wp\/v2\/users\/3"}],"replies":[{"embeddable":true,"href":"https:\/\/www.diarioimagen.net\/index.php?rest_route=%2Fwp%2Fv2%2Fcomments&post=520851"}],"version-history":[{"count":0,"href":"https:\/\/www.diarioimagen.net\/index.php?rest_route=\/wp\/v2\/posts\/520851\/revisions"}],"wp:attachment":[{"href":"https:\/\/www.diarioimagen.net\/index.php?rest_route=%2Fwp%2Fv2%2Fmedia&parent=520851"}],"wp:term":[{"taxonomy":"category","embeddable":true,"href":"https:\/\/www.diarioimagen.net\/index.php?rest_route=%2Fwp%2Fv2%2Fcategories&post=520851"},{"taxonomy":"post_tag","embeddable":true,"href":"https:\/\/www.diarioimagen.net\/index.php?rest_route=%2Fwp%2Fv2%2Ftags&post=520851"}],"curies":[{"name":"wp","href":"https:\/\/api.w.org\/{rel}","templated":true}]}}