{"id":520854,"date":"2021-09-17T00:08:56","date_gmt":"2021-09-17T05:08:56","guid":{"rendered":"https:\/\/www.diarioimagen.net\/?p=520854"},"modified":"2021-09-17T03:23:14","modified_gmt":"2021-09-17T08:23:14","slug":"urge-atencion-humanitaria-a-migrantes-2","status":"publish","type":"post","link":"https:\/\/www.diarioimagen.net\/?p=520854","title":{"rendered":"Urge atenci\u00f3n humanitaria a migrantes"},"content":{"rendered":"<h2>Punto por punto<\/h2>\n<h5>Augusto Corro<\/h5>\n<p>&nbsp;<\/p>\n<p>El problema de la migraci\u00f3n es mundial y resolverlo es asunto de todos los gobiernos. Para empezar, se necesita llevar a cabo pol\u00edticas humanistas que rechacen el cierre de fronteras y la represi\u00f3n a los indocumentados.<\/p>\n<p>M\u00e9xico vive ahora ese conflicto social al que no se le encuentra soluci\u00f3n; sin embargo, tendr\u00e1 que esmerarse en encontrar salidas. Urge que el tema se trate a fondo, con acuerdos que disminuyan la tragedia que viven millones de personas.<\/p>\n<p>Concretamente, las autoridades mexicanas enfrentan una ola m\u00e1s de migrantes de diferentes pa\u00edses que quieren llegar a Estados Unidos, pero tienen que hacerlo a trav\u00e9s de M\u00e9xico.\u00a0 Es en nuestras fronteras, tanto la que se encuentra en el norte, como en el sur donde se agudizan los conflictos, debido al n\u00famero de ilegales que esperan el permiso que les permita incursionar por nuestro territorio.<\/p>\n<p>Es excesiva la demanda de quienes solicitan ingresar a M\u00e9xico. Las caravanas de migrantes son controladas, en parte, con el uso de la fuerza p\u00fablica, pero no es suficiente.<\/p>\n<p>Tan dif\u00edcil es evitar el paso de indocumentados, que cientos de ellos son localizados en el interior del pa\u00eds, a pesar de la vigilancia en la frontera sur, principalmente. Por supuesto, esos ilegales se exponen a toda clase de riesgos.<\/p>\n<p style=\"text-align: center;\"><strong>Pobreza, violencia y fen\u00f3menos naturales<\/strong><\/p>\n<p>Los or\u00edgenes de la migraci\u00f3n se derivan de la pobreza, violencia y fen\u00f3menos naturales, como terremotos y tormentas tropicales. Millones de centroamericanos carecen de empleo.<\/p>\n<p>En caso de tener alg\u00fan empleo, los sueldos son raqu\u00edticos. Los habitantes de Hait\u00ed, Honduras, El Salvador y Guatemala (el llamado Tri\u00e1ngulo Norte Centroamericano) viven la misma situaci\u00f3n de carencias.\u00a0 En fecha reciente, miles de haitianos llegaron a la frontera sur. Huyen de sus lugares de origen, con la idea de llegar a Estados Unidos. Es necesario saber que Hait\u00ed es el pa\u00eds m\u00e1s pobre del continente. Los isle\u00f1os no tienen otras opciones. Inclusive, ya probaron suerte en Brasil y Chile que abandonaron para reiniciar su \u00e9xodo a EU. A esos cientos de migrantes se suman los centroamericanos.<\/p>\n<p>Ya se podr\u00e1n imaginar c\u00f3mo se encuentran los pueblos mexicanos fronterizos con Guatemala. El gobierno no tiene nada que ofrecer. Solo se concreta a impedirles el paso.<\/p>\n<p>Es cuando surgen esas acciones represivas contra los migrantes, que ahora se multiplicaron por la llegada de m\u00e1s haitianos. De ah\u00ed la necesidad de encontrar f\u00f3rmulas r\u00e1pidas y pr\u00e1cticas para enfrentar la migraci\u00f3n.<\/p>\n<p style=\"text-align: center;\"><strong>No sirven los discursos<\/strong><\/p>\n<p>Con tres a\u00f1os en el poder, el gobierno mexicano a\u00fan contin\u00faa con el problema migratorio. Su papel desde un principio fue evitar el paso de ilegales que pretenden llegar a Estados Unidos.<\/p>\n<p>Un triste papel de polic\u00eda, no siempre con los resultados positivos deseados por M\u00e9xico. As\u00ed ocurri\u00f3 desde el gobierno de Donald Trump y sigue con Joe Biden. Parece que no hay ning\u00fan inter\u00e9s de enfrentar la migraci\u00f3n.<\/p>\n<p>\u00bfSi se conocen las ra\u00edces de los conflictos que obligan a los centroamericanos, haitianos, etc., por qu\u00e9 no atacarlos? En los discursos de los pol\u00edticos se habla de remedios a la crisis y nada m\u00e1s.<\/p>\n<p>Es necesario que los presidentes de los diferentes pa\u00edses se sienten a discutir el tema migratorio con el empe\u00f1o y la decisi\u00f3n de encontrar soluciones; a comprometerse a invertir en la industria para crear empleos, y a combatir a la violencia.<\/p>\n<p>No parece que los mandatarios tengan el inter\u00e9s real de resolver el problema de la migraci\u00f3n. M\u00e9xico debe revisar su pol\u00edtica migratoria para evitar que los indocumentados sufran tratos denigrantes.<\/p>\n<p>Ahora, es importante que las autoridades mexicanas se comprometan a proteger a los migrantes; si no se puede ofrecerles mejores condiciones de vida, s\u00ed cuidarlos de los maltratos de la fuerza p\u00fablica y de los peligros que corren en zonas controladas por la delincuencia organizada.<\/p>\n<p>\u00bfUsted qu\u00e9 opina amable lector?<\/p>\n<p><a href=\"mailto:aco2742@hotmail.com\" target=\"_blank\" rel=\"noopener noreferrer\"><em>aco2742@hotmail.com<\/em><\/a><\/p>\n","protected":false},"excerpt":{"rendered":"<p><span style=\"color: #005497;\"><strong>Augusto Corro<\/strong><\/span><\/p>\n","protected":false},"author":3,"featured_media":0,"comment_status":"open","ping_status":"open","sticky":false,"template":"","format":"standard","meta":{"_monsterinsights_skip_tracking":false,"_monsterinsights_sitenote_active":false,"_monsterinsights_sitenote_note":"","_monsterinsights_sitenote_category":0,"footnotes":""},"categories":[157],"tags":[43686,43674,11515],"class_list":["post-520854","post","type-post","status-publish","format-standard","hentry","category-augusto-corro","tag-augusto-corro","tag-opinion","tag-punto-por-punto"],"_links":{"self":[{"href":"https:\/\/www.diarioimagen.net\/index.php?rest_route=\/wp\/v2\/posts\/520854","targetHints":{"allow":["GET"]}}],"collection":[{"href":"https:\/\/www.diarioimagen.net\/index.php?rest_route=\/wp\/v2\/posts"}],"about":[{"href":"https:\/\/www.diarioimagen.net\/index.php?rest_route=\/wp\/v2\/types\/post"}],"author":[{"embeddable":true,"href":"https:\/\/www.diarioimagen.net\/index.php?rest_route=\/wp\/v2\/users\/3"}],"replies":[{"embeddable":true,"href":"https:\/\/www.diarioimagen.net\/index.php?rest_route=%2Fwp%2Fv2%2Fcomments&post=520854"}],"version-history":[{"count":0,"href":"https:\/\/www.diarioimagen.net\/index.php?rest_route=\/wp\/v2\/posts\/520854\/revisions"}],"wp:attachment":[{"href":"https:\/\/www.diarioimagen.net\/index.php?rest_route=%2Fwp%2Fv2%2Fmedia&parent=520854"}],"wp:term":[{"taxonomy":"category","embeddable":true,"href":"https:\/\/www.diarioimagen.net\/index.php?rest_route=%2Fwp%2Fv2%2Fcategories&post=520854"},{"taxonomy":"post_tag","embeddable":true,"href":"https:\/\/www.diarioimagen.net\/index.php?rest_route=%2Fwp%2Fv2%2Ftags&post=520854"}],"curies":[{"name":"wp","href":"https:\/\/api.w.org\/{rel}","templated":true}]}}