{"id":521020,"date":"2021-09-20T00:01:24","date_gmt":"2021-09-20T05:01:24","guid":{"rendered":"https:\/\/www.diarioimagen.net\/?p=521020"},"modified":"2021-09-20T03:27:54","modified_gmt":"2021-09-20T08:27:54","slug":"falso-nacionalismo","status":"publish","type":"post","link":"https:\/\/www.diarioimagen.net\/?p=521020","title":{"rendered":"Falso nacionalismo"},"content":{"rendered":"<h2>De pe a pa<\/h2>\n<h5>Alberto Vieyra G.<\/h5>\n<p>&nbsp;<\/p>\n<p>Pareciera que el discurso pronunciado por Andr\u00e9s Manuel L\u00f3pez Obrador durante el desfile militar del pasado 16 de septiembre se lo hizo la siempre l\u00e9pera <em>Paquita la del Barrio,<\/em> pero, no, sino que al parecer la perorata le fue encargada al bur\u00f3crata que cobra como director del Fondo de Cultura Econ\u00f3mica, Paco Ignacio Taibo II, quien incluy\u00f3 un dato hist\u00f3rico que debi\u00f3 fascinar a su jefe, experto en el arte de la victimizaci\u00f3n y del falso nacionalismo. En el discurso, AMLO revelar\u00eda 32 motes que el vulgo de aquella \u00e9poca aplicaba al <em>Padre de la Patria<\/em>, Miguel Gregorio Antonio Ignacio Hidalgo y Costilla Gallaga Mandarte y Villase\u00f1or. Los motes en cuesti\u00f3n son:<\/p>\n<p><em>Endurecida alma, escol\u00e1stico sombr\u00edo, monstruo, taimado, coraz\u00f3n fementido, rencoroso, padre de gentes feroces, Cura Sila, entra\u00f1as sin entra\u00f1as, villano, hip\u00f3crita, refinado, tir\u00e1no de tu tierra, pach\u00e1, lo-cura, imprudent\u00edsimo bachiller, caco, malo, mal\u00edsimo, pervers\u00edsimo, ignorant\u00edsimo bachiller Costilla, excelent\u00edsimo p\u00edcaro, homicida, execrable majadero, badulaque, borriqu\u00edsimo, primog\u00e9nito de Satan\u00e1s, maldit\u00edsimo ladr\u00f3n, liberticida, insecto venenoso, energ\u00fameno, archiloco americano<\/em> y le falt\u00f3 uno, <em>zorro<\/em>.<\/p>\n<p>\u00bfQu\u00e9 nos dice semejante maravillosa pieza oratoria de AMLO?<\/p>\n<p>El cura Hidalgo no era chairo, era un poderoso miembro de la alta sociedad conocida como mestizo, hijo de espa\u00f1oles e ind\u00edgenas, pero AMLO lo hace pasar como la v\u00edctima de un sistema pol\u00edtico aplastante que imperaba en aquella \u00e9poca. AMLO es experto en la victimizaci\u00f3n y partidario de que los h\u00e9roes deben ser de un trasnochado nacionalismo de la era pri\u00edsta impecables y pulcros. No, eso es imposible. Los h\u00e9roes son personas de carne y hueso, cuyas vidas est\u00e1n llenas de luces y sombras. Todos los seres humanos, con excepci\u00f3n de Jesucristo tenemos 7 defectos y a los h\u00e9roes se les tiene que presentar con todas sus virtudes y todos sus defectos. No se les puede victimizar porque ello provoca el divisionismo de los pueblos. AMLO nos habla de un falso y perverso nacionalismo divisionista.<\/p>\n<p>\u00bfPor qu\u00e9 no habl\u00f3 AMLO del odio que los espa\u00f1oles propinaron al cura Hidalgo quien, en la Alh\u00f3ndiga de Granaditas en Guanajuato, orden\u00f3 que fueran asesinados decenas de hispan\u00f3filos ricos, lo que le vali\u00f3 que le hicieran una historia negra?<\/p>\n<p>Cuando menos tres escritores le hicieron esa estela negra al cura: el primero de ellos ser\u00eda Lucas Alam\u00e1n, quien ten\u00eda 17 a\u00f1os cuando ocurrieron los sucesos en Guanajuato. La madre de \u00e9ste hab\u00eda pedido en una carta al cura que le perdonar\u00e1 la vida a un hacendado espa\u00f1ol, lo cual no ocurri\u00f3 y dar\u00eda lugar a que Lucas Alam\u00e1n en su libro sobre la historia de M\u00e9xico se comiera vivo a el libertador. Tambi\u00e9n otro autor guanajuatense escribir\u00eda un libro negro sobre el cura que solamente existe en los acervos de la Universidad de Tamaulipas. Y el \u00faltimo gran odiador del cura Hidalgo es Paco Ignacio Taibo II en uno de sus libros sobre el cura Hidalgo, el autor de la perorata de AMLO El pr\u00f3ximo 27 de septiembre se cumplir\u00e1n dos siglos de la entrada triunfal del Ej\u00e9rcito Trigarante a la Ciudad de M\u00e9xico y la consumaci\u00f3n de la Independencia nacional a cargo de Vicente Guerrero Salda\u00f1a y Agust\u00edn de Iturbide. Es casi seguro, que AMLO recurrir\u00e1 nuevamente a la victimizaci\u00f3n de otro de los h\u00e9roes. Desde\u00f1ar\u00e1 el papel de Agust\u00edn de Iturbide y le dar\u00e1 todo el cr\u00e9dito a Vicente Guerrero, de quien sus detractores han dicho que era un hombre inculto, mal hablado y que ni siquiera sab\u00eda firmar y escribir. Falso de toda falsedad, Guerrero era un mas\u00f3n con una extraordinaria sabidur\u00eda, pero a Vicente Guerrero ya lo victimiz\u00f3, en la era pri\u00edsta, Luis Echeverr\u00eda \u00c1lvarez.<\/p>\n<p>Iturbide resulta ser el gran h\u00e9roe, pero solamente para la Iglesia cat\u00f3lica y la derecha fif\u00ed espa\u00f1ola. As\u00ed que nuevos discursos de victimizaci\u00f3n de los h\u00e9roes para dividir a M\u00e9xico nos esperan a cargo de AMLO.<\/p>\n<p><a href=\"mailto:info@agenciamn.com\" target=\"_blank\" rel=\"noopener noreferrer\"><em>info@agenciamn.com<\/em><\/a><\/p>\n","protected":false},"excerpt":{"rendered":"<p><span style=\"color: #005497;\"><strong>Alberto Vieyra G.<\/strong><\/span><\/p>\n","protected":false},"author":3,"featured_media":0,"comment_status":"open","ping_status":"open","sticky":false,"template":"","format":"standard","meta":{"_monsterinsights_skip_tracking":false,"_monsterinsights_sitenote_active":false,"_monsterinsights_sitenote_note":"","_monsterinsights_sitenote_category":0,"footnotes":""},"categories":[4596],"tags":[43697,4597,65087],"class_list":["post-521020","post","type-post","status-publish","format-standard","hentry","category-alberto-vieyra-g","tag-alberto-vieyra-g","tag-de-pe-a-pa","tag-opiinion"],"_links":{"self":[{"href":"https:\/\/www.diarioimagen.net\/index.php?rest_route=\/wp\/v2\/posts\/521020","targetHints":{"allow":["GET"]}}],"collection":[{"href":"https:\/\/www.diarioimagen.net\/index.php?rest_route=\/wp\/v2\/posts"}],"about":[{"href":"https:\/\/www.diarioimagen.net\/index.php?rest_route=\/wp\/v2\/types\/post"}],"author":[{"embeddable":true,"href":"https:\/\/www.diarioimagen.net\/index.php?rest_route=\/wp\/v2\/users\/3"}],"replies":[{"embeddable":true,"href":"https:\/\/www.diarioimagen.net\/index.php?rest_route=%2Fwp%2Fv2%2Fcomments&post=521020"}],"version-history":[{"count":0,"href":"https:\/\/www.diarioimagen.net\/index.php?rest_route=\/wp\/v2\/posts\/521020\/revisions"}],"wp:attachment":[{"href":"https:\/\/www.diarioimagen.net\/index.php?rest_route=%2Fwp%2Fv2%2Fmedia&parent=521020"}],"wp:term":[{"taxonomy":"category","embeddable":true,"href":"https:\/\/www.diarioimagen.net\/index.php?rest_route=%2Fwp%2Fv2%2Fcategories&post=521020"},{"taxonomy":"post_tag","embeddable":true,"href":"https:\/\/www.diarioimagen.net\/index.php?rest_route=%2Fwp%2Fv2%2Ftags&post=521020"}],"curies":[{"name":"wp","href":"https:\/\/api.w.org\/{rel}","templated":true}]}}