{"id":521042,"date":"2021-09-20T00:08:16","date_gmt":"2021-09-20T05:08:16","guid":{"rendered":"https:\/\/www.diarioimagen.net\/?p=521042"},"modified":"2021-09-20T03:54:20","modified_gmt":"2021-09-20T08:54:20","slug":"las-rabietas-de-maduro-y-diaz-canel","status":"publish","type":"post","link":"https:\/\/www.diarioimagen.net\/?p=521042","title":{"rendered":"Las rabietas de Maduro y D\u00edaz-Canel"},"content":{"rendered":"<h2>Detr\u00e1s del Poder<\/h2>\n<h5>Jos\u00e9 Antonio L\u00f3pez Sosa<\/h5>\n<p>&nbsp;<\/p>\n<p><strong>Las Vegas, Nevada.\u2014<\/strong> Ninguno de los dos mandatarios, ni el de Venezuela ni el de Cuba, est\u00e1n acostumbrados, ni de lejos, a que les contradigan en algo, menos a\u00fan que cuestionen la legalidad, legitimidad de sus reg\u00edmenes o la certeza en la voluntad de sus deseos.<\/p>\n<p>Durante la cumbre de la Celac en la Ciudad de M\u00e9xico, como todos vimos, tanto el presidente de Uruguay como de Paraguay, arremetieron contra el ejercicio y la falta de libertades y democracia de ambos presidentes, el de Cuba y el de Venezuela. Visiblemente descompuestos e iracundos, ambos reaccionaron con fuerza\u00a0\u00a0muy molestos por el cuestionamiento, insisto, no est\u00e1n acostumbrados a pasar por el m\u00e1s m\u00ednimo escrutinio.<\/p>\n<p>Marcelo Ebrard tuvo que quedarse en silencio, as\u00ed como el resto de los asistentes, la ira hizo que Maduro, arrebatado como es, tratara de interrumpir gritando con el micr\u00f3fono apagado, acostumbrado a sus m\u00edtines a modo con seguidores que todo lo aplauden, evidentemente no est\u00e1 preparado -y nunca lo ha estado- para un debate de altura con sus pares, m\u00e1s bien pertenece al griter\u00edo de la tribuna popular y a la asamblea callejera donde sus deseos son \u00f3rdenes.<\/p>\n<p>Estamos muy lejos de convertir a Am\u00e9rica Latina en algo parecido a la Uni\u00f3n Europea, mientras reg\u00edmenes como el de Venezuela, Cuba y Nicaragua persistan, mientras los Estados Unidos tenga injerencia en distintos pa\u00edses del continente y mientras gente del gobierno de M\u00e9xico -y otras naciones- siga defendiendo lo indefendible con relaci\u00f3n al tema de Cuba, Nicaragua y Venezuela.<\/p>\n<p>La ventaja de esta cumbre de Celac es que se escuch\u00f3 alto y fuerte que estos tres pa\u00edses se han convertido en dictaduras, no tienen democracia y se persigue a quien piensa distinto. De los dem\u00e1s pa\u00edses del continente -M\u00e9xico incluido- depende que estas naciones autoritarias prosperen con voz y voto en asambleas internacionales.<\/p>\n<p>Hoy, Maduro volver\u00e1 a Venezuela y D\u00edaz-Canel a Cuba, donde sus palabras son ley y donde nadie puede ni de lejos contradecirlos, donde no hay espacio para disentir y donde el adoctrinamiento sustituye a las libertades.<\/p>\n<p>Apuntes a nuestro subdesarrollo.<\/p>\n<p><em><a href=\"http:\/\/www.lopezsosa.com\" target=\"_blank\" rel=\"noopener\">www.lopezsosa.com<\/a><\/em><br \/>\n<em><a href=\"mailto:joseantonio@lopezsosa.com\" target=\"_blank\" rel=\"noopener\">joseantonio@lopezsosa.com<\/a><\/em><br \/>\n<em><a href=\"http:\/\/twitter.com\/joseantonio1977\" target=\"_blank\" rel=\"noopener\">@joseantonio197<\/a><\/em><\/p>\n","protected":false},"excerpt":{"rendered":"<p><span style=\"color: #005497;\"><strong>Jos\u00e9 Antonio L\u00f3pez Sosa<\/strong><\/span><\/p>\n","protected":false},"author":3,"featured_media":0,"comment_status":"open","ping_status":"open","sticky":false,"template":"","format":"standard","meta":{"_monsterinsights_skip_tracking":false,"_monsterinsights_sitenote_active":false,"_monsterinsights_sitenote_note":"","_monsterinsights_sitenote_category":0,"footnotes":""},"categories":[637],"tags":[638,43690,43674],"class_list":["post-521042","post","type-post","status-publish","format-standard","hentry","category-jose-antonio-lopez-sosa","tag-detras-del-poder","tag-jose-antonio-lopez-sosa","tag-opinion"],"_links":{"self":[{"href":"https:\/\/www.diarioimagen.net\/index.php?rest_route=\/wp\/v2\/posts\/521042","targetHints":{"allow":["GET"]}}],"collection":[{"href":"https:\/\/www.diarioimagen.net\/index.php?rest_route=\/wp\/v2\/posts"}],"about":[{"href":"https:\/\/www.diarioimagen.net\/index.php?rest_route=\/wp\/v2\/types\/post"}],"author":[{"embeddable":true,"href":"https:\/\/www.diarioimagen.net\/index.php?rest_route=\/wp\/v2\/users\/3"}],"replies":[{"embeddable":true,"href":"https:\/\/www.diarioimagen.net\/index.php?rest_route=%2Fwp%2Fv2%2Fcomments&post=521042"}],"version-history":[{"count":0,"href":"https:\/\/www.diarioimagen.net\/index.php?rest_route=\/wp\/v2\/posts\/521042\/revisions"}],"wp:attachment":[{"href":"https:\/\/www.diarioimagen.net\/index.php?rest_route=%2Fwp%2Fv2%2Fmedia&parent=521042"}],"wp:term":[{"taxonomy":"category","embeddable":true,"href":"https:\/\/www.diarioimagen.net\/index.php?rest_route=%2Fwp%2Fv2%2Fcategories&post=521042"},{"taxonomy":"post_tag","embeddable":true,"href":"https:\/\/www.diarioimagen.net\/index.php?rest_route=%2Fwp%2Fv2%2Ftags&post=521042"}],"curies":[{"name":"wp","href":"https:\/\/api.w.org\/{rel}","templated":true}]}}