{"id":521054,"date":"2021-09-20T00:12:42","date_gmt":"2021-09-20T05:12:42","guid":{"rendered":"https:\/\/www.diarioimagen.net\/?p=521054"},"modified":"2021-09-20T04:05:22","modified_gmt":"2021-09-20T09:05:22","slug":"mal-calculo-de-ebrard-con-lo-de-la-celac-le-retirara-amlo-la-vicepresidencia","status":"publish","type":"post","link":"https:\/\/www.diarioimagen.net\/?p=521054","title":{"rendered":"Mal c\u00e1lculo de Ebrard con lo de la Celac&#8230; \u00bfle retirar\u00e1 AMLO la <em>vicepresidencia<\/em>?"},"content":{"rendered":"<h2>Tras la puerta del poder<\/h2>\n<h5>Roberto Vizca\u00edno<\/h5>\n<p>&nbsp;<\/p>\n<p>El encuentro de la Comunidad de Estados Latinoamericanos y Caribe\u00f1os, la Celac, del fin de la semana pasada en Palacio fue simple y llanamente un desastre.<\/p>\n<p>De entrada pretender, como se intent\u00f3, usar a la Celac para ejecutar y sepultar a la OEA, fue un mal\u00edsimo chiste.<\/p>\n<p><strong>Quedamos<\/strong> \u2014como pa\u00eds y gobierno\u2014 <strong>p\u00e9simo<\/strong>, no s\u00f3lo con <strong>Joe Biden<\/strong>, sino con el Congreso, los capitales y empresarios, ciudadanos y el exilio cubano y latinoamericano en EU, al afiliarnos abiertamente con los residuos socialistas y populistas latinoamericanos.<\/p>\n<p>Decenas de memes y videos con reclamos y mentadas lo atestiguan.<\/p>\n<p>Mal tambi\u00e9n, con los gobiernos y los habitantes del resto del continente y Caribe porque el encuentro ni produjo unidad ni proyectos o acuerdos de desarrollo o bienestar, sino m\u00e1s confrontaci\u00f3n y desuni\u00f3n.<\/p>\n<p>Faltaron muchos. Los m\u00e1s importantes. Los presidentes de Argentina, Brasil, Colombia, Panam\u00e1, Ecuador, Chile, ni pelaron el encuentro. En cambio vinieron tiranos como <strong>Nicol\u00e1s Maduro<\/strong> y <strong>Miguel D\u00edaz-Canel<\/strong> que fueron duramente cuestionados y criticados por los presidentes de Uruguay <strong>Luis Lacalle<\/strong>, y de Paraguay, <strong>Mario Ben\u00edtez<\/strong>.<\/p>\n<p>Ah\u00ed, el encuentro ideado por <strong>Ebrard<\/strong> y <strong>AMLO<\/strong> para posicionar al tabasque\u00f1o como l\u00edder continental, simplemente no cuaj\u00f3, sino todo lo contrario.<\/p>\n<p>Peor nos fue con los pueblos de Cuba, Venezuela, Nicaragua y el resto de los populistas bolivarianos que nunca esperaron ver a un presidente como <strong>Andr\u00e9s Manuel L\u00f3pez Obrador<\/strong> d\u00e1ndoles la mejor de las recepciones, los lugares de privilegio y los mayores elogios a sus tiranos.<\/p>\n<p>Bueno, ni qu\u00e9 decir de lo que piensan y confirman mandatarios y ciudadanos del resto del mundo, en especial los europeos, al ver c\u00f3mo el mandatario mexicano no s\u00f3lo mostr\u00f3 peque\u00f1ez, poco car\u00e1cter, miedo esc\u00e9nico e incapacidad pol\u00edtica en la conducci\u00f3n del encuentro, sino una debilidad insospechada al dejarle a su canciller <strong>Marcelo Ebrard<\/strong> dirigir la reuni\u00f3n.<\/p>\n<p>Con ello, <strong>AMLO <\/strong>confirm\u00f3 <strong>Ebrard<\/strong> como su \u201cvicepresidente\u201d de facto. Ya antes lo hab\u00eda apuntado al dejarlo encabezar el encuentro de Alto Nivel M\u00e9xico-EU de hace unos 20 d\u00edas con la vicepresidenta de EU, <strong>Kamala Harris, <\/strong>en la Casa Blanca en Washington.<\/p>\n<p><strong>Ebrard<\/strong> y <strong>AMLO<\/strong> mostraron m\u00e1s que \u201cingenuidad\u201d -cosa que en mayores de 18 a\u00f1os se denomina de otra forma- al pretender impulsar la creaci\u00f3n de una alianza, acuerdo continental similar al de la Uni\u00f3n Europea.<\/p>\n<p>S\u00f3lo al plantearlo desvelan un absoluto desconocimiento de la historia.<\/p>\n<p>La Uni\u00f3n Europea se origina en los Acuerdos de Maastricht, donde los grandes l\u00edderes europeos, luego de la Segunda Guerra Mundial, idearon y construyeron una f\u00f3rmula pol\u00edtica y social, no econ\u00f3mica (sus consecuencias son circunstanciales, no esenciales), para ponerle fin a los muy frecuentes y cruentos conflictos que se dieron a lo largo de 10 siglos entre esos pa\u00edses.<\/p>\n<p>Nada que ver con la realidad latinoamericana.\u00a0 En fin, puras ocurrencias e improvisaci\u00f3n.<\/p>\n<p style=\"text-align: center;\"><strong>Monreal no pierde piso<\/strong><\/p>\n<p>Colocado frente a este y otros escenarios, <strong>Ricardo Monreal<\/strong> dijo ayer que lo que M\u00e9xico necesita, es <strong><em>unidad, conciliaci\u00f3n, progreso, desarrollo, seguridad<\/em><\/strong>.<\/p>\n<p>\u201cHay que ver c\u00f3mo reconciliamos en todos los niveles a la pol\u00edtica, para que el pa\u00eds camine en unidad\u201d, indic\u00f3.<\/p>\n<p>Su pronunciamiento lo hizo desde Tepic, Nayarit, al acudir a la toma de posesi\u00f3n del gobernador <strong>Miguel \u00c1ngel Navarro. <\/strong><\/p>\n<p>El llamado del zacatecano tiene que ver con que esta semana contin\u00faa la Glosa y comparecencias en el Senado y San L\u00e1zaro al parejo de la disputa en ambas c\u00e1maras por las presidencias de las Comisiones legislativas.<\/p>\n<p><em><a href=\"mailto:rvizcainoa@gmail.com\" target=\"_blank\" rel=\"noopener noreferrer\">rvizcainoa@gmail.com<\/a><br \/>\n<a href=\"http:\/\/endirecto.mx\" target=\"_blank\" rel=\"noopener noreferrer\">www.endirecto.mx<\/a><br \/>\n<a href=\"https:\/\/twitter.com\/_rvizcaino\" target=\"_blank\" rel=\"noopener noreferrer\">@_RVizcaino<\/a><br \/>\n<a href=\"https:\/\/www.facebook.com\/rvizcainoa\" target=\"_blank\" rel=\"noopener noreferrer\">facebook.com\/rvizcainoa<\/a><\/em><\/p>\n","protected":false},"excerpt":{"rendered":"<p><span style=\"color: #005497;\"><strong>Roberto Vizca\u00edno<\/strong><\/span><br \/>\n<br \/>\nEl encuentro de la Comunidad de Estados Latinoamericanos y Caribe\u00f1os, la Celac, del fin de la semana pasada en Palacio fue simple y llanamente un desastre.<\/p>\n","protected":false},"author":3,"featured_media":0,"comment_status":"open","ping_status":"open","sticky":false,"template":"","format":"standard","meta":{"_monsterinsights_skip_tracking":false,"_monsterinsights_sitenote_active":false,"_monsterinsights_sitenote_note":"","_monsterinsights_sitenote_category":0,"footnotes":""},"categories":[136],"tags":[43674,93,94],"class_list":["post-521054","post","type-post","status-publish","format-standard","hentry","category-roberto-vizcaino-opinion","tag-opinion","tag-roberto-vizcaino","tag-tras-la-puerta-del-poder"],"_links":{"self":[{"href":"https:\/\/www.diarioimagen.net\/index.php?rest_route=\/wp\/v2\/posts\/521054","targetHints":{"allow":["GET"]}}],"collection":[{"href":"https:\/\/www.diarioimagen.net\/index.php?rest_route=\/wp\/v2\/posts"}],"about":[{"href":"https:\/\/www.diarioimagen.net\/index.php?rest_route=\/wp\/v2\/types\/post"}],"author":[{"embeddable":true,"href":"https:\/\/www.diarioimagen.net\/index.php?rest_route=\/wp\/v2\/users\/3"}],"replies":[{"embeddable":true,"href":"https:\/\/www.diarioimagen.net\/index.php?rest_route=%2Fwp%2Fv2%2Fcomments&post=521054"}],"version-history":[{"count":0,"href":"https:\/\/www.diarioimagen.net\/index.php?rest_route=\/wp\/v2\/posts\/521054\/revisions"}],"wp:attachment":[{"href":"https:\/\/www.diarioimagen.net\/index.php?rest_route=%2Fwp%2Fv2%2Fmedia&parent=521054"}],"wp:term":[{"taxonomy":"category","embeddable":true,"href":"https:\/\/www.diarioimagen.net\/index.php?rest_route=%2Fwp%2Fv2%2Fcategories&post=521054"},{"taxonomy":"post_tag","embeddable":true,"href":"https:\/\/www.diarioimagen.net\/index.php?rest_route=%2Fwp%2Fv2%2Ftags&post=521054"}],"curies":[{"name":"wp","href":"https:\/\/api.w.org\/{rel}","templated":true}]}}