{"id":521169,"date":"2021-09-21T00:06:16","date_gmt":"2021-09-21T05:06:16","guid":{"rendered":"https:\/\/www.diarioimagen.net\/?p=521169"},"modified":"2021-09-21T06:54:25","modified_gmt":"2021-09-21T11:54:25","slug":"inician-grabaciones-de-los-ricos-tambien-lloran","status":"publish","type":"post","link":"https:\/\/www.diarioimagen.net\/?p=521169","title":{"rendered":"Inician grabaciones de \u201cLos ricos tambi\u00e9n lloran\u201d"},"content":{"rendered":"<p>&nbsp;<\/p>\n<ul>\n<li><strong><em>Claudia Mart\u00edn y Sebasti\u00e1n Rulli, protagonistas de esta historia que traspas\u00f3 fronteras con Ver\u00f3nica Castro y Rogelio Guerra<\/em><\/strong><\/li>\n<\/ul>\n<p>&nbsp;<\/p>\n<div id=\"attachment_521271\" style=\"width: 470px\" class=\"wp-caption aligncenter\"><a href=\"https:\/\/www.diarioimagen.net\/?attachment_id=521271\" rel=\"attachment wp-att-521271\"><img loading=\"lazy\" decoding=\"async\" aria-describedby=\"caption-attachment-521271\" class=\"size-full wp-image-521271\" src=\"https:\/\/www.diarioimagen.net\/wp-content\/uploads\/2021\/09\/los-ricos-tambien-lloran.jpg\" alt=\"\" width=\"460\" height=\"576\" \/><\/a><p id=\"caption-attachment-521271\" class=\"wp-caption-text\">\u201cLos ricos tambi\u00e9n lloran\u201d con las actuaciones estelares de Claudia Mart\u00edn y Sebasti\u00e1n Rulli estrenar\u00e1 por las estrellas en febrero de 2022, en el horario de las 21:30 horas.<\/p><\/div>\n<p>&nbsp;<\/p>\n<p>\u201cLos ricos tambi\u00e9n lloran\u201d, protagonizada por Claudia Mart\u00edn, Sebasti\u00e1n Rulli y Fabiola Guajardo, comenz\u00f3 grabaciones en la Ciudad de M\u00e9xico, producci\u00f3n de Carlos Bardasano.<\/p>\n<p>\u201cLos ricos tambi\u00e9n lloran\u201d cuenta la historia de Mariana una joven humilde y aguerrida que tras quedarse sola y desamparada, llega por designios del destino a la vida de Don Alberto Salvatierra, interpretado por Guillermo Garc\u00eda Cant\u00fa, un magnate empresarial y uno de los hombres m\u00e1s adinerados y poderosos del pa\u00eds.<\/p>\n<p>Ah\u00ed, Mariana conocer\u00e1 a Luis Alberto Salvatierra uno de los solteros m\u00e1s\u00a0 cotizados, quien vive su propio dolor y quien, seducido por el carisma, la belleza y la autenticidad de Mariana encontrar\u00e1 el verdadero y m\u00e1s honesto amor.<\/p>\n<p>Un romance ajeno a los niveles socioecon\u00f3micos, a los prejuicios sociales y catalogado como uno de las m\u00e1s ic\u00f3nicos de todos los tiempos, pero marcado por la tragedia, las intrigas, los celos, las mentiras y hasta la muerte.<\/p>\n<p>\u201cLos ricos tambi\u00e9n lloran\u201d cuenta con las actuaciones estelares de Azela Robinson, Alejandra Barros, V\u00edctor Gonz\u00e1lez, Henry Zakka Arturo Barba, Sergio Reynoso, Rub\u00e9n Sanz, Jos\u00e9 Luis Franco, Dalilah Polanco, Dobrina Cristeva y Luis Gatica Se suman al elenco protag\u00f3nico Lorena Graniewicz, Diego Klein, Mario Moran, Thal\u00ed Garc\u00eda, Michelle Jurado, Antonio Fortier Mimi Morales, Paola Toyos, Carlos Gatica y Hugo Catal\u00e1n.<\/p>\n<p>\u201cLos ricos tambi\u00e9n lloran\u201d es dirigida por Luis Manzo \u201cSi nos dejan\u201d, \u201cC\u00f3mo t\u00fa no hay 2\u201d y Pavel V\u00e1zquez.<\/p>\n<p>Es una historia original de In\u00e9s Rodena y escrita por Esther Feldman \u201cEl Drag\u00f3n\u201d y Rosa Salazar \u201cLo que La vida Me rob\u00f3\u201d.<\/p>\n<p>\u201cLos ricos tambi\u00e9n lloran estrenar\u00e1 por las estrellas en febrero de 2022, en el horario de las 21:30 horas.<\/p>\n<p><strong>\u00a0<\/strong><\/p>\n<blockquote><p><strong>Despu\u00e9s de 42 a\u00f1os de haberse estrenado por primera vez, los fan\u00e1ticos de los melodramas podr\u00e1n vivir nuevamente esta conmovedora historia que le dio la vuelta al mundo al final de la d\u00e9cada de 1970, la cual fue protagonizada por Ver\u00f3nica Castro y Rogelio Guerra<\/strong><\/p><\/blockquote>\n","protected":false},"excerpt":{"rendered":"<p>\u201cLos ricos tambi\u00e9n lloran\u201d, protagonizada por Claudia Mart\u00edn, Sebasti\u00e1n Rulli y Fabiola Guajardo, comenz\u00f3 grabaciones en la Ciudad de M\u00e9xico, producci\u00f3n de Carlos Bardasano.<\/p>\n","protected":false},"author":3,"featured_media":521271,"comment_status":"open","ping_status":"open","sticky":false,"template":"","format":"standard","meta":{"_monsterinsights_skip_tracking":false,"_monsterinsights_sitenote_active":false,"_monsterinsights_sitenote_note":"","_monsterinsights_sitenote_category":0,"footnotes":""},"categories":[12],"tags":[43682,73461,3785],"class_list":["post-521169","post","type-post","status-publish","format-standard","has-post-thumbnail","hentry","category-espectaculos","tag-espectaculos","tag-los-ricos-tambien-lloran","tag-sebastian-rulli"],"_links":{"self":[{"href":"https:\/\/www.diarioimagen.net\/index.php?rest_route=\/wp\/v2\/posts\/521169","targetHints":{"allow":["GET"]}}],"collection":[{"href":"https:\/\/www.diarioimagen.net\/index.php?rest_route=\/wp\/v2\/posts"}],"about":[{"href":"https:\/\/www.diarioimagen.net\/index.php?rest_route=\/wp\/v2\/types\/post"}],"author":[{"embeddable":true,"href":"https:\/\/www.diarioimagen.net\/index.php?rest_route=\/wp\/v2\/users\/3"}],"replies":[{"embeddable":true,"href":"https:\/\/www.diarioimagen.net\/index.php?rest_route=%2Fwp%2Fv2%2Fcomments&post=521169"}],"version-history":[{"count":0,"href":"https:\/\/www.diarioimagen.net\/index.php?rest_route=\/wp\/v2\/posts\/521169\/revisions"}],"wp:featuredmedia":[{"embeddable":true,"href":"https:\/\/www.diarioimagen.net\/index.php?rest_route=\/wp\/v2\/media\/521271"}],"wp:attachment":[{"href":"https:\/\/www.diarioimagen.net\/index.php?rest_route=%2Fwp%2Fv2%2Fmedia&parent=521169"}],"wp:term":[{"taxonomy":"category","embeddable":true,"href":"https:\/\/www.diarioimagen.net\/index.php?rest_route=%2Fwp%2Fv2%2Fcategories&post=521169"},{"taxonomy":"post_tag","embeddable":true,"href":"https:\/\/www.diarioimagen.net\/index.php?rest_route=%2Fwp%2Fv2%2Ftags&post=521169"}],"curies":[{"name":"wp","href":"https:\/\/api.w.org\/{rel}","templated":true}]}}