{"id":521318,"date":"2021-09-22T00:01:19","date_gmt":"2021-09-22T05:01:19","guid":{"rendered":"https:\/\/www.diarioimagen.net\/?p=521318"},"modified":"2021-09-22T05:35:14","modified_gmt":"2021-09-22T10:35:14","slug":"club-med-magna-marbella-en-malaga-espana-abrira-sus-puertas-el-proximo-ano","status":"publish","type":"post","link":"https:\/\/www.diarioimagen.net\/?p=521318","title":{"rendered":"<em>Club Med Magna Marbella<\/em>, en M\u00e1laga, Espa\u00f1a abrir\u00e1 sus puertas el pr\u00f3ximo a\u00f1o"},"content":{"rendered":"<h2>De cinco estrellas<\/h2>\n<h5>Victoria Gonz\u00e1lez Prado<\/h5>\n<p>&nbsp;<\/p>\n<ul>\n<li><strong><em>La digitalizaci\u00f3n tur\u00edstica en Pueblos M\u00e1gicos se impulsar\u00e1 sin costo al erario p\u00fablico<\/em><\/strong><\/li>\n<li><strong><em>Para impulsar la formaci\u00f3n de estudiantes Aerom\u00e9xico y el Tec de Monterrey se unen<\/em><\/strong><\/li>\n<li><strong><em>Paola F\u00e9lix D\u00edaz, quien particip\u00f3 en \u201cLa Academia\u201d, nueva titular de la Sectur CDMX<\/em><\/strong><\/li>\n<\/ul>\n<p><em>\u00a0<\/em><\/p>\n<div id=\"attachment_521391\" style=\"width: 470px\" class=\"wp-caption aligncenter\"><a href=\"https:\/\/www.diarioimagen.net\/?attachment_id=521391\" rel=\"attachment wp-att-521391\"><img loading=\"lazy\" decoding=\"async\" aria-describedby=\"caption-attachment-521391\" class=\"size-full wp-image-521391\" src=\"https:\/\/www.diarioimagen.net\/wp-content\/uploads\/2021\/09\/turismo-7.jpg\" alt=\"\" width=\"460\" height=\"270\" \/><\/a><p id=\"caption-attachment-521391\" class=\"wp-caption-text\">El nuevo resort en M\u00e1laga, Espa\u00f1a.<\/p><\/div>\n<p>&nbsp;<\/p>\n<p><em>Club Med Magna Marbella<\/em>, en M\u00e1laga, Espa\u00f1a abrir\u00e1 sus puertas el pr\u00f3ximo a\u00f1o. La cadena especializada en hoteles de lujo todo incluido que pertenece al grupo chino Fosun, regresar\u00e1\u00a0 a Espa\u00f1a luego de numerosos retrasos.<\/p>\n<p>Actualmente, la compa\u00f1\u00eda, opera 68 resorts en 26 pa\u00edses, naci\u00f3 originalmente en Espa\u00f1a con sistema de carpas instaladas en las playas de Baleares, pero, no ten\u00eda presencia en el pa\u00eds desde 2007 cuando cerr\u00f3 su inmueble en Puerto de Santa Mar\u00eda, C\u00e1diz.<\/p>\n<p>El nuevo <em>Club Med Magna<\/em> \u2013cerca del casco antiguo de Marbella\u2013 contar\u00e1 con 486 habitaciones, 12 hect\u00e1reas de jardines, diferentes tipos de piscinas y laguna de 900 metros cuadrados. Tendr\u00e1, entre otras actividades, p\u00e1del, golf, senderismo y terapias de spa. El resort dar\u00e1 cabida los m\u00e1s peque\u00f1os de la familia, con tres piscinas a su disposici\u00f3n y opciones de cuidado para ni\u00f1os y adolescentes hasta los 17 a\u00f1os.<\/p>\n<p>\u2730\u2730\u2730\u2730\u2730 La digitalizaci\u00f3n tur\u00edstica en Pueblos M\u00e1gicos se impulsar\u00e1 sin costo al erario p\u00fablico y est\u00e1 alineada a la Estrategia Nacional 2021-2014 emitida por el Gobierno de M\u00e9xico para que los mexicanos tengan acceso a tecnolog\u00edas de informaci\u00f3n, as\u00ed lo asegur\u00f3 <strong>Miguel Torruco Marqu\u00e9s<\/strong>, secretario de turismo federal (Sectur), en conferencia de prensa.<\/p>\n<p>En este sentido, el titular de la Sectur dijo: \u201cla digitalizaci\u00f3n de los pueblos m\u00e1gicos responde a la necesidad de hacer posible el uso y desarrollo incluyente de las tecnolog\u00edas de la informaci\u00f3n y comunicaci\u00f3n mediante su incorporaci\u00f3n a la vida cotidiana y productiva de los establecimientos tur\u00edsticos y c\u00f3mo cerrar con ello la brecha a las necesidades de acceso a la cultura digital. Contar con un sector digitalizado es vital para que la actividad tur\u00edstica pueda enfrentar el futuro con viabilidad y sobre todo con \u00e9xito, por tal raz\u00f3n todos los actores debemos entender que la digitalizaci\u00f3n es el camino para seguir y avanzar en los pr\u00f3ximos ciclos tur\u00edsticos\u201d.<\/p>\n<p>Cabe recordar que la pandemia por Covid-19 impuls\u00f3 el turismo carretero que ha beneficiado a los 132 pueblos m\u00e1gicos del pa\u00eds, y menos de 20 por ciento de los prestadores de servicios tur\u00edsticos tienen herramientas digitales para llevar a cabo las reservaciones, pagos y ventas.<\/p>\n<p>Esta situaci\u00f3n llev\u00f3 a la Sectur a implementar la Cruzada Nacional por la Digitalizaci\u00f3n Tur\u00edstica en Pueblos M\u00e1gicos con la intenci\u00f3n de digitalizar a los prestadores de servicios tur\u00edsticos, touroperadores y pymes en dichos destinos y arrancar\u00e1 en los pueblos m\u00e1gicos de Aguascalientes, Chiapas, Estado de M\u00e9xico, Oaxaca y Puebla.<\/p>\n<p>Torruco asegur\u00f3 que \u201cla Cruzada Nacional por la Digitalizaci\u00f3n Tur\u00edstica en Pueblos M\u00e1gicos responde a las necesidades de las pymes sobre todo de hospedaje para contar con instrumentos para acceder a actividades esenciales como la promoci\u00f3n, comercializaci\u00f3n y distribuci\u00f3n de productos en plataformas y redes sociales para su posicionamiento en el mercado\u201d.<\/p>\n<p>Reiter\u00f3 que la Cruzada Nacional por la Digitalizaci\u00f3n Tur\u00edstica en Pueblos M\u00e1gicos se realizar\u00e1 junto con la iniciativa privada: <em>Google,<\/em> Despegar, <em>Gueest<\/em> y Trotamundos para impulsar programa integral que aborde las necesidades de digitalizaci\u00f3n actuales.<\/p>\n<p>De acuerdo con <em>Oxford Tourism Economics<\/em> la digitalizaci\u00f3n en el sector tur\u00edstico mexicano impulsar\u00e1 aumento acumulado de 13.1 billones de d\u00f3lares (bdd) de derrama tur\u00edstica durante los pr\u00f3ximos cinco a\u00f1os, la creaci\u00f3n de hasta 142 mil nuevos puestos de trabajo (directos, indirectos, inducidos) y 21.5 millones m\u00e1s de noches de hospedaje en el pa\u00eds.<\/p>\n<p>En su oportunidad, <strong>Julian Coulter<\/strong>, director de <em>Google<\/em> M\u00e9xico asegur\u00f3 que la econom\u00eda digital impacta en las empresas de todos los tama\u00f1os, por lo que la innovaci\u00f3n representa la columna vertebral del \u00e9xito para el sector tur\u00edstico.<\/p>\n<p>La participaci\u00f3n del buscador se centrar\u00e1 en presentar estrategia a trav\u00e9s de las las herramientas de <em>Google, YouTube<\/em> y <em>Waze<\/em>; desde dar ubicaciones concretas de los pueblos m\u00e1gicos hasta recomendar experiencias tur\u00edsticas, creativas y educativas.<\/p>\n<p>Por su parte, <strong>Lina Ornelas<\/strong>,\u00a0 jefa de Pol\u00edticas P\u00fablicas y Relaciones con Gobierno de <em>Google<\/em> precis\u00f3 que 75 por ciento de las personas usan su motor de b\u00fasqueda para encontrar empresas y hoteles cerca de su ubicaci\u00f3n, adem\u00e1s de que los perfiles de negocio en el mapa que se actualizan de forma peri\u00f3dica tiene cinco veces m\u00e1s vistas en comparaci\u00f3n con los no actualizados, lo cual incrementar\u00eda 300 por ciento sus ventas.<\/p>\n<p>\u201cHoy en d\u00eda las plataformas de internet permiten la generaci\u00f3n de nuevos emprendimientos, llegar a nuevos mercados y aumentar la productividad optimizando costos. Por ejemplo, 85 por ciento \u2014en 2019\u2014 de los turistas que visitaron M\u00e9xico hicieron sus compras v\u00eda <em>online,<\/em> la pandemia ha puesto de relieve que las soluciones digitales han sido centrales en la reactivaci\u00f3n de todo tipos de actividades en el mundo: desde econ\u00f3micas, sociales y culturales\u201d, finaliz\u00f3 <strong>Ornelas<\/strong>.<\/p>\n<p><strong>\u00a0<\/strong>\u2730\u2730\u2730\u2730\u2730 Para impulsar el desarrollo profesional de estudiantes, Aerom\u00e9xico, se uni\u00f3 al programa de Socios Formadores del Tecnol\u00f3gico de Monterrey.<\/p>\n<p>Como parte de esta alianza, la empresa y m\u00e1s de 3 mil 500 estudiantes del primer semestre de la carrera de negocios participaron en el \u201cReto Tec 2021\u201d. Los alumnos analizaron el modelo de negocio de la aerol\u00ednea y desarrollaron propuestas innovadoras para hacer frente al panorama actual.<\/p>\n<p>Participaron 130 equipos a nivel nacional \u2013v\u00eda <em>online<\/em>\u2014, de los cuales cinco llegaron a la final y presentaron sus propuestas y recibieron retroalimentaci\u00f3n de ejecutivos de Aerom\u00e9xico. El equipo conformado por alumnos del Campus Saltillo fue el ganador de esta edici\u00f3n.<\/p>\n<p><strong>Mar\u00eda Elena V\u00e1zquez Lira<\/strong>, decana nacional de la Escuela de Negocios del Tecnol\u00f3gico de Monterrey, dijo: \u201cuna de las principales ofertas de valor para los alumnos de Negocios en el Tec de Monterrey es el contacto directo con empresas l\u00edderes dentro y fuera de nuestro pa\u00eds. Con esta alianza, fortalecemos nuestro compromiso de desarrollar en nuestros alumnos las competencias necesarias para hacer frente a los retos actuales y futuros, al tiempo que ponemos el talento de nuestros estudiantes y profesores al servicio de esta compa\u00f1\u00eda emblema en nuestro pa\u00eds.\u201d, afirm\u00f3<\/p>\n<p>Por su parte, <strong>Ang\u00e9lica Garza<\/strong>, vicepresidente ejecutivo de Recursos Humanos se\u00f1al\u00f3: \u201cImpulsar el talento de las nuevas generaciones es esencial para continuar desarrollando a los l\u00edderes del futuro. En Aerom\u00e9xico estamos orgullosos de ser Socio Formador del Tec de Monterrey, pues iniciativas como esta contribuyen a la formaci\u00f3n profesional de los alumnos y son muy enriquecedoras para nuestra compa\u00f1\u00eda\u201d.<\/p>\n<p>Con este reto, se fortalecen sus lazos para seguir promoviendo el talento joven y la educaci\u00f3n en M\u00e9xico.<strong>\u00a0<\/strong><\/p>\n<p>\u2730\u2730\u2730\u2730\u2730 Por orden de la jefa de gobierno de la Ciudad de M\u00e9xico, <strong>Claudia Sheinbaum<\/strong>,<strong> Paola F\u00e9lix D\u00edaz<\/strong>, es la nueva titular de la Secretar\u00eda de Turismo capitalina y, <strong>Carlos Mackinlay, <\/strong>ex secretario del ramo, ser\u00e1 asesor del Instituto de Planeaci\u00f3n Democr\u00e1tica y Prospectiva de la capital con el objetivo de reforzarlo.<\/p>\n<p>Cabe recordar, que <strong>F\u00e9lix D\u00edaz<\/strong> fue integrante del <em>Reality Show<\/em> \u201cLa Academia\u201d, en 2010, en el programa TV Azteca. Su nombre art\u00edstico durante su paso por el concurso fue <strong>Lara Paola Bustamante F\u00e9lix D\u00edaz<\/strong>. En ese momento<strong>, <\/strong>asegur\u00f3 que su tatarabuelo, el expresidente <strong>Porfirio D\u00edaz<\/strong>, \u201cse le apareci\u00f3 en un sue\u00f1o para decirle que su misi\u00f3n en la vida era ser participante del programa de canto\u201d, que por cierto, no la llev\u00f3 a ning\u00fan lado.<\/p>\n<p>M\u00e1s tarde se incorpor\u00f3 al Partido Verde Ecologista (PVEM), del que fue diputada de 2015 a 2018. Secretaria de las comisiones Contra la trata de personas y Defensa Nacional, as\u00ed como integrante de las comisiones de Atenci\u00f3n a Grupos Vulnerables, de Seguridad P\u00fablica y de la Ciudad de M\u00e9xico, cargos que la acercaron a la actual jefa de Gobierno. A ra\u00edz de ello, se uni\u00f3 a Morena.<\/p>\n<p>Con <strong>Claudia Sheinbaum<\/strong>, fue candidata a alcaldesa de Cuajimalpa de Morelos por la coalici\u00f3n Juntos Haremos Historia, pero no consigui\u00f3 el cargo y fue entonces que la jefa de gobierno la nombr\u00f3 directora general del Fondo Mixto de Promoci\u00f3n Tur\u00edstica de la Ciudad de M\u00e9xico.<\/p>\n<p><strong>Paola F\u00e9lix D\u00edaz<\/strong> ha destacado por anunciar su inclusi\u00f3n entre un grupo de legisladoras como \u2018embajadora\u2019 de la pel\u00edcula \u201cInesperado\u201d, producida por el actor mexicano <strong>Eduardo Ver\u00e1stegui<\/strong>, que tiene como fin oponerse al aborto.<\/p>\n<p>Participa en programas de <strong>Eduardo Ruiz Healy<\/strong>, <strong>Adela Micha<\/strong> y el peri\u00f3dico El Universal, sin hablar de su trabajo en el sector tur\u00edstico.<\/p>\n<p>Fue protagonista <em>Treding Topic<\/em> en redes sociales al inicio de este a\u00f1o, por realizar su boda durante la pandemia \u2013en sem\u00e1foro rojo\u2014 cuando hab\u00eda restricciones para reuniones en espacios p\u00fablicos.<\/p>\n<p>&nbsp;<\/p>\n<blockquote>\n<p style=\"text-align: right;\">\u201c<strong>El<\/strong> <strong>\u00e1ngel de la fama tiene sus alas hechas de papel&#8230; peri\u00f3dico\u201d.<br \/>\n<\/strong><\/p>\n<\/blockquote>\n<p>&nbsp;<\/p>\n<p><em><span class=\"Apple-converted-space\"><a href=\"mailto:victoriagprado@gmail.com\" target=\"_blank\" rel=\"noopener noreferrer\">victoriagprado@gmail.com<\/a><br \/>\nTwitter: <a href=\"https:\/\/twitter.com\/victoriagprado\" target=\"_blank\" rel=\"noopener noreferrer\">@victoriagprado<\/a><\/span><\/em><\/p>\n","protected":false},"excerpt":{"rendered":"<p><em>Club Med Magna Marbella<\/em>, en M\u00e1laga, Espa\u00f1a abrir\u00e1 sus puertas el pr\u00f3ximo a\u00f1o. La cadena especializada en hoteles de lujo todo incluido que pertenece al grupo chino Fosun, regresar\u00e1  a Espa\u00f1a luego de numerosos retrasos.<\/p>\n","protected":false},"author":3,"featured_media":521391,"comment_status":"open","ping_status":"open","sticky":false,"template":"","format":"standard","meta":{"_monsterinsights_skip_tracking":false,"_monsterinsights_sitenote_active":false,"_monsterinsights_sitenote_note":"","_monsterinsights_sitenote_category":0,"footnotes":""},"categories":[11],"tags":[107,43674,106],"class_list":["post-521318","post","type-post","status-publish","format-standard","has-post-thumbnail","hentry","category-turismo","tag-de-cinco-estrellas","tag-opinion","tag-victoria-gonzalez-prado"],"_links":{"self":[{"href":"https:\/\/www.diarioimagen.net\/index.php?rest_route=\/wp\/v2\/posts\/521318","targetHints":{"allow":["GET"]}}],"collection":[{"href":"https:\/\/www.diarioimagen.net\/index.php?rest_route=\/wp\/v2\/posts"}],"about":[{"href":"https:\/\/www.diarioimagen.net\/index.php?rest_route=\/wp\/v2\/types\/post"}],"author":[{"embeddable":true,"href":"https:\/\/www.diarioimagen.net\/index.php?rest_route=\/wp\/v2\/users\/3"}],"replies":[{"embeddable":true,"href":"https:\/\/www.diarioimagen.net\/index.php?rest_route=%2Fwp%2Fv2%2Fcomments&post=521318"}],"version-history":[{"count":0,"href":"https:\/\/www.diarioimagen.net\/index.php?rest_route=\/wp\/v2\/posts\/521318\/revisions"}],"wp:featuredmedia":[{"embeddable":true,"href":"https:\/\/www.diarioimagen.net\/index.php?rest_route=\/wp\/v2\/media\/521391"}],"wp:attachment":[{"href":"https:\/\/www.diarioimagen.net\/index.php?rest_route=%2Fwp%2Fv2%2Fmedia&parent=521318"}],"wp:term":[{"taxonomy":"category","embeddable":true,"href":"https:\/\/www.diarioimagen.net\/index.php?rest_route=%2Fwp%2Fv2%2Fcategories&post=521318"},{"taxonomy":"post_tag","embeddable":true,"href":"https:\/\/www.diarioimagen.net\/index.php?rest_route=%2Fwp%2Fv2%2Ftags&post=521318"}],"curies":[{"name":"wp","href":"https:\/\/api.w.org\/{rel}","templated":true}]}}